{"id":92,"date":"2024-03-17T13:47:00","date_gmt":"2024-03-17T18:47:00","guid":{"rendered":"https:\/\/publicaciones-pmv.co\/?p=92"},"modified":"2025-09-19T13:54:43","modified_gmt":"2025-09-19T18:54:43","slug":"seguimiento-al-cumplimiento-del-pnd","status":"publish","type":"post","link":"https:\/\/publicaciones-pmv.co\/index.php\/2024\/03\/17\/seguimiento-al-cumplimiento-del-pnd\/","title":{"rendered":"Seguimiento al Cumplimiento del PND"},"content":{"rendered":"\n<p>El&nbsp;Plan&nbsp;Nacional de&nbsp;Desarrollo&nbsp;(PND), hoja de ruta con la que el gobierno Petro est\u00e1&nbsp;dirigiendo sus pol\u00edticas p\u00fablicas, fue construido el a\u00f1o pasado con ideas dadas por las comunidades en los di\u00e1logos regionales vinculantes.<\/p>\n\n\n\n<p>Seg\u00fan el&nbsp;Senador&nbsp;Carlos Alberto Benavides&nbsp;de la coalici\u00f3n Pacto Hist\u00f3rico.&nbsp;\u201cEsos di\u00e1logos vinculantes fueron justamente la base de la propuesta de nuestro plan de desarrollo,&nbsp;all\u00ed est\u00e1n las consideraciones generales que le permitieron al plan de desarrollo estructurarse, recogiendo estas necesidades, estos intereses, estos deseos de las distintas regiones de Colombia\u201d.<\/p>\n\n\n\n<p>Muchas de las ideas que aportaron las comunidades quedaron incluidas en el programa de gobierno, en proyectos espec\u00edficos para las regiones. Por lo\u00a0que, desde el\u00a0Centro de\u00a0Investigaciones\u00a0Legislativas del\u00a0Congreso\u00a0(CAEL), la academia y varios senadores, har\u00e1n seguimiento para que lo planteado desde los territorios, se cumpla.<\/p>\n\n\n\n<p>\u201cVamos a iniciar en la\u00a0Comisi\u00f3n\u00a0Tercera del\u00a0Senado de la Rep\u00fablica, una evaluaci\u00f3n de su ejecuci\u00f3n en el cumplimiento de sus metas porcentuales, deber\u00edan verse reflejados en que esos presupuestos, est\u00e9n impactando precisamente a los sectores que fueron priorizado en las mesas respectivas\u201d, expuso el\u00a0Senador\u00a0Carlos Julio Gonz\u00e1lez, del\u00a0Partido Cambio Radical.<\/p>\n\n\n\n<p>\u201cUn compromiso del gobierno de haber ido a poner la cara, de haber ido a comprometerse, entonces uno de alguna manera puede exigir ese cumplimiento, por qu\u00e9 se hizo de cara a la regi\u00f3n\u201d,\u00a0agreg\u00f3 Julio C\u00e9sar Estrada, Senador\u00a0de la coalici\u00f3n Pacto Hist\u00f3rico<\/p>\n\n\n\n<p>En un encuentro adelantado en el&nbsp;Senado, la academia y el legislativo,&nbsp;qued\u00f3 planteada la importancia de que el seguimiento a las metas planteadas en el Plan Nacional de Desarrollo (PND), se haga de manera continua.&nbsp;<\/p>\n\n\n\n<p>Fuente: Noticiero del Senado.<\/p>\n\n\n\n<p><\/p>\n","protected":false},"excerpt":{"rendered":"<p>En un encuentro adelantado en el\u00a0Senado, la academia y el legislativo,\u00a0qued\u00f3 planteada la importancia de que el seguimiento a las metas planteadas en el Plan Nacional de Desarrollo (PND), se haga de manera continua.\u00a0<\/p>\n","protected":false},"author":2,"featured_media":93,"comment_status":"open","ping_status":"closed","sticky":false,"template":"","format":"standard","meta":{"footnotes":""},"categories":[1],"tags":[4,3,5],"class_list":["post-92","post","type-post","status-publish","format-standard","has-post-thumbnail","hentry","category-uncategorized","tag-pmv","tag-pnd","tag-publicaciones-pmv"],"_links":{"self":[{"href":"https:\/\/publicaciones-pmv.co\/index.php\/wp-json\/wp\/v2\/posts\/92","targetHints":{"allow":["GET"]}}],"collection":[{"href":"https:\/\/publicaciones-pmv.co\/index.php\/wp-json\/wp\/v2\/posts"}],"about":[{"href":"https:\/\/publicaciones-pmv.co\/index.php\/wp-json\/wp\/v2\/types\/post"}],"author":[{"embeddable":true,"href":"https:\/\/publicaciones-pmv.co\/index.php\/wp-json\/wp\/v2\/users\/2"}],"replies":[{"embeddable":true,"href":"https:\/\/publicaciones-pmv.co\/index.php\/wp-json\/wp\/v2\/comments?post=92"}],"version-history":[{"count":1,"href":"https:\/\/publicaciones-pmv.co\/index.php\/wp-json\/wp\/v2\/posts\/92\/revisions"}],"predecessor-version":[{"id":94,"href":"https:\/\/publicaciones-pmv.co\/index.php\/wp-json\/wp\/v2\/posts\/92\/revisions\/94"}],"wp:featuredmedia":[{"embeddable":true,"href":"https:\/\/publicaciones-pmv.co\/index.php\/wp-json\/wp\/v2\/media\/93"}],"wp:attachment":[{"href":"https:\/\/publicaciones-pmv.co\/index.php\/wp-json\/wp\/v2\/media?parent=92"}],"wp:term":[{"taxonomy":"category","embeddable":true,"href":"https:\/\/publicaciones-pmv.co\/index.php\/wp-json\/wp\/v2\/categories?post=92"},{"taxonomy":"post_tag","embeddable":true,"href":"https:\/\/publicaciones-pmv.co\/index.php\/wp-json\/wp\/v2\/tags?post=92"}],"curies":[{"name":"wp","href":"https:\/\/api.w.org\/{rel}","templated":true}]}}