{"id":88,"date":"2024-12-11T13:46:00","date_gmt":"2024-12-11T18:46:00","guid":{"rendered":"https:\/\/publicaciones-pmv.co\/?p=88"},"modified":"2025-09-19T13:46:39","modified_gmt":"2025-09-19T18:46:39","slug":"presentan-el-primer-informe-de-seguimiento-al-plan-nacional-de-desarrollo-2022-2026","status":"publish","type":"post","link":"https:\/\/publicaciones-pmv.co\/index.php\/2024\/12\/11\/presentan-el-primer-informe-de-seguimiento-al-plan-nacional-de-desarrollo-2022-2026\/","title":{"rendered":"Presentan el Primer Informe de Seguimiento al Plan Nacional de Desarrollo 2022-2026"},"content":{"rendered":"\n<p>El&nbsp;<strong>Consejo Nacional de Planeaci\u00f3n (CNP),<\/strong>&nbsp;como instancia de la&nbsp;<strong>planeaci\u00f3n participativa en Colombia<\/strong>, entreg\u00f3 a la opini\u00f3n p\u00fablica y al Gobierno nacional el primer informe de seguimiento del&nbsp;<strong>Plan Nacional de Desarrollo (PND) 2022-2026<\/strong>, \u00abColombia potencia mundial de la vida\u00bb.&nbsp;<\/p>\n\n\n\n<p>El informe se estructur\u00f3 en dos partes. La primera parte del an\u00e1lisis abarca transformaciones como el ordenamiento del territorio alrededor del agua, seguridad humana y justicia social, el derecho humano a la alimentaci\u00f3n, transformaci\u00f3n productiva, y convergencia regional. La segunda parte aborda los ejes de paz total, estabilidad macroecon\u00f3mica y actores diferenciales para el cambio.<\/p>\n\n\n\n<p>Este an\u00e1lisis cubre el per\u00edodo comprendido entre mayo de 2023 y mayo de 2024 y se construy\u00f3 con base en visitas a todas las regiones del pa\u00eds, para recoger una diversidad de voces sobre los avances del plan, una estrategia que el Consejo Nacional de Planeaci\u00f3n llam\u00f3 \u201cLas Regiones Hablan\u00bb. Adicionalmente, cada uno de los sectores que integran el CNP realiz\u00f3 sus respectivos aportes y as\u00ed se logr\u00f3 condensar una mirada diversa y heterog\u00e9nea sobre los avances, pendientes y alertas de la implementaci\u00f3n de la hoja de ruta del Gobierno Nacional.<\/p>\n\n\n\n<p><em>Estos son los principales hallazgos del documento de seguimiento al Plan Nacional de Desarrollo<\/em><\/p>\n\n\n\n<p><strong>1. Ordenamiento del Territorio alrededor del agua y Justicia Ambiental<\/strong><strong>&nbsp;<\/strong><\/p>\n\n\n\n<p>El Consejo Nacional de Planeaci\u00f3n (CNP) destac\u00f3 avances del 31 % en la implementaci\u00f3n de acuerdos territoriales para ordenar los territorios alrededor del agua. Estos logros, orientados a la sostenibilidad y protecci\u00f3n de la biodiversidad, a\u00fan requieren un mayor liderazgo del Ministerio de Ambiente para convertirlos en acciones concretas. No obstante, preocupa el estancamiento del indicador de hect\u00e1reas entregadas mediante el Fondo de Tierras, con una meta de 3 millones no alcanzada, reflejando deficiencias en la gesti\u00f3n de la Agencia Nacional de Tierras. Adem\u00e1s, sectores como el afrocolombiano instan a culminar la consulta previa sobre el catastro multiprop\u00f3sito y fortalecer capacidades comunitarias para mejorar la reforma agraria y la socializaci\u00f3n de sus impactos en la actualizaci\u00f3n catastral.<\/p>\n\n\n\n<p><strong>2. Seguridad Humana y Justicia Social<\/strong><\/p>\n\n\n\n<p>El documento advierte sobre el lento avance del indicador \u00abHogares con acompa\u00f1amiento familiar y comunitario para la superaci\u00f3n de la pobreza extrema,\u00bb con un cumplimiento de solo el 3,75 % de su meta. Las barreras administrativas y operativas est\u00e1n afectando la eficacia de las transferencias monetarias. En tanto, el sector econ\u00f3mico enfatiz\u00f3 la necesidad de expandir la inclusi\u00f3n financiera y revisar la formalizaci\u00f3n laboral, que persiste como un desaf\u00edo estructural. Por su parte, el sector educativo subray\u00f3 la importancia de asegurar una educaci\u00f3n superior accesible en territorios apartados. Se insisti\u00f3 tambi\u00e9n en la urgencia de combatir la violencia y mejorar la conectividad digital en zonas como Choc\u00f3 y Amazonas, elementos clave para el desarrollo integral de las comunidades.<\/p>\n\n\n\n<p><strong>3. Derecho Humano a la Alimentaci\u00f3n<\/strong><\/p>\n\n\n\n<p>El Consejo Nacional de Planeaci\u00f3n (CNP) y el sector educativo y cultural advirtieron sobre deficiencias en la gesti\u00f3n del Programa de Alimentaci\u00f3n Escolar (PAE), que han afectado la seguridad alimentaria de estudiantes en departamentos como Amazonas, Cauca y La Guajira. Aunque se ha logrado un 83,54 % de cobertura, se subray\u00f3 la necesidad de una mayor participaci\u00f3n comunitaria y un control social m\u00e1s fuerte para garantizar transparencia. La situaci\u00f3n en territorios como Choc\u00f3, que sufren inseguridad alimentaria infantil, requiere atenci\u00f3n urgente. Adem\u00e1s, se pidi\u00f3 apoyar a los campesinos con formaci\u00f3n, est\u00edmulos y mejor infraestructura vial para impulsar el desarrollo agropecuario en regiones clave.<\/p>\n\n\n\n<p><strong>4. Transformaci\u00f3n Productiva e Internacionalizaci\u00f3n<\/strong><\/p>\n\n\n\n<p>El sector ecol\u00f3gico destac\u00f3 el lento avance del 6 % en la restauraci\u00f3n de ecosistemas degradados, urgi\u00f3 intensificar las intervenciones y pidi\u00f3 una estrategia m\u00e1s agresiva y coordinada a pesar de la reactivaci\u00f3n de la Mesa Nacional de Restauraci\u00f3n. El sector econ\u00f3mico se\u00f1al\u00f3 que, aunque el indicador de empresas beneficiadas para la transformaci\u00f3n digital muestra un avance del 35,73 %, se debe mejorar la difusi\u00f3n de convocatorias del MinTIC y ofrecer acompa\u00f1amiento t\u00e9cnico a las empresas para potenciar su competitividad y acceso a mercados globales. Consejeros territoriales subrayaron como logros clave la transici\u00f3n energ\u00e9tica y la promoci\u00f3n de exportaciones no minero-energ\u00e9ticas, y enfatizaron la necesidad de fortalecer la integraci\u00f3n comunitaria y mejorar la conectividad digital y f\u00edsica. En este contexto, el Pac\u00edfico colombiano apuesta por proyectos estrat\u00e9gicos como el tren interoce\u00e1nico para impulsar el desarrollo regional.<\/p>\n\n\n\n<p><strong>5. Convergencia Regional<\/strong><\/p>\n\n\n\n<p>En el Choc\u00f3, las comunidades resaltan las dificultades derivadas de la falta de v\u00edas terrestres en \u00e1reas rurales y perif\u00e9ricas, lo que encarece tanto los costos log\u00edsticos empresariales como el costo de vida, subrayando la necesidad de profundizar la descentralizaci\u00f3n.<\/p>\n\n\n\n<p><strong>Alertas del CNP<\/strong><\/p>\n\n\n\n<p>1.&nbsp;&nbsp;&nbsp;&nbsp;&nbsp;<strong>Paz total:<\/strong>&nbsp;Este ha sido uno de los temas m\u00e1s importantes del Gobierno del presidente Gustavo Petro, sin embargo, solo se ha alcanzado un 13 % en la ejecuci\u00f3n de los 15 proyectos propuestos. Por ello, el sector social reconoce la necesidad de priorizar estos proyectos para lograr un impacto significativo en la construcci\u00f3n de paz. Adicionalmente; Inseguridad y pocas garant\u00edas frente al control de los grupos armados delictivos y una paz total e integral temporalmente fallida.<\/p>\n\n\n\n<p>2.&nbsp;&nbsp;&nbsp;&nbsp;&nbsp;<strong>Econom\u00eda:<\/strong>&nbsp;Los miembros del sector econ\u00f3mico del CNP resaltan la importancia de reconocer los desaf\u00edos que se presentan en el \u00e1mbito internacional, los cuales est\u00e1n relacionados con un bajo crecimiento econ\u00f3mico y la inestabilidad de mercados burs\u00e1tiles. En el contexto nacional es importante la atenci\u00f3n de diferentes situaciones como las altas tasas de inter\u00e9s y los efectos de la reforma tributaria del a\u00f1o 2022. Ante esto, se hace un llamado a priorizar las acciones que aplaquen la incertidumbre e inseguridad.<\/p>\n\n\n\n<p>3.&nbsp;&nbsp;&nbsp;&nbsp;&nbsp;<strong>Baja ejecuci\u00f3n presupuestal&nbsp;<\/strong>afectando el avance de las metas establecidas en varios de los indicadores.<\/p>\n\n\n\n<p>4.&nbsp;&nbsp;&nbsp;&nbsp;<strong>&nbsp;Altas tasas de informalidad&nbsp;<\/strong>que persisten a pesar de ser una de las banderas de este plan.<\/p>\n\n\n\n<p>5.&nbsp;&nbsp;&nbsp;&nbsp;&nbsp;<strong>Percepci\u00f3n de poca descentralizaci\u00f3n<\/strong>, lo que ha afectado los procesos en los territorios.<\/p>\n\n\n\n<p>6.&nbsp;&nbsp;&nbsp;&nbsp;&nbsp;<strong>Falta de informaci\u00f3n<\/strong>&nbsp;clara sobre el avance de los indicadores del PND en la propia informaci\u00f3n del Gobierno Nacional (A trav\u00e9s del Departamento Nacional de Planeaci\u00f3n \u2013 Sinergia-).<\/p>\n\n\n\n<p>7.&nbsp;&nbsp;&nbsp;<strong>&nbsp; Ausencia de rendici\u00f3n de cuentas frente al PND&nbsp;<\/strong>y los proyectos gubernamentales en los territorios. Los habitantes de \u200blas regiones esperaban que la iniciativa de los Di\u00e1logos Regionales Vinculantes perdurara, m\u00e1s all\u00e1 de la construcci\u00f3n del Plan Nacional de Desarrollo.<\/p>\n\n\n\n<p>8.&nbsp;&nbsp;&nbsp;&nbsp;&nbsp;<strong>Problemas de conectividad vial y digital<\/strong>&nbsp;que persisten en el pa\u00eds. Esto atrasa el desarrollo de las regiones, de la econom\u00eda y del bienestar sobre todo para las personas en las regiones.<\/p>\n\n\n\n<div style=\"height:100px\" aria-hidden=\"true\" class=\"wp-block-spacer\"><\/div>\n\n\n\n<p><strong>Conclusi\u00f3n<\/strong><\/p>\n\n\n\n<p>El primer informe de seguimiento al Plan Nacional de Desarrollo 2022\u20132026, presentado por el Consejo Nacional de Planeaci\u00f3n, evidencia avances significativos en \u00e1reas clave como el ordenamiento territorial, la transformaci\u00f3n productiva y la cobertura alimentaria escolar. Sin embargo, tambi\u00e9n revela desaf\u00edos estructurales que limitan el impacto del plan en los territorios, como la baja ejecuci\u00f3n presupuestal, la persistencia de la informalidad laboral, la d\u00e9bil descentralizaci\u00f3n y los problemas de conectividad vial y digital.<\/p>\n\n\n\n<p>La estrategia \u201cLas Regiones Hablan\u201d permiti\u00f3 recoger una mirada plural y territorial sobre la implementaci\u00f3n del PND, destacando tanto logros como alertas cr\u00edticas en temas como paz total, justicia social y sostenibilidad. El informe subraya la necesidad de fortalecer la articulaci\u00f3n institucional, garantizar la rendici\u00f3n de cuentas y acelerar la ejecuci\u00f3n de proyectos estrat\u00e9gicos para que Colombia avance con mayor cohesi\u00f3n hacia su prop\u00f3sito de convertirse en una potencia mundial de la vida.<\/p>\n\n\n\n<p><\/p>\n","protected":false},"excerpt":{"rendered":"<p>El&nbsp;Consejo Nacional de Planeaci\u00f3n (CNP),&nbsp;como instancia de la&nbsp;planeaci\u00f3n participativa en<\/p>\n","protected":false},"author":2,"featured_media":89,"comment_status":"open","ping_status":"closed","sticky":false,"template":"","format":"standard","meta":{"footnotes":""},"categories":[1],"tags":[],"class_list":["post-88","post","type-post","status-publish","format-standard","has-post-thumbnail","hentry","category-uncategorized"],"_links":{"self":[{"href":"https:\/\/publicaciones-pmv.co\/index.php\/wp-json\/wp\/v2\/posts\/88","targetHints":{"allow":["GET"]}}],"collection":[{"href":"https:\/\/publicaciones-pmv.co\/index.php\/wp-json\/wp\/v2\/posts"}],"about":[{"href":"https:\/\/publicaciones-pmv.co\/index.php\/wp-json\/wp\/v2\/types\/post"}],"author":[{"embeddable":true,"href":"https:\/\/publicaciones-pmv.co\/index.php\/wp-json\/wp\/v2\/users\/2"}],"replies":[{"embeddable":true,"href":"https:\/\/publicaciones-pmv.co\/index.php\/wp-json\/wp\/v2\/comments?post=88"}],"version-history":[{"count":1,"href":"https:\/\/publicaciones-pmv.co\/index.php\/wp-json\/wp\/v2\/posts\/88\/revisions"}],"predecessor-version":[{"id":90,"href":"https:\/\/publicaciones-pmv.co\/index.php\/wp-json\/wp\/v2\/posts\/88\/revisions\/90"}],"wp:featuredmedia":[{"embeddable":true,"href":"https:\/\/publicaciones-pmv.co\/index.php\/wp-json\/wp\/v2\/media\/89"}],"wp:attachment":[{"href":"https:\/\/publicaciones-pmv.co\/index.php\/wp-json\/wp\/v2\/media?parent=88"}],"wp:term":[{"taxonomy":"category","embeddable":true,"href":"https:\/\/publicaciones-pmv.co\/index.php\/wp-json\/wp\/v2\/categories?post=88"},{"taxonomy":"post_tag","embeddable":true,"href":"https:\/\/publicaciones-pmv.co\/index.php\/wp-json\/wp\/v2\/tags?post=88"}],"curies":[{"name":"wp","href":"https:\/\/api.w.org\/{rel}","templated":true}]}}