{"id":73,"date":"2025-09-01T12:07:28","date_gmt":"2025-09-01T17:07:28","guid":{"rendered":"https:\/\/publicaciones-pmv.co\/?p=73"},"modified":"2025-09-19T12:07:46","modified_gmt":"2025-09-19T17:07:46","slug":"colombia-alcanza-la-tasa-de-desempleo-mas-baja-del-siglo","status":"publish","type":"post","link":"https:\/\/publicaciones-pmv.co\/index.php\/2025\/09\/01\/colombia-alcanza-la-tasa-de-desempleo-mas-baja-del-siglo\/","title":{"rendered":"Colombia alcanza la tasa de desempleo m\u00e1s baja del siglo"},"content":{"rendered":"\n<p>Colombia registr\u00f3 en julio su tasa de desempleo m\u00e1s baja del presente siglo, con un 8,8 % de la poblaci\u00f3n activa sin empleo.<strong>&nbsp;Esta cifra contrast\u00f3 significativamente con el 9,9 % del mismo mes del a\u00f1o anterior, marcando una reducci\u00f3n de 1,1 puntos porcentuales,<\/strong>&nbsp;equivalente a aproximadamente 230.000 personas recuperando empleo.<\/p>\n\n\n\n<figure class=\"wp-block-image size-full\"><img loading=\"lazy\" decoding=\"async\" width=\"800\" height=\"600\" src=\"https:\/\/publicaciones-pmv.co\/wp-content\/uploads\/2025\/09\/image.jpeg\" alt=\"\" class=\"wp-image-74\" srcset=\"https:\/\/publicaciones-pmv.co\/wp-content\/uploads\/2025\/09\/image.jpeg 800w, https:\/\/publicaciones-pmv.co\/wp-content\/uploads\/2025\/09\/image-300x225.jpeg 300w, https:\/\/publicaciones-pmv.co\/wp-content\/uploads\/2025\/09\/image-768x576.jpeg 768w\" sizes=\"auto, (max-width: 800px) 100vw, 800px\" \/><\/figure>\n\n\n\n<p><strong>En abril, la tasa tambi\u00e9n alcanz\u00f3 ese 8,8 %, una cifra que represent\u00f3 el promedio m\u00e1s bajo en diez a\u00f1os<\/strong>&nbsp;y evidenci\u00f3 el impacto positivo de la reforma laboral impulsada por el gobierno actual. Asimismo, el panorama ya mostraba signos alentadores en marzo, con una tasa de 9,6 %, el nivel m\u00e1s bajo para ese mes desde 2017.<\/p>\n\n\n\n<p><strong>Un an\u00e1lisis de la evoluci\u00f3n reciente muestra que en mayo la tasa fue del 9,0 %, inferior al 10,3 % de hace un a\u00f1o y el nivel m\u00e1s bajo en ese mes desde al menos 2001.&nbsp;<\/strong>En comparaci\u00f3n, al cierre de 2024 el desempleo se situ\u00f3 en 10,2 %, lo que indica una mejor\u00eda sostenida en lo que va corrido del a\u00f1o.<\/p>\n\n\n\n<p><strong>Comparativo con gobiernos anteriores<\/strong><\/p>\n\n\n\n<ul class=\"wp-block-list\">\n<li>A finales de 2021, despu\u00e9s de la pandemia, la tasa se ubic\u00f3 en niveles cercanos al 14 %, y en 2022 fue del 10,55 %.<\/li>\n\n\n\n<li>Para el cierre de 2023 y 2024, las cifras fueron 9,59 % y 9,61 % respectivamente, niveles elevados en comparaci\u00f3n con los ya logrados en 2025.<\/li>\n\n\n\n<li>Durante gobiernos anteriores, las tasas oscilaban entre el 10 % y el 14 %, con picos mayores en la crisis econ\u00f3mica del 2020\u20132021.<\/li>\n<\/ul>\n\n\n\n<h2 class=\"wp-block-heading\">Colombia y la empleabilidad: evaluaci\u00f3n del logro actual<\/h2>\n\n\n\n<p><strong>Este descenso en el desempleo coincide con la implementaci\u00f3n de la reforma laboral, celebrada como un triunfo pol\u00edtico y econ\u00f3mico.&nbsp;<\/strong>No obstante, expertos subrayan que el 74 % de los nuevos empleos corresponde a trabajo informal o por cuenta propia, situaci\u00f3n que limita el alcance del logro en t\u00e9rminos de seguridad laboral y protecci\u00f3n social. La informalidad laboral sigue siendo alta, afectando a m\u00e1s de la mitad de la poblaci\u00f3n ocupada.<\/p>\n\n\n\n<p>Este gobierno ha logrado un r\u00e9cord en desempleo, con la tasa m\u00e1s baja vista en a\u00f1os recientes. Aunque se trata de una noticia positiva, el desaf\u00edo persiste:<strong>&nbsp;mejorar la calidad del empleo, reducir la informalidad y avanzar hacia una protecci\u00f3n social efectiva para todos los trabajadores,<\/strong>&nbsp;especialmente los j\u00f3venes.<\/p>\n\n\n\n<div style=\"height:100px\" aria-hidden=\"true\" class=\"wp-block-spacer\"><\/div>\n\n\n\n<p>Fuente: Se\u00f1al Colombia<\/p>\n\n\n\n<p><\/p>\n","protected":false},"excerpt":{"rendered":"<p>Este gobierno ha logrado un r\u00e9cord en desempleo, con la tasa m\u00e1s baja vista en a\u00f1os recientes.<\/p>\n","protected":false},"author":2,"featured_media":74,"comment_status":"open","ping_status":"closed","sticky":false,"template":"","format":"standard","meta":{"footnotes":""},"categories":[1],"tags":[],"class_list":["post-73","post","type-post","status-publish","format-standard","has-post-thumbnail","hentry","category-uncategorized"],"_links":{"self":[{"href":"https:\/\/publicaciones-pmv.co\/index.php\/wp-json\/wp\/v2\/posts\/73","targetHints":{"allow":["GET"]}}],"collection":[{"href":"https:\/\/publicaciones-pmv.co\/index.php\/wp-json\/wp\/v2\/posts"}],"about":[{"href":"https:\/\/publicaciones-pmv.co\/index.php\/wp-json\/wp\/v2\/types\/post"}],"author":[{"embeddable":true,"href":"https:\/\/publicaciones-pmv.co\/index.php\/wp-json\/wp\/v2\/users\/2"}],"replies":[{"embeddable":true,"href":"https:\/\/publicaciones-pmv.co\/index.php\/wp-json\/wp\/v2\/comments?post=73"}],"version-history":[{"count":1,"href":"https:\/\/publicaciones-pmv.co\/index.php\/wp-json\/wp\/v2\/posts\/73\/revisions"}],"predecessor-version":[{"id":75,"href":"https:\/\/publicaciones-pmv.co\/index.php\/wp-json\/wp\/v2\/posts\/73\/revisions\/75"}],"wp:featuredmedia":[{"embeddable":true,"href":"https:\/\/publicaciones-pmv.co\/index.php\/wp-json\/wp\/v2\/media\/74"}],"wp:attachment":[{"href":"https:\/\/publicaciones-pmv.co\/index.php\/wp-json\/wp\/v2\/media?parent=73"}],"wp:term":[{"taxonomy":"category","embeddable":true,"href":"https:\/\/publicaciones-pmv.co\/index.php\/wp-json\/wp\/v2\/categories?post=73"},{"taxonomy":"post_tag","embeddable":true,"href":"https:\/\/publicaciones-pmv.co\/index.php\/wp-json\/wp\/v2\/tags?post=73"}],"curies":[{"name":"wp","href":"https:\/\/api.w.org\/{rel}","templated":true}]}}