{"id":404,"date":"2025-11-19T12:42:37","date_gmt":"2025-11-19T17:42:37","guid":{"rendered":"https:\/\/publicaciones-pmv.co\/?p=404"},"modified":"2025-11-20T12:46:59","modified_gmt":"2025-11-20T17:46:59","slug":"gobierno-elimina-aranceles-a-insumos-textiles-por-un-ano-en-medio-de-desabastecimiento","status":"publish","type":"post","link":"https:\/\/publicaciones-pmv.co\/index.php\/2025\/11\/19\/gobierno-elimina-aranceles-a-insumos-textiles-por-un-ano-en-medio-de-desabastecimiento\/","title":{"rendered":"Gobierno elimina aranceles a insumos textiles por un a\u00f1o en medio de desabastecimiento"},"content":{"rendered":"\n<p>El Gobierno Nacional anunci\u00f3 una nueva medida arancelaria dirigida al sector textil y de confecciones, con la firma del Decreto 1197 del 14 de noviembre por parte del presidente Gustavo Petro y la ministra de Comercio, Industria y Turismo, Diana Marcela Morales Rojas. La norma establece&nbsp;<strong>arancel cero, por un a\u00f1o, para 10 subpartidas de hilados sint\u00e9ticos y de algod\u00f3n<\/strong>&nbsp;que son insumo fundamental para la industria del Sistema Moda.<\/p>\n\n\n\n<p>Seg\u00fan el Ministerio, la decisi\u00f3n busca atender un desabastecimiento puntual que enfrenta la industria nacional en estas referencias, pese a contar con registro de producci\u00f3n local. El d\u00e9ficit, explican, est\u00e1 asociado a un aumento de la demanda global y a la creciente presi\u00f3n del comercio internacional, donde la entrada masiva de productos finales a bajo costo ha impactado a los fabricantes colombianos.<\/p>\n\n\n\n<p>El alivio arancelario aplicar\u00e1 \u00fanicamente a pa\u00edses que no tengan acuerdos comerciales vigentes con Colombia y, de acuerdo con la cartera de Comercio, busca evitar mayores distorsiones en costos de producci\u00f3n, proteger el empleo y fortalecer la competitividad del sector.<\/p>\n\n\n\n<p>\u201cLa insuficiencia en el suministro de estos insumos, sumada a la competencia internacional, amenaza con aumentar los costos y reducir la producci\u00f3n nacional. Por eso adoptamos esta medida temporal\u201d, se\u00f1al\u00f3 la ministra Morales Rojas.<\/p>\n\n\n\n<p>El Gobierno destaca que el Sistema Moda es uno de los mayores empleadores del pa\u00eds, con cerca de&nbsp;<strong>1,5 millones de puestos directos e indirectos y<\/strong>&nbsp;alrededor de<strong>&nbsp;2,5 millones en toda su cadena ampliada<\/strong>. Adem\u00e1s, la medida favorecer\u00eda a m\u00e1s de 72.000 empresas de confecciones, muchas de ellas vinculadas a la Econom\u00eda Popular.<\/p>\n\n\n\n<p>Entre los efectos esperados se encuentran un desincentivo al contrabando, una mejora en la competitividad frente a plataformas digitales y un aumento en la formalizaci\u00f3n empresarial, lo que podr\u00eda traducirse en mayores ingresos fiscales.<\/p>\n\n\n\n<p>La decisi\u00f3n gener\u00f3 rechazo en parte de las organizaciones sindicales. El Comit\u00e9 Ejecutivo de la&nbsp;<strong>CGT&nbsp;<\/strong>y l\u00edderes del sector textil advirtieron que la reducci\u00f3n arancelaria podr\u00eda agravar la situaci\u00f3n de productores locales.&nbsp;<strong>Luis Rodrigo Carmona, presidente del Sindicato Fabricato<\/strong>, asegur\u00f3 que la medida fortalece a competidores asi\u00e1ticos y representa \u201cuna competencia desleal\u201d para la industria nacional.<\/p>\n\n\n\n<p>Seg\u00fan sus estimaciones, el decreto podr\u00eda derivar en la p\u00e9rdida de&nbsp;<strong>hasta 8.000 empleos directos, 30.000 indirectos<\/strong>&nbsp;y un impacto severo en municipios dependientes de la actividad textil.<\/p>\n\n\n\n<p><\/p>\n","protected":false},"excerpt":{"rendered":"<p>El Decreto 1197 fija arancel cero por un a\u00f1o para 10 subpartidas de hilados, buscando aumentar la competitividad del Sistema Moda y proteger el empleo, mientras sindicatos advierten riesgos para la industria nacional.<\/p>\n","protected":false},"author":2,"featured_media":405,"comment_status":"open","ping_status":"closed","sticky":false,"template":"","format":"standard","meta":{"footnotes":""},"categories":[16],"tags":[15,49,4,3,23,5],"class_list":["post-404","post","type-post","status-publish","format-standard","has-post-thumbnail","hentry","category-noticias","tag-colombia","tag-mincit","tag-pmv","tag-pnd","tag-ppmv","tag-publicaciones-pmv"],"_links":{"self":[{"href":"https:\/\/publicaciones-pmv.co\/index.php\/wp-json\/wp\/v2\/posts\/404","targetHints":{"allow":["GET"]}}],"collection":[{"href":"https:\/\/publicaciones-pmv.co\/index.php\/wp-json\/wp\/v2\/posts"}],"about":[{"href":"https:\/\/publicaciones-pmv.co\/index.php\/wp-json\/wp\/v2\/types\/post"}],"author":[{"embeddable":true,"href":"https:\/\/publicaciones-pmv.co\/index.php\/wp-json\/wp\/v2\/users\/2"}],"replies":[{"embeddable":true,"href":"https:\/\/publicaciones-pmv.co\/index.php\/wp-json\/wp\/v2\/comments?post=404"}],"version-history":[{"count":1,"href":"https:\/\/publicaciones-pmv.co\/index.php\/wp-json\/wp\/v2\/posts\/404\/revisions"}],"predecessor-version":[{"id":406,"href":"https:\/\/publicaciones-pmv.co\/index.php\/wp-json\/wp\/v2\/posts\/404\/revisions\/406"}],"wp:featuredmedia":[{"embeddable":true,"href":"https:\/\/publicaciones-pmv.co\/index.php\/wp-json\/wp\/v2\/media\/405"}],"wp:attachment":[{"href":"https:\/\/publicaciones-pmv.co\/index.php\/wp-json\/wp\/v2\/media?parent=404"}],"wp:term":[{"taxonomy":"category","embeddable":true,"href":"https:\/\/publicaciones-pmv.co\/index.php\/wp-json\/wp\/v2\/categories?post=404"},{"taxonomy":"post_tag","embeddable":true,"href":"https:\/\/publicaciones-pmv.co\/index.php\/wp-json\/wp\/v2\/tags?post=404"}],"curies":[{"name":"wp","href":"https:\/\/api.w.org\/{rel}","templated":true}]}}