{"id":396,"date":"2025-11-12T15:36:29","date_gmt":"2025-11-12T20:36:29","guid":{"rendered":"https:\/\/publicaciones-pmv.co\/?p=396"},"modified":"2025-11-12T15:36:30","modified_gmt":"2025-11-12T20:36:30","slug":"instituto-colombiano-agropecuario-ica-desarrollo-la-jornada-educativa-guardianes-del-campo","status":"publish","type":"post","link":"https:\/\/publicaciones-pmv.co\/index.php\/2025\/11\/12\/instituto-colombiano-agropecuario-ica-desarrollo-la-jornada-educativa-guardianes-del-campo\/","title":{"rendered":"Instituto Colombiano Agropecuario (ICA) desarroll\u00f3 la jornada educativa \u201cGuardianes del campo\u201d"},"content":{"rendered":"\n<p>Con el prop\u00f3sito de fomentar desde la infancia el amor, el respeto y la responsabilidad hacia los animales, el Instituto Colombiano Agropecuario (ICA) desarroll\u00f3 la jornada educativa&nbsp;<em>\u201cGuardianes del campo\u201d<\/em>&nbsp;en el Colegio Mar\u00eda Inmaculada del municipio de Providencia y Santa Catalina.<\/p>\n\n\n\n<p>Durante la actividad, liderada por el equipo de extensi\u00f3n zoosanitaria del ICA en el departamento, 26 ni\u00f1os participaron en un recorrido guiado por la granja municipal, donde conocieron de cerca los espacios productivos locales: el vivero, el \u00e1rea de lombricompostaje, los cultivos y los corrales con cerdos y caprinos. Esta experiencia permiti\u00f3 a los estudiantes descubrir la importancia del trabajo agropecuario en su territorio y comprender c\u00f3mo el bienestar de los animales est\u00e1 directamente ligado al bienestar de las familias rurales.<\/p>\n\n\n\n<p>Como parte de la jornada, los ni\u00f1os disfrutaron de la proyecci\u00f3n de la pel\u00edcula&nbsp;<em>Ferdinand<\/em>, seleccionada por su mensaje de sensibilidad y respeto hacia los animales. A partir de esta actividad se gener\u00f3 un di\u00e1logo guiado sobre la empat\u00eda, el cuidado y la protecci\u00f3n de todas las especies. Posteriormente, los participantes trabajaron en una cartilla did\u00e1ctica dise\u00f1ada por el personal del ICA, con juegos, dibujos y actividades l\u00fadicas que reforzaron los aprendizajes de manera divertida y participativa.<\/p>\n\n\n\n<p>Nuestro objetivo es que los ni\u00f1os se conviertan en verdaderos guardianes del campo, comprendiendo que los animales sienten, necesitan cuidado y merecen un trato digno. Educar desde edades tempranas es clave para construir una cultura de respeto y sostenibilidad en el sector agropecuario.<\/p>\n\n\n\n<figure class=\"wp-block-image size-full\"><img loading=\"lazy\" decoding=\"async\" width=\"720\" height=\"480\" src=\"https:\/\/publicaciones-pmv.co\/wp-content\/uploads\/2025\/11\/image-7.png\" alt=\"\" class=\"wp-image-398\" srcset=\"https:\/\/publicaciones-pmv.co\/wp-content\/uploads\/2025\/11\/image-7.png 720w, https:\/\/publicaciones-pmv.co\/wp-content\/uploads\/2025\/11\/image-7-300x200.png 300w\" sizes=\"auto, (max-width: 720px) 100vw, 720px\" \/><\/figure>\n\n\n\n<p>El archipi\u00e9lago cuenta actualmente con m\u00e1s de 2.200 animales porcinos, la mayor\u00eda criados en sistemas de peque\u00f1a escala o de traspatio, esenciales para la seguridad alimentaria y el autoabastecimiento de las familias isle\u00f1as. En este contexto, las acciones de educaci\u00f3n y sensibilizaci\u00f3n lideradas por el ICA fortalecen la convivencia arm\u00f3nica entre las comunidades y su entorno natural, promoviendo las cinco libertades del bienestar animal: libre de hambre y sed; libre de incomodidades; libre de dolor, lesiones o enfermedades; libre para expresar su comportamiento natural; y libre de miedo y angustia.<\/p>\n\n\n\n<p>Con iniciativas como \u201cGuardianes del campo\u201d, el ICA reafirma su compromiso con la formaci\u00f3n de nuevas generaciones conscientes, la protecci\u00f3n de la vida animal y el fortalecimiento de una producci\u00f3n agropecuaria con dignidad, sostenible y responsable en todos los territorios del pa\u00eds.<\/p>\n","protected":false},"excerpt":{"rendered":"<p>Con el prop\u00f3sito de fomentar desde la infancia el amor, el respeto y la responsabilidad hacia los animales, el Instituto Colombiano Agropecuario (ICA) desarroll\u00f3 la jornada educativa \u201cGuardianes del campo\u201d en el Colegio Mar\u00eda Inmaculada del municipio de Providencia y Santa Catalina.<\/p>\n","protected":false},"author":2,"featured_media":397,"comment_status":"open","ping_status":"closed","sticky":false,"template":"","format":"standard","meta":{"footnotes":""},"categories":[16],"tags":[15,3,23,5],"class_list":["post-396","post","type-post","status-publish","format-standard","has-post-thumbnail","hentry","category-noticias","tag-colombia","tag-pnd","tag-ppmv","tag-publicaciones-pmv"],"_links":{"self":[{"href":"https:\/\/publicaciones-pmv.co\/index.php\/wp-json\/wp\/v2\/posts\/396","targetHints":{"allow":["GET"]}}],"collection":[{"href":"https:\/\/publicaciones-pmv.co\/index.php\/wp-json\/wp\/v2\/posts"}],"about":[{"href":"https:\/\/publicaciones-pmv.co\/index.php\/wp-json\/wp\/v2\/types\/post"}],"author":[{"embeddable":true,"href":"https:\/\/publicaciones-pmv.co\/index.php\/wp-json\/wp\/v2\/users\/2"}],"replies":[{"embeddable":true,"href":"https:\/\/publicaciones-pmv.co\/index.php\/wp-json\/wp\/v2\/comments?post=396"}],"version-history":[{"count":1,"href":"https:\/\/publicaciones-pmv.co\/index.php\/wp-json\/wp\/v2\/posts\/396\/revisions"}],"predecessor-version":[{"id":399,"href":"https:\/\/publicaciones-pmv.co\/index.php\/wp-json\/wp\/v2\/posts\/396\/revisions\/399"}],"wp:featuredmedia":[{"embeddable":true,"href":"https:\/\/publicaciones-pmv.co\/index.php\/wp-json\/wp\/v2\/media\/397"}],"wp:attachment":[{"href":"https:\/\/publicaciones-pmv.co\/index.php\/wp-json\/wp\/v2\/media?parent=396"}],"wp:term":[{"taxonomy":"category","embeddable":true,"href":"https:\/\/publicaciones-pmv.co\/index.php\/wp-json\/wp\/v2\/categories?post=396"},{"taxonomy":"post_tag","embeddable":true,"href":"https:\/\/publicaciones-pmv.co\/index.php\/wp-json\/wp\/v2\/tags?post=396"}],"curies":[{"name":"wp","href":"https:\/\/api.w.org\/{rel}","templated":true}]}}