{"id":375,"date":"2025-11-06T13:48:22","date_gmt":"2025-11-06T18:48:22","guid":{"rendered":"https:\/\/publicaciones-pmv.co\/?p=375"},"modified":"2025-11-06T13:48:23","modified_gmt":"2025-11-06T18:48:23","slug":"colombia-define-plan-de-accion-para-producir-vacunas-y-medicamentos-con-inversion-de-137-billones","status":"publish","type":"post","link":"https:\/\/publicaciones-pmv.co\/index.php\/2025\/11\/06\/colombia-define-plan-de-accion-para-producir-vacunas-y-medicamentos-con-inversion-de-137-billones\/","title":{"rendered":"Colombia define plan de acci\u00f3n para producir vacunas y medicamentos con inversi\u00f3n de $1,37 billones"},"content":{"rendered":"\n<p>Colombia dio un paso para recuperar la capacidad instalada para\u00a0<strong>la producci\u00f3n de vacunas y medicamentos en el pa\u00eds.<\/strong><\/p>\n\n\n\n<p><strong>El Gobierno Nacional confirm\u00f3 la expedici\u00f3n del Conpes 4170,<\/strong>&nbsp;instrumento que define la hoja de ruta para restablecer las condiciones tecnol\u00f3gicas, cient\u00edficas e industriales necesarias para retomar la fabricaci\u00f3n nacional de biol\u00f3gicos, sueros, tratamientos contra el c\u00e1ncer y otros insumos estrat\u00e9gicos para el sistema de salud.<\/p>\n\n\n\n<p>El documento fue liderado por el Ministerio de Salud y cont\u00f3 con la articulaci\u00f3n de distintas entidades estatales. La apuesta se enmarca en el Plan Nacional de Desarrollo y&nbsp;<strong>se plante\u00f3 como una respuesta estructural a las vulnerabilidades identificadas durante la pandemia de Covid-19<\/strong>, especialmente en materia de dependencia externa para la adquisici\u00f3n de insumos.<\/p>\n\n\n\n<p>Seg\u00fan el Gobierno, l<strong>a estrategia representa una inversi\u00f3n de $1,37 billones, recursos que se ejecutar\u00e1n entre 2026 y 2035.&nbsp;<\/strong>El plan se centra en infraestructura productiva, transferencia tecnol\u00f3gica, desarrollo de capacidades cient\u00edficas y consolidaci\u00f3n de talento especializado. Los objetivos incluyen la creaci\u00f3n y modernizaci\u00f3n de plantas en varias regiones del pa\u00eds, as\u00ed como el fortalecimiento de procesos investigativos y regulatorios.<\/p>\n\n\n\n<p>El ministro de Salud, Guillermo Alfonso Jaramillo, afirm\u00f3 que la hoja de ruta se orienta a garantizar disponibilidad, acceso y capacidad de respuesta frente a emergencias sanitarias. \u201c<em>El Gobierno del Cambio cumple su promesa de devolverle al pa\u00eds la capacidad de producir lo que salva vidas. Hoy comenzamos a escribir una nueva historia para la salud de todos los colombianos<\/em>\u201d, se\u00f1al\u00f3.&nbsp;<\/p>\n\n\n\n<p>El funcionario agreg\u00f3 que la iniciativa busca evitar interrupciones en&nbsp;<strong>el suministro de medicamentos esenciales y reducir tiempos de acceso<\/strong>, principalmente en patolog\u00edas de alto costo<\/p>\n\n\n\n<p><strong>La inversi\u00f3n prevista contempla programas de formaci\u00f3n y especializaci\u00f3n de personal t\u00e9cnico y cient\u00edfico<\/strong>, as\u00ed como alianzas estrat\u00e9gicas para transferencia tecnol\u00f3gica. De igual forma, la pol\u00edtica busca incentivar el desarrollo industrial farmac\u00e9utico con base en biotecnolog\u00eda y promover mecanismos para fortalecer la investigaci\u00f3n p\u00fablica.<\/p>\n\n\n\n<p>El Gobierno proyecta que la implementaci\u00f3n del Conpes disminuya de manera progresiva la dependencia de importaciones de medicamentos y vacunas, lo que permitir\u00eda avanzar en condiciones de autonom\u00eda estrat\u00e9gica.&nbsp;<strong>En el caso de los tratamientos contra el c\u00e1ncer, el documento plantea el fortalecimiento de plataformas productivas que respondan a la demanda interna y prioricen el acceso oportuno.<\/strong><\/p>\n\n\n\n<p>El ministerio destac\u00f3 que los ejes definidos apuntan a consolidar una capacidad de producci\u00f3n p\u00fablica y privada bajo est\u00e1ndares regulatorios internacionales.&nbsp;<strong>El anuncio incluye la intenci\u00f3n de posicionar a Colombia como un actor regional en innovaci\u00f3n y biociencias<\/strong>, con la expectativa de avanzar en procesos de investigaci\u00f3n aplicada y generaci\u00f3n de conocimiento local.<\/p>\n\n\n\n<p>La cartera asegur\u00f3 que la decisi\u00f3n contribuye al derecho fundamental a la salud y se alinea con las metas del Plan Nacional de Desarrollo, en el que se plantea la construcci\u00f3n de un modelo de soberan\u00eda sanitaria.&nbsp;<strong>La pol\u00edtica incorpora criterios de sostenibilidad y desarrollo cient\u00edfico, orientados a acompa\u00f1ar la planificaci\u00f3n productiva a largo plazo.<\/strong><\/p>\n\n\n\n<p>El documento se\u00f1ala que el dise\u00f1o institucional busca capacidad de respuesta frente a crisis sanitarias. Durante la pandemia,&nbsp;<strong>el pa\u00eds enfrent\u00f3 limitaciones para obtener biol\u00f3gicos y suministros estrat\u00e9gicos debido a la concentraci\u00f3n global de producci\u00f3n.<\/strong>&nbsp;En ese contexto, la recuperaci\u00f3n de la capacidad productiva se plantea como una medida de seguridad nacional en el \u00e1mbito de la salud.<\/p>\n\n\n\n<p>Con la aprobaci\u00f3n del Conpes 4170,&nbsp;<strong>el Gobierno espera iniciar la fase de implementaci\u00f3n en 2026<\/strong>, con metas relacionadas con la adecuaci\u00f3n de instalaciones productivas y la consolidaci\u00f3n de alianzas cient\u00edfico-tecnol\u00f3gicas. La hoja de ruta tambi\u00e9n prev\u00e9 seguimiento interinstitucional para garantizar la ejecuci\u00f3n de los recursos previstos hasta 2035.<\/p>\n\n\n\n<p>El Ministerio enfatiz\u00f3 que la pol\u00edtica permitir\u00e1 fortalecer capacidades locales de innovaci\u00f3n y ciencia, as\u00ed como avanzar en autosuficiencia en biol\u00f3gicos y medicamentos considerados prioritarios. \u201c<em>Con esta decisi\u00f3n se garantiza que los colombianos tengan acceso oportuno, a precios justos y con calidad cien por ciento nacional<\/em>\u201d, indic\u00f3 el Gobierno en el anuncio oficial.<\/p>\n\n\n\n<p><\/p>\n","protected":false},"excerpt":{"rendered":"<p>El Gobierno expidi\u00f3 el Conpes 4170 con el que busca recuperar la capacidad en biotecnolog\u00eda y farmac\u00e9uticos.<\/p>\n","protected":false},"author":2,"featured_media":376,"comment_status":"open","ping_status":"closed","sticky":false,"template":"","format":"standard","meta":{"footnotes":""},"categories":[16],"tags":[15,7,4,23,5],"class_list":["post-375","post","type-post","status-publish","format-standard","has-post-thumbnail","hentry","category-noticias","tag-colombia","tag-minsalud","tag-pmv","tag-ppmv","tag-publicaciones-pmv"],"_links":{"self":[{"href":"https:\/\/publicaciones-pmv.co\/index.php\/wp-json\/wp\/v2\/posts\/375","targetHints":{"allow":["GET"]}}],"collection":[{"href":"https:\/\/publicaciones-pmv.co\/index.php\/wp-json\/wp\/v2\/posts"}],"about":[{"href":"https:\/\/publicaciones-pmv.co\/index.php\/wp-json\/wp\/v2\/types\/post"}],"author":[{"embeddable":true,"href":"https:\/\/publicaciones-pmv.co\/index.php\/wp-json\/wp\/v2\/users\/2"}],"replies":[{"embeddable":true,"href":"https:\/\/publicaciones-pmv.co\/index.php\/wp-json\/wp\/v2\/comments?post=375"}],"version-history":[{"count":1,"href":"https:\/\/publicaciones-pmv.co\/index.php\/wp-json\/wp\/v2\/posts\/375\/revisions"}],"predecessor-version":[{"id":377,"href":"https:\/\/publicaciones-pmv.co\/index.php\/wp-json\/wp\/v2\/posts\/375\/revisions\/377"}],"wp:featuredmedia":[{"embeddable":true,"href":"https:\/\/publicaciones-pmv.co\/index.php\/wp-json\/wp\/v2\/media\/376"}],"wp:attachment":[{"href":"https:\/\/publicaciones-pmv.co\/index.php\/wp-json\/wp\/v2\/media?parent=375"}],"wp:term":[{"taxonomy":"category","embeddable":true,"href":"https:\/\/publicaciones-pmv.co\/index.php\/wp-json\/wp\/v2\/categories?post=375"},{"taxonomy":"post_tag","embeddable":true,"href":"https:\/\/publicaciones-pmv.co\/index.php\/wp-json\/wp\/v2\/tags?post=375"}],"curies":[{"name":"wp","href":"https:\/\/api.w.org\/{rel}","templated":true}]}}