{"id":372,"date":"2025-11-05T12:21:02","date_gmt":"2025-11-05T17:21:02","guid":{"rendered":"https:\/\/publicaciones-pmv.co\/?p=372"},"modified":"2025-11-05T12:21:03","modified_gmt":"2025-11-05T17:21:03","slug":"gobierno-petro-le-dio-buenas-noticias-a-los-estudiantes-que-volveran-a-acceder-a-subsidios-a-los-creditos-en-el-icetex-hemos-encontrado-los-recursos","status":"publish","type":"post","link":"https:\/\/publicaciones-pmv.co\/index.php\/2025\/11\/05\/gobierno-petro-le-dio-buenas-noticias-a-los-estudiantes-que-volveran-a-acceder-a-subsidios-a-los-creditos-en-el-icetex-hemos-encontrado-los-recursos\/","title":{"rendered":"Gobierno Petro le dio buenas noticias a los estudiantes que volver\u00e1n a acceder a subsidios a los cr\u00e9ditos en el Icetex: \u201cHemos encontrado los recursos\u201d"},"content":{"rendered":"\n<p>Un anuncio del Ministerio de Educaci\u00f3n ha reavivado la esperanza de miles de estudiantes colombianos que dependen de los cr\u00e9ditos educativos del Icetex.<\/p>\n\n\n\n<p>Tras una mesa t\u00e9cnica con congresistas de diversas bancadas, la cartera liderada por Daniel Rojas Medell\u00edn confirm\u00f3 la reasignaci\u00f3n de $100.000 millones para restablecer el subsidio a la tasa de inter\u00e9s de estos pr\u00e9stamos, una medida que busca aliviar la carga financiera de los usuarios y responder a la crisis que atraviesa la entidad.<\/p>\n\n\n\n<p>El compromiso, que garantiza recursos para la vigencia de 2025 y el inicio de 2026, llega en un momento de alta tensi\u00f3n social y pol\u00edtica, con el futuro del Icetex y el acceso a la educaci\u00f3n superior en el centro del debate nacional.<\/p>\n\n\n\n<p>\u201cEsta es la primera de varias mesas t\u00e9cnicas que tendremos para dar soluci\u00f3n a cientos de estudiantes que hoy tienen cr\u00e9ditos con esta entidad. <strong>La primera noticia y el primer resultado es que hemos encontrado los recursos que se transferir\u00e1n para garantizar el subsidio a la tasa de inter\u00e9s para la vigencia 2025 e inicio de 2026<\/strong>\u201d, coment\u00f3 Rojas Medell\u00edn.<\/p>\n\n\n\n<p>El anuncio se produjo tras el primer encuentro entre el Ministerio de Educaci\u00f3n y los senadores citantes al debate de control pol\u00edtico sobre el Icetex, realizado en el Senado de la Rep\u00fablica.<\/p>\n\n\n\n<p>A la mesa asistieron legisladores de distintos partidos, entre ellos Soledad Tamayo, A\u00edda Avella, Carlos Guevara, Carlos Julio Gonz\u00e1lez y Guido Echeverri.&nbsp;<strong>El ministro Rojas destac\u00f3 que este espacio de di\u00e1logo ser\u00e1 permanente y que se buscar\u00e1n soluciones estructurales para fortalecer tanto el acceso al cr\u00e9dito como la permanencia y pertinencia de la educaci\u00f3n superior en todo el pa\u00eds<\/strong>. Adem\u00e1s, se prev\u00e9 la inclusi\u00f3n de actores como la Federaci\u00f3n Nacional de Departamentos y entidades financieras p\u00fablicas y privadas para ampliar el alcance de las soluciones.<\/p>\n\n\n\n<p>Sin embargo, la noticia no despeja todas las incertidumbres. Persisten interrogantes sobre el alcance real de la medida: no se ha precisado si los recursos cubrir\u00e1n \u00fanicamente a quienes ya ten\u00edan el subsidio y lo perdieron por los recortes presupuestales, o si tambi\u00e9n permitir\u00e1n la apertura de nuevas l\u00edneas de cr\u00e9dito subsidiadas para futuros beneficiarios.<\/p>\n\n\n\n<p>Tampoco se ha aclarado el destino de los pagos adicionales que los usuarios y sus familias ya realizaron tras la eliminaci\u00f3n del subsidio, ni si la garant\u00eda de recursos se mantendr\u00e1 m\u00e1s all\u00e1 de 2026.<\/p>\n\n\n\n<p>A<strong>&nbsp;pesar de las limitaciones, los congresistas presentes en la mesa t\u00e9cnica valoraron el anuncio como un avance. La senadora A\u00edda Avella resalt\u00f3 la importancia del di\u00e1logo multipartidista y la voluntad pol\u00edtica para alcanzar resultados, asegurando que \u201clos estudiantes podr\u00e1n estar tranquilos\u201d<\/strong>.<\/p>\n\n\n\n<p>Por su parte, el senador Carlos Guevara celebr\u00f3 la reacci\u00f3n r\u00e1pida del ministro y la consecuci\u00f3n de los recursos, pero insisti\u00f3 en la necesidad de repensar el modelo del Icetex, buscar nuevas fuentes de financiaci\u00f3n y avanzar hacia una educaci\u00f3n accesible para todos los niveles de la poblaci\u00f3n, idealmente sin costo.<\/p>\n\n\n\n<p><strong>Carlos Julio Gonz\u00e1lez remarc\u00f3 el papel transformador de la educaci\u00f3n y la urgencia de una reforma estructural de la entidad, mientras que Guido Echeverri destac\u00f3 la importancia de la construcci\u00f3n colectiva y el di\u00e1logo para lograr soluciones<\/strong>.<\/p>\n\n\n\n<h2 class=\"wp-block-heading\">Reforma Icetex y debate legislativo<\/h2>\n\n\n\n<p>El debate sobre el futuro del Icetex no se limita a la reasignaci\u00f3n de recursos. En el Congreso avanza el Proyecto de Ley 587 de 2025 C\u00e1mara, que propone una reforma integral de la entidad.<\/p>\n\n\n\n<p><strong>El Icetex, encabezado por su presidente \u00c1lvaro Hern\u00e1n Urquijo, ha manifestado su disposici\u00f3n a transformaciones institucionales y financieras, siempre que cuenten con respaldo t\u00e9cnico, fiscal y jur\u00eddico<\/strong>.<\/p>\n\n\n\n<p>Sin embargo, la entidad rechaza el actual proyecto de ley, argumentando que carece de aval fiscal, es incompatible con el Marco Fiscal de Mediano Plazo y contradice la estructura jur\u00eddica y financiera vigente.<\/p>\n\n\n\n<p>El Ministerio de Hacienda respalda esta posici\u00f3n, advirtiendo que la iniciativa no cuenta con fuente de financiaci\u00f3n y que su implementaci\u00f3n supondr\u00eda un compromiso cercano a los 9 billones de pesos, equivalente al 40% de una reforma tributaria.<\/p>\n\n\n\n<p><strong>Urquijo ha se\u00f1alado que la propuesta legislativa introduce reformas inviables y genera incertidumbre, al tiempo que desconoce el funcionamiento y la naturaleza financiera especial del Icetex<\/strong>.<\/p>\n\n\n\n<p>Entre los puntos cr\u00edticos, la entidad menciona la fijaci\u00f3n de topes a las tasas de inter\u00e9s (IPC + 2), la prohibici\u00f3n de capitalizar intereses y la limitaci\u00f3n del endeudamiento, medidas que, sin respaldo presupuestal, pondr\u00edan en riesgo la sostenibilidad operativa y la continuidad de los servicios financieros para m\u00e1s de 887.000 beneficiarios actuales.<\/p>\n\n\n\n<p>Adem\u00e1s,<strong>&nbsp;el proyecto plantea un modelo de Pago Contingente al Ingreso (PCI) que, seg\u00fan el Icetex, ya se implementa desde 2022, pero cuya versi\u00f3n legislativa carece de estructura operativa y fuente de financiaci\u00f3n<\/strong>.<\/p>\n\n\n\n<p>El Gobierno nacional, por su parte, ha reiterado que su pol\u00edtica prioriza la gratuidad de la matr\u00edcula en universidades p\u00fablicas como eje de acceso y equidad, en lugar de ampliar el esquema de cr\u00e9ditos subsidiados. Esta postura ha generado tensiones con los usuarios del Icetex y algunos sectores del Congreso, que consideran insuficientes las medidas adoptadas hasta ahora.<\/p>\n\n\n\n<p><\/p>\n","protected":false},"excerpt":{"rendered":"<p>Luego de una mesa t\u00e9cnica con congresistas de diversas bancadas, la cartera de educaci\u00f3n confirm\u00f3 que se restablecer\u00e1n los subsidios a la tasa de inter\u00e9s de los pr\u00e9stamos educativos<\/p>\n","protected":false},"author":2,"featured_media":373,"comment_status":"open","ping_status":"closed","sticky":false,"template":"","format":"standard","meta":{"footnotes":""},"categories":[16],"tags":[15,67,3,23,5],"class_list":["post-372","post","type-post","status-publish","format-standard","has-post-thumbnail","hentry","category-noticias","tag-colombia","tag-icetex","tag-pnd","tag-ppmv","tag-publicaciones-pmv"],"_links":{"self":[{"href":"https:\/\/publicaciones-pmv.co\/index.php\/wp-json\/wp\/v2\/posts\/372","targetHints":{"allow":["GET"]}}],"collection":[{"href":"https:\/\/publicaciones-pmv.co\/index.php\/wp-json\/wp\/v2\/posts"}],"about":[{"href":"https:\/\/publicaciones-pmv.co\/index.php\/wp-json\/wp\/v2\/types\/post"}],"author":[{"embeddable":true,"href":"https:\/\/publicaciones-pmv.co\/index.php\/wp-json\/wp\/v2\/users\/2"}],"replies":[{"embeddable":true,"href":"https:\/\/publicaciones-pmv.co\/index.php\/wp-json\/wp\/v2\/comments?post=372"}],"version-history":[{"count":1,"href":"https:\/\/publicaciones-pmv.co\/index.php\/wp-json\/wp\/v2\/posts\/372\/revisions"}],"predecessor-version":[{"id":374,"href":"https:\/\/publicaciones-pmv.co\/index.php\/wp-json\/wp\/v2\/posts\/372\/revisions\/374"}],"wp:featuredmedia":[{"embeddable":true,"href":"https:\/\/publicaciones-pmv.co\/index.php\/wp-json\/wp\/v2\/media\/373"}],"wp:attachment":[{"href":"https:\/\/publicaciones-pmv.co\/index.php\/wp-json\/wp\/v2\/media?parent=372"}],"wp:term":[{"taxonomy":"category","embeddable":true,"href":"https:\/\/publicaciones-pmv.co\/index.php\/wp-json\/wp\/v2\/categories?post=372"},{"taxonomy":"post_tag","embeddable":true,"href":"https:\/\/publicaciones-pmv.co\/index.php\/wp-json\/wp\/v2\/tags?post=372"}],"curies":[{"name":"wp","href":"https:\/\/api.w.org\/{rel}","templated":true}]}}