{"id":369,"date":"2025-11-04T10:39:41","date_gmt":"2025-11-04T15:39:41","guid":{"rendered":"https:\/\/publicaciones-pmv.co\/?p=369"},"modified":"2025-11-04T10:39:42","modified_gmt":"2025-11-04T15:39:42","slug":"gobierno-implementa-novedosa-movida-financiera-para-pago-anticipado-de-subsidios-de-energia","status":"publish","type":"post","link":"https:\/\/publicaciones-pmv.co\/index.php\/2025\/11\/04\/gobierno-implementa-novedosa-movida-financiera-para-pago-anticipado-de-subsidios-de-energia\/","title":{"rendered":"Gobierno implementa novedosa movida financiera para pago anticipado de subsidios de energ\u00eda"},"content":{"rendered":"\n<p>El Gobierno Nacional implement\u00f3 por primera vez un mecanismo financiero innovador para garantizar la liquidez de las empresas distribuidoras y comercializadoras de energ\u00eda el\u00e9ctrica, que\u00a0<strong>implicar\u00e1 el pago anticipado de subsidios de energ\u00eda.<\/strong><\/p>\n\n\n\n<p>As\u00ed lo anunci\u00f3 este jueves Karen Schutt, viceministra de Energ\u00eda, durante el Congreso MEM 2025 que se realiza en Cartagena.<\/p>\n\n\n\n<p>\u00abEn el marco de las medidas integrales que el gobierno nacional est\u00e1 adoptando para garantizar la confiabilidad, la continuidad del servicio, el insumo y el flujo de ingresos que reciben las distribuidoras, comercializadoras de energ\u00eda el\u00e9ctrica o las llamadas electrificadoras\u00a0es muy importante los subsidios que reciben por parte del presupuesto general de la Naci\u00f3n \u00ab, se\u00f1al\u00f3 la viceministra.<\/p>\n\n\n\n<p>Schutt explic\u00f3 el contexto que llev\u00f3 a esta decisi\u00f3n: \u00abMientras el Ministerio de Hacienda est\u00e1 reorganizando las finanzas y ha habido cierto grado de demora en el giro oportuno de los subsidios, hay medidas habilitantes y que&nbsp;<strong>estamos por primera vez utilizando de manera vanguardista y es el Decreto 399 del 2020<\/strong>\u00ab.<\/p>\n\n\n\n<h2 class=\"wp-block-heading\"><strong>Cesi\u00f3n de derechos: clave para el pago anticipado de subsidios de energ\u00eda<\/strong><\/h2>\n\n\n\n<p>La funcionaria detall\u00f3 el mecanismo: \u00abAll\u00ed se dice que el Gobierno Nacional puede utilizar instrumentos por parte de la banca, es decir, Findeter o la Financiera de Desarrollo Nacional (FDN)\u201d.<\/p>\n\n\n\n<p>Y a\u00f1adi\u00f3: \u201cCon la FDN instrumentalizamos por primera vez un mecanismo que se llama cesi\u00f3n de derechos de subsidios.\u00a0<strong>Es un producto financiero,\u00a0no es un cr\u00e9dito ni tampoco afecta a los estados financieros de las electrificadoras<\/strong>\u00ab.<\/p>\n\n\n\n<p>Lo anterior implica, por ejemplo, que las electrificadoras podr\u00e1n solicitarle a la financiera que le anticipe los subsidios que el Gobierno Nacional pagar\u00e1 posteriormente y que corresponde a los beneficios que reciben los estratos 1, 2 y 3.<\/p>\n\n\n\n<p>La Financiera de Desarrollo Nacional ser\u00e1 la entidad que haga la movida financiera para estas operaciones. Foto: Valora Analitik<\/p>\n\n\n\n<p>La viceministra aclar\u00f3 las condiciones: \u00abEvidentemente, hay una tasa compensada, pero en la medida en que el Gobierno gire en el t\u00e9rmino de menos de un a\u00f1o, dichos recursos ser\u00e1n descontados que se hab\u00eda liquidado en materia de intereses\u00bb.<\/p>\n\n\n\n<p>Schutt tambi\u00e9n confirm\u00f3 que ya se han hecho dos operaciones de este tipo para para el pago anticipado de subsidios de energ\u00eda: una a la Empresa de Energ\u00eda de Putumayo, con $800 millones, y otra para Air-e por unos $60.000 millones. Adem\u00e1s,&nbsp;<strong>se alistan otros $100.000 millones para Afinia, filial de EPM en el Caribe.<\/strong><\/p>\n\n\n\n<p>\u201cEsto va a permitir que las electrificadoras tengan liquidez ante esta la estrechez financiera debido a ciertos gastos en los cuales est\u00e1n incurriendo\u201d, dijo la viceministra de Energ\u00eda.<\/p>\n\n\n\n<p>Y cerr\u00f3 diciendo que se viene una anunci\u00f3 de este programa,\u00a0para lo cual tambi\u00e9n se analizar\u00e1n estrategias financieras con entidades como Findeter\u00a0y con la aplicaci\u00f3n del programa Colombia Solar.<\/p>\n\n\n\n<p><\/p>\n","protected":false},"excerpt":{"rendered":"<p>Karen Schutt, viceministra de Energ\u00eda, anunci\u00f3 que ya hubo giros para la Empresa de Energ\u00eda de Putumayo y Air-e, y se alistan pagos para Afinia.<\/p>\n","protected":false},"author":2,"featured_media":370,"comment_status":"open","ping_status":"closed","sticky":false,"template":"","format":"standard","meta":{"footnotes":""},"categories":[16],"tags":[15,55,4,3,23,5],"class_list":["post-369","post","type-post","status-publish","format-standard","has-post-thumbnail","hentry","category-noticias","tag-colombia","tag-minenergia","tag-pmv","tag-pnd","tag-ppmv","tag-publicaciones-pmv"],"_links":{"self":[{"href":"https:\/\/publicaciones-pmv.co\/index.php\/wp-json\/wp\/v2\/posts\/369","targetHints":{"allow":["GET"]}}],"collection":[{"href":"https:\/\/publicaciones-pmv.co\/index.php\/wp-json\/wp\/v2\/posts"}],"about":[{"href":"https:\/\/publicaciones-pmv.co\/index.php\/wp-json\/wp\/v2\/types\/post"}],"author":[{"embeddable":true,"href":"https:\/\/publicaciones-pmv.co\/index.php\/wp-json\/wp\/v2\/users\/2"}],"replies":[{"embeddable":true,"href":"https:\/\/publicaciones-pmv.co\/index.php\/wp-json\/wp\/v2\/comments?post=369"}],"version-history":[{"count":1,"href":"https:\/\/publicaciones-pmv.co\/index.php\/wp-json\/wp\/v2\/posts\/369\/revisions"}],"predecessor-version":[{"id":371,"href":"https:\/\/publicaciones-pmv.co\/index.php\/wp-json\/wp\/v2\/posts\/369\/revisions\/371"}],"wp:featuredmedia":[{"embeddable":true,"href":"https:\/\/publicaciones-pmv.co\/index.php\/wp-json\/wp\/v2\/media\/370"}],"wp:attachment":[{"href":"https:\/\/publicaciones-pmv.co\/index.php\/wp-json\/wp\/v2\/media?parent=369"}],"wp:term":[{"taxonomy":"category","embeddable":true,"href":"https:\/\/publicaciones-pmv.co\/index.php\/wp-json\/wp\/v2\/categories?post=369"},{"taxonomy":"post_tag","embeddable":true,"href":"https:\/\/publicaciones-pmv.co\/index.php\/wp-json\/wp\/v2\/tags?post=369"}],"curies":[{"name":"wp","href":"https:\/\/api.w.org\/{rel}","templated":true}]}}