{"id":358,"date":"2025-10-28T18:07:33","date_gmt":"2025-10-28T23:07:33","guid":{"rendered":"https:\/\/publicaciones-pmv.co\/?p=358"},"modified":"2025-10-28T18:08:35","modified_gmt":"2025-10-28T23:08:35","slug":"el-ministro-guillermo-jaramillo-posesiono-a-bernardo-camacho-rodriguez-como-nuevo-superintendente-nacional-de-salud","status":"publish","type":"post","link":"https:\/\/publicaciones-pmv.co\/index.php\/2025\/10\/28\/el-ministro-guillermo-jaramillo-posesiono-a-bernardo-camacho-rodriguez-como-nuevo-superintendente-nacional-de-salud\/","title":{"rendered":"El ministro Guillermo Jaramillo posesion\u00f3 a Bernardo Camacho Rodr\u00edguez como nuevo Superintendente Nacional de Salud"},"content":{"rendered":"\n<p>El Ministerio de Salud anunci\u00f3 la designaci\u00f3n de Bernardo Armando Camacho Rodr\u00edguez como nuevo Superintendente Nacional de Salud, tras el acto de posesi\u00f3n realizado por el ministro&nbsp;Guillermo Alfonso Jaramillo.<\/p>\n\n\n\n<p>Seg\u00fan la cartera,<strong>&nbsp;Camacho es m\u00e9dico y cuenta con una amplia trayectoria en gesti\u00f3n p\u00fablica&nbsp;<\/strong>y en el fortalecimiento de instituciones orientadas a la protecci\u00f3n de la vida.<\/p>\n\n\n\n<p>Seg\u00fan el Gobierno Petro, el nombramiento se inscribe en \u201cla pol\u00edtica de asegurar la vigilancia sobre el uso de los recursos del sector salud y consolidar la garant\u00eda del derecho a la atenci\u00f3n m\u00e9dica para la poblaci\u00f3n\u201d.<\/p>\n\n\n\n<p>La&nbsp;<em>e<\/em>ntidad afirm\u00f3 que mantendr\u00e1n el compromiso de proteger estos recursos, informar a la ciudadan\u00eda y promover acciones que incidan en la calidad de los servicios.<\/p>\n\n\n\n<p><strong>\u201cEl Gobierno del Cambio seguir\u00e1 protegiendo los recursos del sector salud, garantizando este derecho fundamental\u201d<\/strong>, se\u00f1al\u00f3 la oficina de comunicaciones del ministerio.<\/p>\n\n\n\n<h2 class=\"wp-block-heading\">Perfil de Bernardo Camacho en el sector p\u00fablico<\/h2>\n\n\n\n<p>El nombramiento de Bernardo Camacho como nuevo Superintendente Nacional de Salud ha reavivado debates sobre la idoneidad de su perfil y las implicaciones de sus antecedentes profesionales.<\/p>\n\n\n\n<p><strong>Camacho es m\u00e9dico cirujano de la Universidad Nacional de Colombia y posee maestr\u00edas en medicina transfusional&nbsp;<\/strong>y gesti\u00f3n de ciencia e innovaci\u00f3n.<\/p>\n\n\n\n<p>A lo largo de su carrera ha trabajado en \u00e1reas de fortalecimiento institucional, vigilancia financiera y gesti\u00f3n de servicios de salud, con una imagen ante el Gobierno de funcionario t\u00e9cnico capaz de&nbsp;<strong>\u201crecuperar entidades complejas y proteger los recursos del sistema\u201d.<\/strong><\/p>\n\n\n\n<p>La llegada de Camacho a la Superintendencia se concret\u00f3 tras una serie de transiciones interinas y resistencias pol\u00edticas.<\/p>\n\n\n\n<p>Su hoja de vida hab\u00eda sido publicada en el portal presidencial a mediados de octubre, pero la designaci\u00f3n oficial se retras\u00f3 m\u00e1s de una semana debido a disputas internas en el Ministerio de Salud y las tensiones originadas por el perfil del candidato, precis\u00f3&nbsp;<em>El Tiempo<\/em>.<\/p>\n\n\n\n<p>Uno de los puntos m\u00e1s pol\u00e9micos en torno a su nombramiento radica en su gesti\u00f3n como agente interventor en la Nueva EPS, la mayor aseguradora del pa\u00eds, que cuenta con m\u00e1s de 11 millones de usuarios.<\/p>\n\n\n\n<p>Camacho asumi\u00f3 este rol en noviembre de 2024 con el prop\u00f3sito de sanear la entidad y resolver los problemas financieros existentes. No obstante, durante sus ocho meses al frente,<strong>&nbsp;\u201cla situaci\u00f3n se deterior\u00f3\u201d.<\/strong><\/p>\n\n\n\n<p>Informes de la Contralor\u00eda General de la Rep\u00fablica contabilizaron irregularidades por m\u00e1s de 6,6 billones de pesos relacionados con pagos anticipados sin facturaci\u00f3n, carencia de cierres fiscales y ausencia de balances completos.<\/p>\n\n\n\n<figure class=\"wp-block-image size-full\"><img loading=\"lazy\" decoding=\"async\" width=\"992\" height=\"662\" src=\"https:\/\/publicaciones-pmv.co\/wp-content\/uploads\/2025\/10\/image-25.png\" alt=\"\" class=\"wp-image-360\" srcset=\"https:\/\/publicaciones-pmv.co\/wp-content\/uploads\/2025\/10\/image-25.png 992w, https:\/\/publicaciones-pmv.co\/wp-content\/uploads\/2025\/10\/image-25-300x200.png 300w, https:\/\/publicaciones-pmv.co\/wp-content\/uploads\/2025\/10\/image-25-768x513.png 768w\" sizes=\"auto, (max-width: 992px) 100vw, 992px\" \/><\/figure>\n\n\n\n<p><strong>El mismo medio se\u00f1al\u00f3 que bajo la direcci\u00f3n de Camacho no se presentaron informes financieros completos sobre los periodos 2023\u20132024&nbsp;<\/strong>ni se facilit\u00f3 informaci\u00f3n esencial para calcular la Unidad de Pago por Capitaci\u00f3n (UPC).<\/p>\n\n\n\n<p>La Superintendencia Nacional de Salud debi\u00f3 intervenir nuevamente y emitir resoluciones para exigir estandarizaci\u00f3n y auditor\u00edas internas, medidas que todav\u00eda no se hab\u00edan implementado adecuadamente.<\/p>\n\n\n\n<h2 class=\"wp-block-heading\">Andr\u00e9s Forero no tom\u00f3 para nada bien el nombramiento de Bernardo Camacho: \u201cNefasto personaje\u201d<\/h2>\n\n\n\n<p>El reciente nombramiento de Bernardo Camacho como Superintendente Nacional de Salud gener\u00f3 una fuerte reacci\u00f3n por parte del representante a la C\u00e1mara Andr\u00e9s Forero, quien expres\u00f3 sus cr\u00edticas a trav\u00e9s de sus redes sociales.<\/p>\n\n\n\n<p>Forero afirm\u00f3: \u201cComo lo anticip\u00e9, @petrogustavo y @GA_Jaramillo nombraron al incompetente Bernardo Camacho como @Supersalud.&nbsp;<strong>Este nefasto personaje estuvo 9 meses como interventor de Nueva EPS y la acab\u00f3; tendr\u00e1 que declararse impedido para todo lo relacionado con ella.&nbsp;<\/strong>\u00bfCompraron su silencio?\u201d<\/p>\n\n\n\n<p>El congresista cuestion\u00f3 la transparencia del proceso y apunt\u00f3 a posibles conflictos de inter\u00e9s debido al reciente paso de Camacho por la Nueva EPS.<\/p>\n\n\n\n<p>Forero se\u00f1al\u00f3:&nbsp;<strong>\u201cEl cinismo y descaro de @B_CamachoMD, flamante @Supersalud, no tienen nombre.&nbsp;<\/strong>Fue interventor de Nueva EPS hasta agosto pasado y a pesar de eso no declar\u00f3 que tiene un inter\u00e9s directo al conocer sobre sus propias actuaciones\u201d.<\/p>\n\n\n\n<p>En su publicaci\u00f3n, Forero anunci\u00f3 que solicitar\u00e1 a la Procuradur\u00eda General de la Naci\u00f3n revisar el caso.<\/p>\n\n\n\n<p><strong>\u201cPedir\u00e9 a @PGN_COL investigar esta sinverg\u00fcencer\u00eda\u201d,<\/strong>&nbsp;concluy\u00f3, intensificando el debate sobre la idoneidad del nuevo funcionario para ejercer vigilancia sobre las empresas del sector salud.<\/p>\n\n\n\n<p>Fuente: <a href=\"https:\/\/www.infobae.com\/colombia\/2025\/10\/28\/el-ministro-guillermo-jaramillo-posesiono-bernardo-camacho-rodriguez-como-nuevo-superintendente-nacional-de-salud\/?utm_source=chatgpt.com\">https:\/\/www.infobae.com\/colombia\/2025\/10\/28\/el-ministro-guillermo-jaramillo-posesiono-bernardo-camacho-rodriguez-como-nuevo-superintendente-nacional-de-salud\/?utm_source=chatgpt.com<\/a><\/p>\n\n\n\n<p><\/p>\n","protected":false},"excerpt":{"rendered":"<p>El nuevo superintendente es m\u00e9dico y cuenta con una trayectoria en gesti\u00f3n p\u00fablica y en el fortalecimiento de instituciones orientadas a la protecci\u00f3n de la vida, seg\u00fan el Ministerio de Salud<\/p>\n","protected":false},"author":2,"featured_media":359,"comment_status":"open","ping_status":"closed","sticky":false,"template":"","format":"standard","meta":{"footnotes":""},"categories":[16],"tags":[15,7,3,23,5],"class_list":["post-358","post","type-post","status-publish","format-standard","has-post-thumbnail","hentry","category-noticias","tag-colombia","tag-minsalud","tag-pnd","tag-ppmv","tag-publicaciones-pmv"],"_links":{"self":[{"href":"https:\/\/publicaciones-pmv.co\/index.php\/wp-json\/wp\/v2\/posts\/358","targetHints":{"allow":["GET"]}}],"collection":[{"href":"https:\/\/publicaciones-pmv.co\/index.php\/wp-json\/wp\/v2\/posts"}],"about":[{"href":"https:\/\/publicaciones-pmv.co\/index.php\/wp-json\/wp\/v2\/types\/post"}],"author":[{"embeddable":true,"href":"https:\/\/publicaciones-pmv.co\/index.php\/wp-json\/wp\/v2\/users\/2"}],"replies":[{"embeddable":true,"href":"https:\/\/publicaciones-pmv.co\/index.php\/wp-json\/wp\/v2\/comments?post=358"}],"version-history":[{"count":2,"href":"https:\/\/publicaciones-pmv.co\/index.php\/wp-json\/wp\/v2\/posts\/358\/revisions"}],"predecessor-version":[{"id":362,"href":"https:\/\/publicaciones-pmv.co\/index.php\/wp-json\/wp\/v2\/posts\/358\/revisions\/362"}],"wp:featuredmedia":[{"embeddable":true,"href":"https:\/\/publicaciones-pmv.co\/index.php\/wp-json\/wp\/v2\/media\/359"}],"wp:attachment":[{"href":"https:\/\/publicaciones-pmv.co\/index.php\/wp-json\/wp\/v2\/media?parent=358"}],"wp:term":[{"taxonomy":"category","embeddable":true,"href":"https:\/\/publicaciones-pmv.co\/index.php\/wp-json\/wp\/v2\/categories?post=358"},{"taxonomy":"post_tag","embeddable":true,"href":"https:\/\/publicaciones-pmv.co\/index.php\/wp-json\/wp\/v2\/tags?post=358"}],"curies":[{"name":"wp","href":"https:\/\/api.w.org\/{rel}","templated":true}]}}