{"id":349,"date":"2025-10-27T10:32:26","date_gmt":"2025-10-27T15:32:26","guid":{"rendered":"https:\/\/publicaciones-pmv.co\/?p=349"},"modified":"2025-10-27T10:32:28","modified_gmt":"2025-10-27T15:32:28","slug":"ivan-cepeda-gana-la-consulta-popular-del-pacto-historico-y-es-el-candidato-presidencial-de-la-izquierda","status":"publish","type":"post","link":"https:\/\/publicaciones-pmv.co\/index.php\/2025\/10\/27\/ivan-cepeda-gana-la-consulta-popular-del-pacto-historico-y-es-el-candidato-presidencial-de-la-izquierda\/","title":{"rendered":"Iv\u00e1n Cepeda gana la consulta popular del Pacto Hist\u00f3rico y es el candidato presidencial de la izquierda"},"content":{"rendered":"\n<p>La izquierda colombiana ya tiene un aspirante presidencial propio para el 2026. El senador Iv\u00e1n Cepeda (Bogot\u00e1, 63 a\u00f1os), uno de sus militantes m\u00e1s leales, ha superado este domingo en la consulta popular del Pacto Hist\u00f3rico a la exministra Carolina Corcho, con lo que congrega a su alrededor al grueso de las fuerzas progresistas. El fil\u00f3sofo y negociador de paz hereda as\u00ed las banderas de la variopinta coalici\u00f3n que respalda al Gobierno de Gustavo Petro con 1.540.391 votos, el 65,13% del total, frente a 678.962 votos de Corcho, seg\u00fan los \u00faltimos datos de la Registradur\u00eda. As\u00ed, se convierte en el candidato presidencial del petrismo para los comicios de mayo de 2026. El plan del Pacto pasa por unificar las aspiraciones de la izquierda y varios sectores del centro mediante otra consulta que se realizar\u00e1 el mismo d\u00eda de las elecciones legislativas, el 8 de marzo. Cepeda competir\u00eda entonces con los exministros Roy Barreras y Juan Fernando Cristo, la senadora Clara L\u00f3pez o incluso el exalcalde de Medell\u00edn Daniel Quintero, si la propuesta se concreta.<\/p>\n\n\n\n<p>\u201cEl Pacto Hist\u00f3rico sin duda es la fuerza pol\u00edtica m\u00e1s grande, m\u00e1s poderosa, m\u00e1s incluyente\u201d en el pa\u00eds, ha dicho este domingo en su discurso de victoria, tras conocer los resultados preliminares. En un peque\u00f1o, pero abarrotado auditorio, agradeci\u00f3 antes que nada a los campesinos, ind\u00edgenas, v\u00edctimas y otros sectores sociales que lo impulsaron. Tambi\u00e9n pidi\u00f3 que la campa\u00f1a se haga sobre propuestas, no sobre insultos, y se mostr\u00f3 muy optimista. \u201cTenemos todos los ingredientes, todas las condiciones, para construir un segundo gobierno progresista\u201d.<\/p>\n\n\n\n<p>\u201cSoy defensor de derechos humanos, sobreviviente del genocidio pol\u00edtico, hijo de un senador de la Uni\u00f3n Patri\u00f3tica asesinado por su compromiso con los derechos de la gente\u201d, se present\u00f3 Cepeda hace apenas dos meses, cuando lanz\u00f3 su precandidatura desde la ciudad de Pasto. Es uno de los tantos hu\u00e9rfanos que ha dejado la violencia pol\u00edtica en Colombia en las \u00faltimas d\u00e9cadas. Su padre, el pol\u00edtico comunista Manuel Cepeda Vargas, fue asesinado por agentes del Estado en complicidad con paramilitares el 9 de agosto de 1994. Desde el 2010, cuando lleg\u00f3 por primera vez al Congreso, se ha consolidado como uno de los rostros m\u00e1s visibles de la izquierda, muy cercano a las organizaciones de v\u00edctimas \u2013como las madres de los mal llamados \u2018falsos positivos\u2019\u2013 y a diversas organizaciones sociales.<\/p>\n\n\n\n<p>Tambi\u00e9n fue uno de los principales negociadores del Gobierno Petro en la congelada mesa con el ELN, la \u00faltima guerrilla en armas, y particip\u00f3 en su d\u00eda en los di\u00e1logos que desembocaron en el acuerdo de paz firmado por el Gobierno de Juan Manuel Santos con las extintas FARC, a finales de 2016. Es tambi\u00e9n muy reconocido como el senador de izquierdas que sent\u00f3 ante la justicia al expresidente de derechas \u00c1lvaro Uribe V\u00e9lez por un dilatado caso de manipulaci\u00f3n de testigos, el llamado \u2018juicio del siglo\u2019. El exmandatario acaba de ser absuelto de todos los cargos en segunda instancia, despu\u00e9s de haber sido condenado a 12 a\u00f1os de prisi\u00f3n en un primer momento.<\/p>\n\n\n\n<p>En el accidentado proceso de la consulta popular del Pacto Hist\u00f3rico, que ha enfrentado innumerables escollos legales, Cepeda consolid\u00f3 su favoritismo hace un mes, cuando la mayor\u00eda de los precandidatos renunci\u00f3 a su propia aspiraci\u00f3n para entregarle su apoyo. Con el respaldo de la senadora Mar\u00eda Jos\u00e9 Pizarro, el exsenador Gustavo Bol\u00edvar, la exministra de Ambiente Susana Muhamad o la de Trabajo Gloria In\u00e9s Ram\u00edrez, se convirti\u00f3 en el nombre de la unidad. La renuncia sobre la hora del exalcalde de Medell\u00edn Daniel Quintero, muy resistido entre el progresismo, termin\u00f3 de allanarle el camino. Corcho era su \u00faltimo rival. Ya con candidato propio \u2013y sin que las dudas jur\u00eddicas est\u00e9n del todo despejadas\u2013, la hoja de ruta de la izquierda pasa ahora por hacer en el mes de marzo otra consulta, denominada interpartidista, para conformar una coalici\u00f3n m\u00e1s amplia a la que denominan el Frente Amplio.<\/p>\n\n\n\n<p>Adem\u00e1s, de los votos por Cepeda y Corcho, la Registradur\u00eda ha contado los resultados de Quintero, quien renunci\u00f3 a la consulta hace tan solo 10 d\u00edas, de forma tan tard\u00eda que hay dudas sobre los efectos jur\u00eddicos de su decisi\u00f3n y que ya era inevitable que si rostro apareciera en el tarjet\u00f3n. El pol\u00edtico de reciente militancia en la izquierda, y quien enfrena un juicio en un caso por corrupci\u00f3n, sum\u00f3 145.558 votos, un 6,15%. Hay un debate jur\u00eddico abierto por la posibilidad de que se entienda que s\u00ed particip\u00f3 en la consulta de este domingo y haya quedado inhabilitado para marzo.<\/p>\n\n\n\n<figure class=\"wp-block-image size-large\"><img loading=\"lazy\" decoding=\"async\" width=\"1024\" height=\"683\" src=\"https:\/\/publicaciones-pmv.co\/wp-content\/uploads\/2025\/10\/image-23-1024x683.png\" alt=\"\" class=\"wp-image-351\" srcset=\"https:\/\/publicaciones-pmv.co\/wp-content\/uploads\/2025\/10\/image-23-1024x683.png 1024w, https:\/\/publicaciones-pmv.co\/wp-content\/uploads\/2025\/10\/image-23-300x200.png 300w, https:\/\/publicaciones-pmv.co\/wp-content\/uploads\/2025\/10\/image-23-768x512.png 768w, https:\/\/publicaciones-pmv.co\/wp-content\/uploads\/2025\/10\/image-23-1536x1024.png 1536w, https:\/\/publicaciones-pmv.co\/wp-content\/uploads\/2025\/10\/image-23.png 1960w\" sizes=\"auto, (max-width: 1024px) 100vw, 1024px\" \/><\/figure>\n\n\n\n<p>Adem\u00e1s de la elecci\u00f3n del candidato presidencial, la consulta de este domingo defin\u00eda otros dos elementos clave. De un lado, los miembros de sus listas al Senado y a las principales circunscripciones de la C\u00e1mara de Representantes, como Bogot\u00e1 o el Valle del Cauca. Los datos sobre esa definici\u00f3n se conocen con menos velocidad que los de la definici\u00f3n presidencial y hasta el momento no hay claridad sobre los ganadores.<\/p>\n\n\n\n<p>De otro lado, el total de los votos se ha visto como un term\u00f3metro de la fuerza electoral de la izquierda para el ciclo electoral de 2026. Aunque es dif\u00edcil comprar cualquier resultado con los votos obtenidos en las elecciones legislativas o presidenciales de 2022 -en esos momentos el ambiente electoral es mucho mayor, son definitivas y todos los partidos y fuerzas hacen campa\u00f1a-, un estimado general era que menos de un mill\u00f3n de votos era una derrota y m\u00e1s de dos millones una victoria. Hasta el momento, la Registradur\u00eda se\u00f1ala que participaron 2.753.738 ciudadanos, lo que se\u00f1ala un resultado positivo para la izquierda.<\/p>\n\n\n\n<p>Esta cifra, en todo caso, aparece ensombrecida por los cuestionamientos durante la jornada, cuando ciudadanos y pol\u00edticos del Pacto denunciaron la falta de mesas y jurados de votaci\u00f3n, o el cambio de lugares frente a los usuales, que habr\u00edan producido que una cantidad indeterminada de votantes desistieran de su intento de participar. La Registradur\u00eda ha explicado que el dispositivo era menor que el de las elecciones nacionales, como ha ocurrido con otras consultas internas del pasado, debido a que era prevista una participaci\u00f3n menor. Por ejemplo, en las elecciones al Congreso de 2022 votaron m\u00e1s de 18 millones de personas, en la primera vuelta presidencial m\u00e1s de 21 millones y en la segunda vuelta m\u00e1s de 22 millones.<\/p>\n\n\n\n<p><\/p>\n","protected":false},"excerpt":{"rendered":"<p>El senador supera los 1,5 millones de votos y duplica a Carolina Corcho<\/p>\n","protected":false},"author":2,"featured_media":350,"comment_status":"open","ping_status":"closed","sticky":false,"template":"","format":"standard","meta":{"footnotes":""},"categories":[16],"tags":[15,14,66,3,23,65,5],"class_list":["post-349","post","type-post","status-publish","format-standard","has-post-thumbnail","hentry","category-noticias","tag-colombia","tag-minambiente","tag-pacto-historico","tag-pnd","tag-ppmv","tag-presidencia","tag-publicaciones-pmv"],"_links":{"self":[{"href":"https:\/\/publicaciones-pmv.co\/index.php\/wp-json\/wp\/v2\/posts\/349","targetHints":{"allow":["GET"]}}],"collection":[{"href":"https:\/\/publicaciones-pmv.co\/index.php\/wp-json\/wp\/v2\/posts"}],"about":[{"href":"https:\/\/publicaciones-pmv.co\/index.php\/wp-json\/wp\/v2\/types\/post"}],"author":[{"embeddable":true,"href":"https:\/\/publicaciones-pmv.co\/index.php\/wp-json\/wp\/v2\/users\/2"}],"replies":[{"embeddable":true,"href":"https:\/\/publicaciones-pmv.co\/index.php\/wp-json\/wp\/v2\/comments?post=349"}],"version-history":[{"count":1,"href":"https:\/\/publicaciones-pmv.co\/index.php\/wp-json\/wp\/v2\/posts\/349\/revisions"}],"predecessor-version":[{"id":352,"href":"https:\/\/publicaciones-pmv.co\/index.php\/wp-json\/wp\/v2\/posts\/349\/revisions\/352"}],"wp:featuredmedia":[{"embeddable":true,"href":"https:\/\/publicaciones-pmv.co\/index.php\/wp-json\/wp\/v2\/media\/350"}],"wp:attachment":[{"href":"https:\/\/publicaciones-pmv.co\/index.php\/wp-json\/wp\/v2\/media?parent=349"}],"wp:term":[{"taxonomy":"category","embeddable":true,"href":"https:\/\/publicaciones-pmv.co\/index.php\/wp-json\/wp\/v2\/categories?post=349"},{"taxonomy":"post_tag","embeddable":true,"href":"https:\/\/publicaciones-pmv.co\/index.php\/wp-json\/wp\/v2\/tags?post=349"}],"curies":[{"name":"wp","href":"https:\/\/api.w.org\/{rel}","templated":true}]}}