{"id":346,"date":"2025-10-23T10:32:45","date_gmt":"2025-10-23T15:32:45","guid":{"rendered":"https:\/\/publicaciones-pmv.co\/?p=346"},"modified":"2025-10-23T10:32:47","modified_gmt":"2025-10-23T15:32:47","slug":"conpes-aprueba-el-plan-de-fibra-optica-para-conectar-la-amazonia-beneficiara-a-mas-de-227-000-personas","status":"publish","type":"post","link":"https:\/\/publicaciones-pmv.co\/index.php\/2025\/10\/23\/conpes-aprueba-el-plan-de-fibra-optica-para-conectar-la-amazonia-beneficiara-a-mas-de-227-000-personas\/","title":{"rendered":"CONPES aprueba el Plan de Fibra \u00d3ptica para conectar la Amazonia, beneficiar\u00e1 a m\u00e1s de 227.000 personas"},"content":{"rendered":"\n<p>El Plan de Fibra \u00d3ptica para la Amazonia fue declarado de importancia estrat\u00e9gica por el Consejo Nacional de Pol\u00edtica Econ\u00f3mica y Social (CONPES), un paso fundamental para cerrar la brecha digital en una de las regiones m\u00e1s apartadas y biodiversas del pa\u00eds.<\/p>\n\n\n\n<p>El proyecto liderado por el Ministerio de Tecnolog\u00edas de la Informaci\u00f3n y las Comunicaciones (MinTIC), busca llevar internet de alta velocidad a los departamentos de Amazonas y Putumayo, beneficiando directamente a m\u00e1s de 227.000 personas en nueve municipios: Puerto Alegr\u00eda, El Encanto, Puerto Arica, Tarapac\u00e1, Puerto Nari\u00f1o y Leticia (en Amazonas), y Puerto As\u00eds, Puerto Legu\u00edzamo y San Miguel (en Putumayo).<\/p>\n\n\n\n<p>El plan busca consolidar un anillo de conectividad internacional que fortalezca la soberan\u00eda tecnol\u00f3gica y potencie la competitividad digital del pa\u00eds. Su visi\u00f3n de largo plazo es conectar a Colombia con China mediante los r\u00edos amaz\u00f3nicos y el oc\u00e9ano Pac\u00edfico.<\/p>\n\n\n\n<p>La ministra de Tecnolog\u00edas de la Informaci\u00f3n y las Comunicaciones, Carina Murcia, celebr\u00f3 este avance, \u201crecibimos con gran satisfacci\u00f3n esta declaratoria, porque sin duda se trata de un proyecto de enorme importancia no solo para el pa\u00eds, sino para toda Suram\u00e9rica, si tenemos en cuenta el plan del presidente Gustavo Petro de conectar la Amazonia con China a trav\u00e9s de la fibra \u00f3ptica, los r\u00edos y el Pac\u00edfico. Este es un primer paso para hacerlo realidad\u201d, afirm\u00f3.&nbsp;<\/p>\n\n\n\n<p>La propuesta contempla una inversi\u00f3n de $683.170 millones y es un eslab\u00f3n clave en la visi\u00f3n del presidente Gustavo Petro de convertir a la Amazonia en un gran eje de conectividad mundial, integrando la regi\u00f3n a la red global del conocimiento, la innovaci\u00f3n y la sostenibilidad.<\/p>\n\n\n\n<p>Con la aprobaci\u00f3n del CONPES, el Gobierno Nacional podr\u00e1 adelantar el proceso contractual para iniciar la ejecuci\u00f3n del proyecto, que aportar\u00e1 significativamente al cierre de la brecha digital en los territorios con menor conectividad.<\/p>\n\n\n\n<p><em>Con informaci\u00f3n del Ministerio de Tecnolog\u00edas de la Informaci\u00f3n y las Comunicaciones (MinTIC)<\/em><\/p>\n","protected":false},"excerpt":{"rendered":"<p>Con la aprobaci\u00f3n del CONPES, el Gobierno Nacional podr\u00e1 adelantar el proceso contractual para iniciar la ejecuci\u00f3n del proyecto, que aportar\u00e1 significativamente al cierre de la brecha digital en los territorios con menor conectividad.<\/p>\n","protected":false},"author":2,"featured_media":347,"comment_status":"open","ping_status":"closed","sticky":false,"template":"","format":"standard","meta":{"footnotes":""},"categories":[16],"tags":[15,64,63,3,23,5],"class_list":["post-346","post","type-post","status-publish","format-standard","has-post-thumbnail","hentry","category-noticias","tag-colombia","tag-conpes","tag-mintic","tag-pnd","tag-ppmv","tag-publicaciones-pmv"],"_links":{"self":[{"href":"https:\/\/publicaciones-pmv.co\/index.php\/wp-json\/wp\/v2\/posts\/346","targetHints":{"allow":["GET"]}}],"collection":[{"href":"https:\/\/publicaciones-pmv.co\/index.php\/wp-json\/wp\/v2\/posts"}],"about":[{"href":"https:\/\/publicaciones-pmv.co\/index.php\/wp-json\/wp\/v2\/types\/post"}],"author":[{"embeddable":true,"href":"https:\/\/publicaciones-pmv.co\/index.php\/wp-json\/wp\/v2\/users\/2"}],"replies":[{"embeddable":true,"href":"https:\/\/publicaciones-pmv.co\/index.php\/wp-json\/wp\/v2\/comments?post=346"}],"version-history":[{"count":1,"href":"https:\/\/publicaciones-pmv.co\/index.php\/wp-json\/wp\/v2\/posts\/346\/revisions"}],"predecessor-version":[{"id":348,"href":"https:\/\/publicaciones-pmv.co\/index.php\/wp-json\/wp\/v2\/posts\/346\/revisions\/348"}],"wp:featuredmedia":[{"embeddable":true,"href":"https:\/\/publicaciones-pmv.co\/index.php\/wp-json\/wp\/v2\/media\/347"}],"wp:attachment":[{"href":"https:\/\/publicaciones-pmv.co\/index.php\/wp-json\/wp\/v2\/media?parent=346"}],"wp:term":[{"taxonomy":"category","embeddable":true,"href":"https:\/\/publicaciones-pmv.co\/index.php\/wp-json\/wp\/v2\/categories?post=346"},{"taxonomy":"post_tag","embeddable":true,"href":"https:\/\/publicaciones-pmv.co\/index.php\/wp-json\/wp\/v2\/tags?post=346"}],"curies":[{"name":"wp","href":"https:\/\/api.w.org\/{rel}","templated":true}]}}