{"id":343,"date":"2025-10-22T18:41:56","date_gmt":"2025-10-22T23:41:56","guid":{"rendered":"https:\/\/publicaciones-pmv.co\/?p=343"},"modified":"2025-10-22T18:41:58","modified_gmt":"2025-10-22T23:41:58","slug":"607-billones-para-fortalecer-infraestructura-hospitalaria-y-recuperar-el-hospital-san-juan-de-dios","status":"publish","type":"post","link":"https:\/\/publicaciones-pmv.co\/index.php\/2025\/10\/22\/607-billones-para-fortalecer-infraestructura-hospitalaria-y-recuperar-el-hospital-san-juan-de-dios\/","title":{"rendered":"$6,07 billones para fortalecer infraestructura hospitalaria y recuperar el Hospital San Juan de Dios"},"content":{"rendered":"\n<h2 class=\"wp-block-heading\">Infraestructura hospitalaria<\/h2>\n\n\n\n<p>Con una inversi\u00f3n de $1,61 billones, el Ministerio de Salud y Protecci\u00f3n Social liderar\u00e1 la restauraci\u00f3n integral del complejo hospitalario San Juan de Dios y Materno Infantil, declarado de Importancia Estrat\u00e9gica Nacional mediante el CONPES 4162 de 2025.<\/p>\n\n\n\n<p>Este proyecto se ejecutar\u00e1 entre 2026 y 2034, y garantiza el regreso de este \u00edcono de la medicina y la ciencia a la vida p\u00fablica del pa\u00eds. Adem\u00e1s, el Ministerio de las Culturas, las Artes y los Saberes destinar\u00e1 $61.700 millones adicionales para la restauraci\u00f3n patrimonial del conjunto hist\u00f3rico, declarado Bien de Inter\u00e9s Cultural de la Naci\u00f3n.<\/p>\n\n\n\n<p>El ministro de Salud, Guillermo Alfonso Jaramillo, afirm\u00f3 que el proyecto no solo representa la recuperaci\u00f3n de una infraestructura hospitalaria, sino la reparaci\u00f3n de una deuda hist\u00f3rica con la salud p\u00fablica y con el conocimiento cient\u00edfico.<\/p>\n\n\n\n<p>\u201cEl Ministerio de Salud y Protecci\u00f3n Social lidera este proceso con el compromiso de devolverle a Bogot\u00e1 y al pa\u00eds un centro hospitalario moderno, digno y al servicio de todos los colombianos\u201d, se\u00f1al\u00f3 el ministro.<\/p>\n\n\n\n<p>Fundado en el siglo XVIII y considerado durante d\u00e9cadas el epicentro de la formaci\u00f3n m\u00e9dica y de la investigaci\u00f3n cient\u00edfica en Colombia, el Hospital San Juan de Dios encarna la memoria de la medicina social del pa\u00eds.<\/p>\n\n\n\n<p>Su restauraci\u00f3n integrar\u00e1 infraestructura moderna, tecnolog\u00eda biom\u00e9dica de \u00faltima generaci\u00f3n, reforzamiento estructural de la Torre Central y construcci\u00f3n de tres nuevos bloques hospitalarios. Tambi\u00e9n contempla obras de urbanismo y espacio p\u00fablico, as\u00ed como la dotaci\u00f3n de equipos tecnol\u00f3gicos y mobiliario hospitalario, que permitir\u00e1n ampliar la capacidad instalada de la red p\u00fablica en Bogot\u00e1 y fortalecer la atenci\u00f3n m\u00e9dica nacional.<\/p>\n\n\n\n<h2 class=\"wp-block-heading\">Red hospitalaria<\/h2>\n\n\n\n<p>La inversi\u00f3n aprobada tambi\u00e9n contempla el fortalecimiento de la red de hospitales de alta complejidad, con una destinaci\u00f3n de $3 billones.<\/p>\n\n\n\n<p>Este componente busca ampliar y modernizar la capacidad instalada del sistema p\u00fablico de salud, priorizando la atenci\u00f3n especializada, la dotaci\u00f3n de equipos de \u00faltima tecnolog\u00eda y la mejora de los servicios hospitalarios en regiones que hist\u00f3ricamente han enfrentado limitaciones de cobertura y acceso.<\/p>\n\n\n\n<p>Con esta apuesta el Gobierno Nacional avanza en la transformaci\u00f3n estructural del sistema de salud, orientada a construir un modelo preventivo, predictivo y resolutivo que garantice el derecho fundamental a la salud.<\/p>\n\n\n\n<h2 class=\"wp-block-heading\">Soberan\u00eda sanitaria nacional<\/h2>\n\n\n\n<p>El tercer eje se enfoca en el fortalecimiento de la producci\u00f3n nacional farmac\u00e9utica, con recursos por $1,3 billones.<\/p>\n\n\n\n<p>Este esfuerzo tiene como objetivo consolidar la autonom\u00eda sanitaria del pa\u00eds, reducir la dependencia de importaciones en la adquisici\u00f3n de medicamentos y asegurar la disponibilidad oportuna de insumos esenciales para el sistema de salud, adem\u00e1s de fortalecer la capacidad de respuesta ante emergencias de salud p\u00fablica.&nbsp;<\/p>\n\n\n\n<p>Este proyecto, que articula los esfuerzos de los ministerios de Salud, Hacienda, Cultura, Educaci\u00f3n y Planeaci\u00f3n Nacional, simboliza el compromiso del Estado con la recuperaci\u00f3n del patrimonio p\u00fablico y la reparaci\u00f3n hist\u00f3rica de la salud como derecho colectivo.<\/p>\n\n\n\n<p><em>(Con informaci\u00f3n del ministerio de Hacienda y Cr\u00e9dito P\u00fablico y el Ministerio de Salud y Protecci\u00f3n Social)<\/em><\/p>\n","protected":false},"excerpt":{"rendered":"<p>El anuncio fue hecho por el ministro de Hacienda y Cr\u00e9dito P\u00fablico, Germ\u00e1n \u00c1vila, e incluye tres grandes frentes de acci\u00f3n: la recuperaci\u00f3n integral del Hospital San Juan de Dios y del Instituto Materno Infantil, la modernizaci\u00f3n de la red de hospitales de alta complejidad, y el fortalecimiento de la producci\u00f3n farmac\u00e9utica nacional.<\/p>\n","protected":false},"author":2,"featured_media":344,"comment_status":"open","ping_status":"closed","sticky":false,"template":"","format":"standard","meta":{"footnotes":""},"categories":[16],"tags":[15,61,60,62,7,23,5],"class_list":["post-343","post","type-post","status-publish","format-standard","has-post-thumbnail","hentry","category-noticias","tag-colombia","tag-guillermo-alfonso-jaramillo","tag-hospital-san-juan-de-dios","tag-ministerio-de-planeacion","tag-minsalud","tag-ppmv","tag-publicaciones-pmv"],"_links":{"self":[{"href":"https:\/\/publicaciones-pmv.co\/index.php\/wp-json\/wp\/v2\/posts\/343","targetHints":{"allow":["GET"]}}],"collection":[{"href":"https:\/\/publicaciones-pmv.co\/index.php\/wp-json\/wp\/v2\/posts"}],"about":[{"href":"https:\/\/publicaciones-pmv.co\/index.php\/wp-json\/wp\/v2\/types\/post"}],"author":[{"embeddable":true,"href":"https:\/\/publicaciones-pmv.co\/index.php\/wp-json\/wp\/v2\/users\/2"}],"replies":[{"embeddable":true,"href":"https:\/\/publicaciones-pmv.co\/index.php\/wp-json\/wp\/v2\/comments?post=343"}],"version-history":[{"count":1,"href":"https:\/\/publicaciones-pmv.co\/index.php\/wp-json\/wp\/v2\/posts\/343\/revisions"}],"predecessor-version":[{"id":345,"href":"https:\/\/publicaciones-pmv.co\/index.php\/wp-json\/wp\/v2\/posts\/343\/revisions\/345"}],"wp:featuredmedia":[{"embeddable":true,"href":"https:\/\/publicaciones-pmv.co\/index.php\/wp-json\/wp\/v2\/media\/344"}],"wp:attachment":[{"href":"https:\/\/publicaciones-pmv.co\/index.php\/wp-json\/wp\/v2\/media?parent=343"}],"wp:term":[{"taxonomy":"category","embeddable":true,"href":"https:\/\/publicaciones-pmv.co\/index.php\/wp-json\/wp\/v2\/categories?post=343"},{"taxonomy":"post_tag","embeddable":true,"href":"https:\/\/publicaciones-pmv.co\/index.php\/wp-json\/wp\/v2\/tags?post=343"}],"curies":[{"name":"wp","href":"https:\/\/api.w.org\/{rel}","templated":true}]}}