{"id":337,"date":"2025-10-20T18:34:36","date_gmt":"2025-10-20T23:34:36","guid":{"rendered":"https:\/\/publicaciones-pmv.co\/?p=337"},"modified":"2025-10-20T18:48:34","modified_gmt":"2025-10-20T23:48:34","slug":"colombia-impulsa-cooperacion-birregional-para-fortalecer-la-gobernanza-migratoria-en-america-latina","status":"publish","type":"post","link":"https:\/\/publicaciones-pmv.co\/index.php\/2025\/10\/20\/colombia-impulsa-cooperacion-birregional-para-fortalecer-la-gobernanza-migratoria-en-america-latina\/","title":{"rendered":"Colombia impulsa cooperaci\u00f3n birregional para fortalecer la gobernanza migratoria en Am\u00e9rica Latina"},"content":{"rendered":"\n<p>\u00a0La Direcci\u00f3n de Asuntos Consulares del Ministerio de Relaciones Exteriores particip\u00f3 en la VI Reuni\u00f3n Plenaria entre la Conferencia Regional sobre Migraci\u00f3n (CRM) y la Conferencia Suramericana sobre Migraciones (CSM), un espacio clave de concertaci\u00f3n birregional que busca fortalecer la cooperaci\u00f3n y la gobernanza migratoria frente a los nuevos desaf\u00edos del continente.<\/p>\n\n\n\n<p>Durante el encuentro, realizado el 15 y 16 de octubre en San Jos\u00e9, las delegaciones de Am\u00e9rica del Sur, Centroam\u00e9rica y Norteam\u00e9rica discutieron estrategias conjuntas para avanzar en la gesti\u00f3n integral de fronteras, la lucha contra la trata de personas y el tr\u00e1fico il\u00edcito de migrantes, la promoci\u00f3n de v\u00edas regulares y seguras, as\u00ed como la protecci\u00f3n consular y la migraci\u00f3n laboral.<\/p>\n\n\n\n<p>Tambi\u00e9n se destacaron los avances alcanzados desde la \u00faltima plenaria, efectuada en Bogot\u00e1 en 2024, con la implementaci\u00f3n de actividades conjuntas como el Webinar sobre protecci\u00f3n de ni\u00f1as, ni\u00f1os y adolescentes migrantes, el III Curso sobre Derechos Humanos y Gesti\u00f3n Humanitaria de Fronteras en Panam\u00e1 y el Webinario sobre Integraci\u00f3n Migratoria.<\/p>\n\n\n\n<p>Como resultado del di\u00e1logo, los pa\u00edses miembros definieron nuevas prioridades para 2026, incluyendo al menos tres actividades birregionales lideradas por las pr\u00f3ximas presidencias pro tempore, y acordaron la emisi\u00f3n de un comunicado conjunto que recoge los principales consensos alcanzados.<\/p>\n\n\n\n<p>La delegaci\u00f3n colombiana reiter\u00f3 el compromiso del pa\u00eds con una agenda migratoria integral que articule la protecci\u00f3n de derechos, la integraci\u00f3n socioecon\u00f3mica y una gesti\u00f3n fronteriza eficaz y humana, subrayando la importancia de fortalecer este espacio birregional como un mecanismo esencial para construir respuestas coordinadas, sostenibles y con enfoque de derechos frente a los flujos migratorios en la regi\u00f3n.<\/p>\n\n\n\n<p>Fuente: <a href=\"https:\/\/www.cancilleria.gov.co\/newsroom\/news\/colombia-impulsa-cooperacion-birregional-fortalecer-gobernanza-migratoria-america\">https:\/\/www.cancilleria.gov.co\/newsroom\/news\/colombia-impulsa-cooperacion-birregional-fortalecer-gobernanza-migratoria-america<\/a><\/p>\n\n\n\n<p><\/p>\n","protected":false},"excerpt":{"rendered":"<p>La Direcci\u00f3n de Asuntos Consulares del Ministerio de Relaciones Exteriores particip\u00f3 en la VI Reuni\u00f3n Plenaria entre la Conferencia Regional sobre Migraci\u00f3n (CRM) y la Conferencia Suramericana sobre Migraciones (CSM), un espacio clave de concertaci\u00f3n birregional que busca fortalecer la cooperaci\u00f3n y la gobernanza migratoria frente a los nuevos desaf\u00edos del continente.<\/p>\n","protected":false},"author":2,"featured_media":335,"comment_status":"open","ping_status":"closed","sticky":false,"template":"","format":"standard","meta":{"footnotes":""},"categories":[16],"tags":[15,14,4,3,23,5],"class_list":["post-337","post","type-post","status-publish","format-standard","has-post-thumbnail","hentry","category-noticias","tag-colombia","tag-minambiente","tag-pmv","tag-pnd","tag-ppmv","tag-publicaciones-pmv"],"_links":{"self":[{"href":"https:\/\/publicaciones-pmv.co\/index.php\/wp-json\/wp\/v2\/posts\/337","targetHints":{"allow":["GET"]}}],"collection":[{"href":"https:\/\/publicaciones-pmv.co\/index.php\/wp-json\/wp\/v2\/posts"}],"about":[{"href":"https:\/\/publicaciones-pmv.co\/index.php\/wp-json\/wp\/v2\/types\/post"}],"author":[{"embeddable":true,"href":"https:\/\/publicaciones-pmv.co\/index.php\/wp-json\/wp\/v2\/users\/2"}],"replies":[{"embeddable":true,"href":"https:\/\/publicaciones-pmv.co\/index.php\/wp-json\/wp\/v2\/comments?post=337"}],"version-history":[{"count":2,"href":"https:\/\/publicaciones-pmv.co\/index.php\/wp-json\/wp\/v2\/posts\/337\/revisions"}],"predecessor-version":[{"id":339,"href":"https:\/\/publicaciones-pmv.co\/index.php\/wp-json\/wp\/v2\/posts\/337\/revisions\/339"}],"wp:featuredmedia":[{"embeddable":true,"href":"https:\/\/publicaciones-pmv.co\/index.php\/wp-json\/wp\/v2\/media\/335"}],"wp:attachment":[{"href":"https:\/\/publicaciones-pmv.co\/index.php\/wp-json\/wp\/v2\/media?parent=337"}],"wp:term":[{"taxonomy":"category","embeddable":true,"href":"https:\/\/publicaciones-pmv.co\/index.php\/wp-json\/wp\/v2\/categories?post=337"},{"taxonomy":"post_tag","embeddable":true,"href":"https:\/\/publicaciones-pmv.co\/index.php\/wp-json\/wp\/v2\/tags?post=337"}],"curies":[{"name":"wp","href":"https:\/\/api.w.org\/{rel}","templated":true}]}}