{"id":314,"date":"2025-10-15T12:06:36","date_gmt":"2025-10-15T17:06:36","guid":{"rendered":"https:\/\/publicaciones-pmv.co\/?p=314"},"modified":"2025-10-15T12:06:38","modified_gmt":"2025-10-15T17:06:38","slug":"el-gobierno-de-petro-prepara-la-ofensiva-para-proteger-sus-reformas-de-salud-y-pensional","status":"publish","type":"post","link":"https:\/\/publicaciones-pmv.co\/index.php\/2025\/10\/15\/el-gobierno-de-petro-prepara-la-ofensiva-para-proteger-sus-reformas-de-salud-y-pensional\/","title":{"rendered":"El Gobierno de Petro prepara la ofensiva para proteger sus reformas de salud y pensional"},"content":{"rendered":"\n<p>Las dos reformas sociales m\u00e1s importantes para el presidente de Colombia, Gustavo Petro, enfrentan esta semana obst\u00e1culos definitivos para su aprobaci\u00f3n y su puesta en marcha. La Comisi\u00f3n S\u00e9ptima del Senado retomar\u00e1 el martes al mediod\u00eda, despu\u00e9s de una semana de descanso, la discusi\u00f3n del proyecto de ley que busca cambiar de ra\u00edz el sistema de salud colombiano. En paralelo, la sala plena de la Corte Constitucional debatir\u00e1 el destino de la reforma al sistema pensional con el prop\u00f3sito de decidir si cumple o no con los requisitos legales para convertirse en realidad. El Gobierno, por su parte, ha comenzado una ofensiva medi\u00e1tica, burocr\u00e1tica y con un llamado a las calles para buscar que los poderes Legislativo y Judicial le den v\u00eda libre a las dos reformas.<\/p>\n\n\n\n<p>Este martes, los sectores del movimiento sindical afines al Gobierno han convocado a una jornada de manifestaciones en las principales ciudades de Colombia para respaldar las reformas de Petro. La Federaci\u00f3n Colombiana de Trabajadores de la Educaci\u00f3n (FECODE) y la Central Unitaria de Trabajadores (CUT) citaron a una concentraci\u00f3n en la Plaza de Bol\u00edvar que iniciar\u00e1 a las 10 de la ma\u00f1ana. Tambi\u00e9n har\u00e1n plantones frente a los Palacios de Justicia de cada ciudad principal en todo el pa\u00eds. Fabio Arias, presidente de la CUT, asegur\u00f3 en un video que marchar\u00e1n para que la Corte apruebe la reforma pensional y el Congreso la de la salud. \u201cSe ha conocido una ponencia negativa del presidente y magistrado Jorge Enrique Ib\u00e1\u00f1ez, que va a encaminada a declarar inexequible la ley de pensiones, invitamos a la ciudadan\u00eda a rechazar esa ponencia\u201d, asegura.<\/p>\n\n\n\n<p>El texto, por ahora, no se ha conocido p\u00fablicamente, pero en los \u00faltimos d\u00edas el presidente Petro tambi\u00e9n ha arremetido contra el magistrado Ib\u00e1\u00f1ez, quien en el pasado tuvo una postura cr\u00edtica frente a la reforma. \u201cAlguien que niega un hijo no puede ser presidente de la Corte Constitucional. Si le niega los derechos a su propio hijo, le negar\u00e1 los derechos a todos los colombianos\u201d, escribi\u00f3 el mandatario de izquierda en sus redes sociales, este fin de semana, en referencia a una investigaci\u00f3n del medio digital Casa Macondo que denuncia las faltas de Ib\u00e1\u00f1ez con un hijo que no ha reconocido.<\/p>\n\n\n\n<p>Petro, adem\u00e1s, ha usado su cuenta de X, con m\u00e1s de ocho millones de seguidores, para explicar por qu\u00e9 a su juicio los cuestionamientos de la Corte, especialmente a la forma como se aprob\u00f3 la reforma, son infundados: \u201cEl magistrado Ib\u00e1\u00f1ez quiere volver doctrina pol\u00edtica algo que acabar\u00eda no solo la ley pensional, sino media legislaci\u00f3n. Ninguna norma dice que el anuncio de una sesi\u00f3n posterior debe ser aprobado, por eso se requiere que la sesi\u00f3n sea v\u00e1lida, sea con qu\u00f3rum deliberatorio o qu\u00f3rum decisorio. Se anuncia y punto. El anuncio no requiere aprobaci\u00f3n. Puede pedir un parlamentario que se cambie el orden del d\u00eda y eso si requiere aprobaci\u00f3n as\u00ed que vamos a una trampa. Se caer\u00edan todas las leyes que no han tenido anuncios con qu\u00f3rum y no se han aprobado, es decir, la mayor\u00eda\u201d.<\/p>\n\n\n\n<p>Lo primero que se votar\u00e1 en la Corte ser\u00e1 si el magistrado H\u00e9ctor Carvajal, abogado personal del presidente, puede o no participar en la discusi\u00f3n de la reforma. La senadora opositora Paloma Valencia, del Centro Democr\u00e1tico, recus\u00f3 a Carvajal por haber suscrito dos contratos con Colpensiones relacionados con la reforma. Ahora, los dem\u00e1s magistrados definir\u00e1n si est\u00e1 inhabilitado. Esa primera pelea podr\u00e1 definir el rumbo del proyecto de ley, aprobado hace un a\u00f1o en el Congreso, que cambia el sistema de pensiones a uno de pilares, y que busca darle un bono pensional a m\u00e1s de tres millones de ancianos desprotegidos que hoy viven en la pobreza.<\/p>\n\n\n\n<p>Frente a la reforma a la salud, el Gobierno tambi\u00e9n ha puesto en marcha un plan para presionar a los senadores a que aprueben el proyecto. Sin embargo, parece que los intentos liderados por el ministro del Interior, Armando Benedetti, a\u00fan no dan sus frutos. El proyecto del Gobierno propone eliminar el sistema creado en 1993, en el que la poblaci\u00f3n se afilia a unas Entidades Promotoras de Salud (EPS), p\u00fablicas o privadas, que sirven como sus aseguradoras y eligen con qu\u00e9 cl\u00ednicas, farmac\u00e9uticas o laboratorios contratan los servicios para los ciudadanos. El presidente propone que las EPS se transformen en gestoras de salud, y se limiten a auditar los cobros de los prestadores al Estado. Su idea parece no tener los votos necesarios.<\/p>\n\n\n\n<p>El Gobierno tiene solo el apoyo de cinco congresistas: Wilson Arias, Martha Peralta, Ferney Silva, del Pacto Hist\u00f3rico; de Fabi\u00e1n D\u00edaz, de la Alianza Verde; y de \u00d3mar de Jes\u00fas Restrepo, de Comunes. En contra est\u00e1n las conservadoras Nadia Blel y Esperanza Andrade; el liberal y presidente de la comisi\u00f3n, Miguel \u00c1ngel Pinto; de Honorio Henr\u00edquez y Alirio Barrera, del Centro Democr\u00e1tico; y de Berenice Bedoya de ASI. Quienes definir\u00e1n la balanza son las senadoras Lorena R\u00edos, de Colombia Justa Libres; Ana Paola Agudelo, del MIRA; y Norma Hurtado, del partido de la U. Las tres presentaron una ponencia alternativa, que propone una reforma diferente y podr\u00eda ser un punto intermedio, pero solo se votar\u00e1 si la comisi\u00f3n rechaza la ponencia de archivo y la ponencia del Gobierno.<\/p>\n\n\n\n<p>Petro y su ministro de Salud, Guillermo Alfonso Jaramillo, han dedicado varios mensajes en redes sociales y alocuciones p\u00fablicas para insistir en sus cr\u00edticas al modelo actual y para acusar de corrupci\u00f3n y malos manejos de dinero a las EPS. En paralelo, Benedetti ha anunciado la posibilidad de convocar a una nueva consulta popular, similar a la que intentaron hacer con la reforma laboral, con el fin de que sea la ciudadan\u00eda la que escoja si quiere cambiar el sistema de salud. Todo esto con el objetivo de convencer a dos o tres senadores de que apoyen la reforma en la Comisi\u00f3n S\u00e9ptima para que pase al \u00faltimo debate en la plenaria del Senado.<\/p>\n\n\n\n<div style=\"height:100px\" aria-hidden=\"true\" class=\"wp-block-spacer\"><\/div>\n\n\n\n<p>Fuente: El Pa\u00eds<\/p>\n\n\n\n<p><\/p>\n","protected":false},"excerpt":{"rendered":"<p>Esta semana la Comisi\u00f3n S\u00e9ptima del Senado reanudar\u00e1 la discusi\u00f3n sobre la reforma sanitaria y la sala plena de la Corte Constitucional definir\u00e1 si la ley de pensiones cumple todos los requisitos para entrar en vigencia<\/p>\n","protected":false},"author":2,"featured_media":315,"comment_status":"open","ping_status":"closed","sticky":false,"template":"","format":"standard","meta":{"footnotes":""},"categories":[16],"tags":[53,7,3,23,5],"class_list":["post-314","post","type-post","status-publish","format-standard","has-post-thumbnail","hentry","category-noticias","tag-gobierno","tag-minsalud","tag-pnd","tag-ppmv","tag-publicaciones-pmv"],"_links":{"self":[{"href":"https:\/\/publicaciones-pmv.co\/index.php\/wp-json\/wp\/v2\/posts\/314","targetHints":{"allow":["GET"]}}],"collection":[{"href":"https:\/\/publicaciones-pmv.co\/index.php\/wp-json\/wp\/v2\/posts"}],"about":[{"href":"https:\/\/publicaciones-pmv.co\/index.php\/wp-json\/wp\/v2\/types\/post"}],"author":[{"embeddable":true,"href":"https:\/\/publicaciones-pmv.co\/index.php\/wp-json\/wp\/v2\/users\/2"}],"replies":[{"embeddable":true,"href":"https:\/\/publicaciones-pmv.co\/index.php\/wp-json\/wp\/v2\/comments?post=314"}],"version-history":[{"count":1,"href":"https:\/\/publicaciones-pmv.co\/index.php\/wp-json\/wp\/v2\/posts\/314\/revisions"}],"predecessor-version":[{"id":316,"href":"https:\/\/publicaciones-pmv.co\/index.php\/wp-json\/wp\/v2\/posts\/314\/revisions\/316"}],"wp:featuredmedia":[{"embeddable":true,"href":"https:\/\/publicaciones-pmv.co\/index.php\/wp-json\/wp\/v2\/media\/315"}],"wp:attachment":[{"href":"https:\/\/publicaciones-pmv.co\/index.php\/wp-json\/wp\/v2\/media?parent=314"}],"wp:term":[{"taxonomy":"category","embeddable":true,"href":"https:\/\/publicaciones-pmv.co\/index.php\/wp-json\/wp\/v2\/categories?post=314"},{"taxonomy":"post_tag","embeddable":true,"href":"https:\/\/publicaciones-pmv.co\/index.php\/wp-json\/wp\/v2\/tags?post=314"}],"curies":[{"name":"wp","href":"https:\/\/api.w.org\/{rel}","templated":true}]}}