{"id":275,"date":"2025-10-07T15:55:38","date_gmt":"2025-10-07T20:55:38","guid":{"rendered":"https:\/\/publicaciones-pmv.co\/?p=275"},"modified":"2025-10-07T15:55:39","modified_gmt":"2025-10-07T20:55:39","slug":"mindefensa-y-registraduria-inician-diseno-de-estrategias-para-garantizar-el-plan-democracia-en-el-100-de-colombia","status":"publish","type":"post","link":"https:\/\/publicaciones-pmv.co\/index.php\/2025\/10\/07\/mindefensa-y-registraduria-inician-diseno-de-estrategias-para-garantizar-el-plan-democracia-en-el-100-de-colombia\/","title":{"rendered":"MinDefensa y Registradur\u00eda inician dise\u00f1o de estrategias para garantizar el \u2018Plan Democracia\u2019 en el 100% de Colombia"},"content":{"rendered":"\n<p>Como parte de la colaboraci\u00f3n arm\u00f3nica entre las instituciones del Estado, en las \u00faltimas horas se adelant\u00f3 una reuni\u00f3n para analizar inquietudes y dise\u00f1ar estrategias de cara a los comicios que se acercan este \u00faltimo trimestre del 2025 y la gran fiesta democr\u00e1tica de Presidencia y Congreso de la Rep\u00fablica para 2026.<\/p>\n\n\n\n<p>Este comit\u00e9, que estuvo lidero por el Ministro de Defensa Nacional, Pedro S\u00e1nchez Su\u00e1rez, y el Registrador Nacional del Estado Civil, Hern\u00e1n Penagos Giraldo, tuvo como fin, presentar un panorama completo de las fortalezas en materia de seguridad y log\u00edstica con las que se cuenta para los diferentes ejercicios democr\u00e1ticos que se avecinan.&nbsp;<\/p>\n\n\n\n<figure class=\"wp-block-image size-large\"><img loading=\"lazy\" decoding=\"async\" width=\"1024\" height=\"576\" src=\"https:\/\/publicaciones-pmv.co\/wp-content\/uploads\/2025\/10\/image-7-1024x576.png\" alt=\"\" class=\"wp-image-278\" srcset=\"https:\/\/publicaciones-pmv.co\/wp-content\/uploads\/2025\/10\/image-7-1024x576.png 1024w, https:\/\/publicaciones-pmv.co\/wp-content\/uploads\/2025\/10\/image-7-300x169.png 300w, https:\/\/publicaciones-pmv.co\/wp-content\/uploads\/2025\/10\/image-7-768x432.png 768w, https:\/\/publicaciones-pmv.co\/wp-content\/uploads\/2025\/10\/image-7-1536x864.png 1536w, https:\/\/publicaciones-pmv.co\/wp-content\/uploads\/2025\/10\/image-7-2048x1152.png 2048w\" sizes=\"auto, (max-width: 1024px) 100vw, 1024px\" \/><\/figure>\n\n\n\n<p>As\u00ed mismo, analizar las amenazas que puedan existir con el fin de ser anticipadas y neutralizadas y, de esta manera, evitar cualquier alteraci\u00f3n al libre ejercicio al voto.<\/p>\n\n\n\n<p>Tambi\u00e9n se acord\u00f3 que la Fuerza P\u00fablica dispondr\u00e1 de todas sus capacidades diferenciales para garantizar que, en cada departamento, ciudad, municipio, corregimiento y vereda, en donde haya una mesa de votaci\u00f3n exista presencia de uniformados que brinden seguridad y tranquilidad a las comunidades para que ejerzan su voto por el candidato de su preferencia con absoluta calma.<\/p>\n\n\n\n<p>Por tierra, agua y aire, las tropas del Ej\u00e9rcito Nacional, La Armada de Colombia, la Fuerza Aeroespacial y la Polic\u00eda Nacional trabajar\u00e1n de manera coordinada junto a las autoridades judiciales y civiles, para que el \u2018Plan Democracia\u2019 se cumpla a cabalidad como muestra de una democracia seria y madura, como la que tiene actualmente Colombia.<\/p>\n\n\n\n<div style=\"height:100px\" aria-hidden=\"true\" class=\"wp-block-spacer\"><\/div>\n\n\n\n<p><\/p>\n\n\n\n<h1 class=\"wp-block-heading\"><strong>MinDefensa busca priorizar la industria nacional en la adquisici\u00f3n de bienes y servicios para Fuerzas Militares y de Polic\u00eda<\/strong><\/h1>\n\n\n\n<figure class=\"wp-block-image size-large\"><img loading=\"lazy\" decoding=\"async\" width=\"1024\" height=\"576\" src=\"https:\/\/publicaciones-pmv.co\/wp-content\/uploads\/2025\/10\/image-6-1024x576.png\" alt=\"\" class=\"wp-image-276\" srcset=\"https:\/\/publicaciones-pmv.co\/wp-content\/uploads\/2025\/10\/image-6-1024x576.png 1024w, https:\/\/publicaciones-pmv.co\/wp-content\/uploads\/2025\/10\/image-6-300x169.png 300w, https:\/\/publicaciones-pmv.co\/wp-content\/uploads\/2025\/10\/image-6-768x432.png 768w, https:\/\/publicaciones-pmv.co\/wp-content\/uploads\/2025\/10\/image-6-1536x864.png 1536w, https:\/\/publicaciones-pmv.co\/wp-content\/uploads\/2025\/10\/image-6.png 1567w\" sizes=\"auto, (max-width: 1024px) 100vw, 1024px\" \/><\/figure>\n\n\n\n<p>En cumplimiento a uno de los pilares de gesti\u00f3n del ministro de Defensa Nacional, Pedro S\u00e1nchez Su\u00e1rez, referente a la b\u00fasqueda de autonom\u00eda estrat\u00e9gica para el desarrollo de capacidades en seguridad y defensa; y en aplicaci\u00f3n al principio de coordinaci\u00f3n y colaboraci\u00f3n entre entidades del Estado -consagrado en el art\u00edculo 209 de la Constituci\u00f3n-, el despacho del jefe de la cartera de Defensa, emiti\u00f3 una serie de lineamientos a las Fuerzas Militares y la Polic\u00eda Nacional para la contrataci\u00f3n con entidades del Grupo Social y Empresarial de la Defensa &#8211; GSED.<\/p>\n\n\n\n<p>A trav\u00e9s de la Circular 009 de 2025, el Ministerio de Defensa Nacional busca instar a los ordenadores del gasto de las Fuerzas Militares y la Polic\u00eda Nacional a implementar mecanismos con los que se priorice la contrataci\u00f3n y adquisici\u00f3n de bienes y servicios, a trav\u00e9s de las entidades que conforman el conglomerado empresarial de la Defensa (GSED) el cual hace parte del Estado colombiano.<\/p>\n\n\n\n<p>\u201cEsto lo que supone es tener precisamente esa visi\u00f3n unificada de c\u00f3mo nosotros -desde el Grupo Social y Empresarial del Sector de la Defensa- podemos convertirnos en el proveedor natural de todas nuestras Fuerzas Militares y de Polic\u00eda\u201d precis\u00f3 la viceministra de Defensa Ana Catalina Cano Londo\u00f1o, quien a\u00f1adi\u00f3 que lo que busca el documento rector es \u201cgenerar una visi\u00f3n compartida y una estrategia a futuro que permita cumplir con el prop\u00f3sito y misi\u00f3n del GSED\u201d definido en la proporci\u00f3n de bienestar, bienes y servicios especializados, a trav\u00e9s de sus ocho unidades de negocio.<\/p>\n\n\n\n<p>La disposici\u00f3n administrativa busca enfocarse en la priorizaci\u00f3n de procesos de contrataci\u00f3n interadministrativa entre las Fuerzas de seguridad y orden y las empresas del GSED, sin embargo, tambi\u00e9n enfatiza en la importancia de respetar los principios de Estatuto General de Contrataci\u00f3n de la Administraci\u00f3n P\u00fablica, buscando siempre la eficiencia del gasto p\u00fablico y la adecuada utilizaci\u00f3n de la oferta estatal disponible.<\/p>\n\n\n\n<h3 class=\"wp-block-heading\"><strong>MinDefensa con autonom\u00eda en el desarrollo de tecnolog\u00eda a 2042<\/strong><\/h3>\n\n\n\n<p>De otra parte, la Viceministra Cano celebr\u00f3 la reciente actualizaci\u00f3n de la visi\u00f3n del Ministerio de Defensa Nacional, la cual qued\u00f3 formalizada a trav\u00e9s de la Resoluci\u00f3n 3988 de 2025, estipulando que: \u201cEn el 2042 el Ministerio ser\u00e1 reconocido como l\u00edder regional y referente global en seguridad y defensa, con altos est\u00e1ndares por el respeto de los derechos humanos, con capacidades de vanguardia y autonom\u00eda estrat\u00e9gica en la industria de defensa\u201d, reza el documento.<\/p>\n\n\n\n<p>\u201cEs un hito que por primera vez en la historia el Ministerio de Defensa Nacional contemple en su visi\u00f3n el fortalecimiento de la industria, lo que nos va a permitir avanzar hacia la autonom\u00eda estrat\u00e9gica del sector\u201d, puntualiz\u00f3 la alta funcionaria del Gobierno Nacional. Esta nueva orientaci\u00f3n consolida al Grupo Social y Empresarial de la Defensa &#8211; GSED como un motor de innovaci\u00f3n, empleo, ciencia y tecnolog\u00eda en la industria de la defensa, la cual se proyecta como jalonadora de progreso y bienestar para el pa\u00eds.<\/p>\n","protected":false},"excerpt":{"rendered":"<p>Por tierra, agua y aire, trabajar\u00e1n de manera coordinada junto a las autoridades judiciales y civiles, para que el \u2018Plan Democracia\u2019 se cumpla a cabalidad como muestra de una democracia seria y madura.<\/p>\n","protected":false},"author":2,"featured_media":277,"comment_status":"open","ping_status":"closed","sticky":false,"template":"","format":"standard","meta":{"footnotes":""},"categories":[16],"tags":[42,41,43,3,23,5],"class_list":["post-275","post","type-post","status-publish","format-standard","has-post-thumbnail","hentry","category-noticias","tag-mindefensa","tag-ministerio-de-defensa","tag-plan-democracia","tag-pnd","tag-ppmv","tag-publicaciones-pmv"],"_links":{"self":[{"href":"https:\/\/publicaciones-pmv.co\/index.php\/wp-json\/wp\/v2\/posts\/275","targetHints":{"allow":["GET"]}}],"collection":[{"href":"https:\/\/publicaciones-pmv.co\/index.php\/wp-json\/wp\/v2\/posts"}],"about":[{"href":"https:\/\/publicaciones-pmv.co\/index.php\/wp-json\/wp\/v2\/types\/post"}],"author":[{"embeddable":true,"href":"https:\/\/publicaciones-pmv.co\/index.php\/wp-json\/wp\/v2\/users\/2"}],"replies":[{"embeddable":true,"href":"https:\/\/publicaciones-pmv.co\/index.php\/wp-json\/wp\/v2\/comments?post=275"}],"version-history":[{"count":1,"href":"https:\/\/publicaciones-pmv.co\/index.php\/wp-json\/wp\/v2\/posts\/275\/revisions"}],"predecessor-version":[{"id":279,"href":"https:\/\/publicaciones-pmv.co\/index.php\/wp-json\/wp\/v2\/posts\/275\/revisions\/279"}],"wp:featuredmedia":[{"embeddable":true,"href":"https:\/\/publicaciones-pmv.co\/index.php\/wp-json\/wp\/v2\/media\/277"}],"wp:attachment":[{"href":"https:\/\/publicaciones-pmv.co\/index.php\/wp-json\/wp\/v2\/media?parent=275"}],"wp:term":[{"taxonomy":"category","embeddable":true,"href":"https:\/\/publicaciones-pmv.co\/index.php\/wp-json\/wp\/v2\/categories?post=275"},{"taxonomy":"post_tag","embeddable":true,"href":"https:\/\/publicaciones-pmv.co\/index.php\/wp-json\/wp\/v2\/tags?post=275"}],"curies":[{"name":"wp","href":"https:\/\/api.w.org\/{rel}","templated":true}]}}