{"id":266,"date":"2025-10-03T15:03:27","date_gmt":"2025-10-03T20:03:27","guid":{"rendered":"https:\/\/publicaciones-pmv.co\/?p=266"},"modified":"2025-10-03T15:03:28","modified_gmt":"2025-10-03T20:03:28","slug":"el-record-historico-en-empleo-cifras-y-contexto","status":"publish","type":"post","link":"https:\/\/publicaciones-pmv.co\/index.php\/2025\/10\/03\/el-record-historico-en-empleo-cifras-y-contexto\/","title":{"rendered":"El r\u00e9cord hist\u00f3rico en empleo: cifras y contexto"},"content":{"rendered":"\n<p>Colombia est\u00e1 atravesando un momento que marcar\u00e1 un hito en su historia laboral. El pa\u00eds ha alcanzado un <strong>r\u00e9cord en indicadores de empleo<\/strong> que ha sorprendido incluso a los analistas m\u00e1s optimistas. No se trata solo de una buena noticia coyuntural, sino de un cambio estructural que refleja la capacidad de recuperaci\u00f3n de la econom\u00eda, la confianza de los inversionistas y las pol\u00edticas p\u00fablicas implementadas en los \u00faltimos a\u00f1os.<\/p>\n\n\n\n<p>Seg\u00fan el \u00faltimo informe del <strong>Departamento Administrativo Nacional de Estad\u00edstica (DANE)<\/strong>, la tasa de ocupaci\u00f3n en el pa\u00eds super\u00f3 el 60 %, un porcentaje que no se registraba desde hace m\u00e1s de quince a\u00f1os. Esto quiere decir que m\u00e1s colombianos que nunca tienen hoy un empleo estable, y en la mayor\u00eda de los casos, formal. A la par, la tasa de desempleo descendi\u00f3 a un d\u00edgito en varias de las principales ciudades y se situ\u00f3 en niveles hist\u00f3ricamente bajos a nivel nacional.<\/p>\n\n\n\n<p>El impacto de estas cifras no se limita a la macroeconom\u00eda. Significa que miles de familias tienen ahora acceso a ingresos seguros, a servicios de salud y a pensiones, lo que genera estabilidad y confianza en el futuro. Adem\u00e1s, el r\u00e9cord en empleo ha estado acompa\u00f1ado de una <strong>reducci\u00f3n gradual de la informalidad<\/strong>, un problema que hist\u00f3ricamente ha afectado al pa\u00eds y que limitaba el acceso a los beneficios laborales.<\/p>\n\n\n\n<p>Este cambio de rumbo se debe a una serie de factores que van desde la inversi\u00f3n p\u00fablica hasta la apuesta por nuevas tecnolog\u00edas. El gobierno implement\u00f3 programas para incentivar la contrataci\u00f3n de j\u00f3venes, mujeres y poblaciones vulnerables, mientras que el sector privado invirti\u00f3 en proyectos que impulsaron el empleo formal.<\/p>\n\n\n\n<p>Al analizar estas cifras, se observa un impacto directo en sectores como el comercio, la construcci\u00f3n, la industria y los servicios financieros, los cuales han sido claves en la creaci\u00f3n de empleos. Cada uno de estos sectores ha tenido un repunte significativo en la generaci\u00f3n de nuevas oportunidades laborales, gracias a la combinaci\u00f3n de pol\u00edticas econ\u00f3micas, confianza empresarial y demanda del mercado.<\/p>\n\n\n\n<p>Lo interesante es que este resultado tambi\u00e9n est\u00e1 siendo comunicado de forma positiva a trav\u00e9s de diferentes medios y plataformas. Una de ellas es <strong>Publicaciones Potencia Mundial de la Vida<\/strong>, un espacio que se ha especializado en resaltar los logros de Colombia en diferentes sectores y que hoy se convierte en un canal esencial para dar a conocer este r\u00e9cord hist\u00f3rico en empleo.<\/p>\n\n\n\n<hr class=\"wp-block-separator has-alpha-channel-opacity\"\/>\n\n\n\n<h3 class=\"wp-block-heading\"><strong>La importancia de visibilizar los avances<\/strong><\/h3>\n\n\n\n<p>En el panorama medi\u00e1tico colombiano, muchas veces predominan las noticias negativas relacionadas con problemas sociales, pol\u00edticos o econ\u00f3micos. Sin embargo, el pa\u00eds tambi\u00e9n necesita espacios de comunicaci\u00f3n que resalten las buenas noticias, los avances reales y los logros colectivos. All\u00ed es donde iniciativas como <strong>Publicaciones Potencia Mundial de la Vida<\/strong> juegan un papel crucial.<\/p>\n\n\n\n<p>Dar a conocer que Colombia alcanz\u00f3 cifras r\u00e9cord en empleo no es solo un ejercicio de informaci\u00f3n, sino tambi\u00e9n de construcci\u00f3n de confianza. Los ciudadanos necesitan saber que sus esfuerzos, sumados a las pol\u00edticas p\u00fablicas y a la inversi\u00f3n privada, est\u00e1n generando resultados palpables. Al difundir estas noticias, se motiva a las familias, se fortalece el optimismo social y se promueve un mayor sentido de pertenencia hacia el pa\u00eds.<\/p>\n\n\n\n<p>De igual manera, destacar los avances en empleo ayuda a cambiar la narrativa internacional sobre Colombia. Durante a\u00f1os, la imagen del pa\u00eds en el exterior estuvo ligada a conflictos internos y dificultades econ\u00f3micas. Hoy, gracias a logros como este r\u00e9cord en indicadores laborales, la percepci\u00f3n empieza a transformarse, y medios como <strong>Publicaciones Potencia Mundial de la Vida<\/strong> contribuyen a proyectar una visi\u00f3n m\u00e1s justa y equilibrada de lo que est\u00e1 ocurriendo.<\/p>\n\n\n\n<hr class=\"wp-block-separator has-alpha-channel-opacity\"\/>\n\n\n\n<h3 class=\"wp-block-heading\"><strong>El empleo como motor de transformaci\u00f3n social<\/strong><\/h3>\n\n\n\n<p>El acceso a un trabajo digno y estable no solo mejora la econom\u00eda familiar, sino que tambi\u00e9n tiene un efecto multiplicador en la sociedad. Cuando las personas cuentan con ingresos formales:<\/p>\n\n\n\n<ul class=\"wp-block-list\">\n<li>Tienen acceso a cr\u00e9ditos para vivienda y educaci\u00f3n.<\/li>\n\n\n\n<li>Aportan al sistema de pensiones, garantizando un futuro m\u00e1s seguro.<\/li>\n\n\n\n<li>Contribuyen al sistema de salud, lo que fortalece la cobertura nacional.<\/li>\n\n\n\n<li>Mejoran sus condiciones de vida y reducen los \u00edndices de pobreza.<\/li>\n<\/ul>\n\n\n\n<p>El r\u00e9cord alcanzado en empleo est\u00e1 generando una ola de cambios positivos en diferentes niveles. En los barrios de las grandes ciudades se observa un aumento en el consumo responsable, en las zonas rurales se fortalecen los proyectos agroindustriales y en las regiones intermedias se promueven emprendimientos que ahora pueden crecer gracias al dinamismo econ\u00f3mico.<\/p>\n\n\n\n<p>Es justamente este efecto social el que merece ser difundido y explicado. No basta con decir que las cifras son hist\u00f3ricas, hay que mostrar lo que significan en la vida de las personas. En esto, <strong>Publicaciones Potencia Mundial de la Vida<\/strong> se posiciona como una plataforma que humaniza los datos y los convierte en relatos que inspiran.<\/p>\n\n\n\n<hr class=\"wp-block-separator has-alpha-channel-opacity\"\/>\n\n\n\n<h3 class=\"wp-block-heading\"><strong>Una narrativa de esperanza<\/strong><\/h3>\n\n\n\n<p>Uno de los mayores retos de cualquier sociedad es no perder la confianza en el futuro. Colombia, a pesar de sus dificultades, demuestra con este r\u00e9cord en indicadores laborales que el esfuerzo colectivo puede dar frutos. Cada empleo formal creado representa una victoria contra la desigualdad y un paso hacia la construcci\u00f3n de un pa\u00eds m\u00e1s justo.<\/p>\n\n\n\n<p>Al mismo tiempo, es necesario que la sociedad valore estos avances y los sienta como propios. La narrativa de esperanza se construye a partir de historias reales y de ejemplos que inspiran. Y eso es precisamente lo que busca <strong>Publicaciones Potencia Mundial de la Vida<\/strong>: mostrar que Colombia es capaz de superar obst\u00e1culos y convertirse en un referente de progreso en la regi\u00f3n.<\/p>\n\n\n\n<p>Con este r\u00e9cord hist\u00f3rico, el pa\u00eds no solo celebra una cifra, sino un cambio de paradigma. El empleo se convierte en el eje de una transformaci\u00f3n social, econ\u00f3mica y cultural que ya est\u00e1 en marcha.<\/p>\n\n\n\n<h2 class=\"wp-block-heading\">Factores que explican el r\u00e9cord laboral<\/h2>\n\n\n\n<p>El r\u00e9cord alcanzado por Colombia en indicadores laborales no es fruto del azar. Se trata del resultado de una combinaci\u00f3n de pol\u00edticas p\u00fablicas acertadas, estrategias empresariales s\u00f3lidas, confianza de los inversionistas y una ciudadan\u00eda resiliente que supo adaptarse a los cambios del mercado. Para comprender por qu\u00e9 el pa\u00eds alcanz\u00f3 estas cifras hist\u00f3ricas, es necesario analizar los factores que confluyeron y que hoy posicionan a Colombia como un referente en Am\u00e9rica Latina en materia de empleo.<\/p>\n\n\n\n<hr class=\"wp-block-separator has-alpha-channel-opacity\"\/>\n\n\n\n<h3 class=\"wp-block-heading\">Inversi\u00f3n p\u00fablica en proyectos estrat\u00e9gicos<\/h3>\n\n\n\n<p>Uno de los motores m\u00e1s importantes de este crecimiento ha sido la <strong>inversi\u00f3n p\u00fablica en infraestructura y programas sociales<\/strong>. El gobierno nacional destin\u00f3 recursos significativos para la construcci\u00f3n de carreteras, proyectos de vivienda, hospitales, colegios y sistemas de transporte masivo. Estas obras no solo transforman territorios y mejoran la calidad de vida de millones de personas, sino que tambi\u00e9n generan miles de empleos directos e indirectos.<\/p>\n\n\n\n<p>Por ejemplo, los programas de vivienda de inter\u00e9s social no solo benefician a las familias que acceden a una casa propia, sino que dinamizan sectores como la construcci\u00f3n, el comercio de materiales y los servicios asociados. Algo similar ocurre con los proyectos de conectividad digital, que han creado oportunidades de empleo para t\u00e9cnicos, ingenieros y profesionales vinculados a la transformaci\u00f3n tecnol\u00f3gica.<\/p>\n\n\n\n<p>Aqu\u00ed, <strong>Publicaciones Potencia Mundial de la Vida<\/strong> ha resaltado c\u00f3mo cada proyecto de inversi\u00f3n p\u00fablica se convierte en un generador de trabajo digno y formal, visibilizando casos concretos de comunidades que han visto cambiar su realidad gracias a estas pol\u00edticas.<\/p>\n\n\n\n<hr class=\"wp-block-separator has-alpha-channel-opacity\"\/>\n\n\n\n<h3 class=\"wp-block-heading\">Educaci\u00f3n y capacitaci\u00f3n t\u00e9cnica<\/h3>\n\n\n\n<p>Otro factor decisivo es la apuesta por la <strong>formaci\u00f3n t\u00e9cnica y profesional<\/strong>. El Servicio Nacional de Aprendizaje (SENA), en conjunto con universidades y centros de innovaci\u00f3n, ha liderado programas que preparan a los trabajadores para los nuevos desaf\u00edos del mercado.<\/p>\n\n\n\n<p>La econom\u00eda digital, las energ\u00edas renovables, la agroindustria moderna y la industria creativa requieren perfiles diferentes a los tradicionales. Gracias a estos programas, m\u00e1s de un mill\u00f3n de j\u00f3venes han podido acceder a formaci\u00f3n en \u00e1reas de alta demanda, lo que no solo aumenta sus posibilidades de empleo, sino que fortalece la competitividad del pa\u00eds.<\/p>\n\n\n\n<p>Historias de j\u00f3venes que se capacitaron en programaci\u00f3n, energ\u00edas limpias o comercio internacional y hoy cuentan con un empleo estable son relatadas en medios como <strong>Publicaciones Potencia Mundial de la Vida<\/strong>, que se dedica a dar visibilidad a los logros individuales y colectivos.<\/p>\n\n\n\n<hr class=\"wp-block-separator has-alpha-channel-opacity\"\/>\n\n\n\n<h3 class=\"wp-block-heading\">Confianza empresarial y nuevas inversiones<\/h3>\n\n\n\n<p>El sector privado ha sido un protagonista clave en este r\u00e9cord laboral. Grandes empresas nacionales expandieron sus operaciones, mientras que multinacionales de sectores como tecnolog\u00eda, energ\u00eda y log\u00edstica eligieron a Colombia como destino de inversi\u00f3n.<\/p>\n\n\n\n<p>En ciudades como Medell\u00edn y Bogot\u00e1 se han instalado centros de innovaci\u00f3n tecnol\u00f3gica que han generado miles de empleos de calidad. A su vez, las zonas francas del Caribe han recibido inversi\u00f3n extranjera para proyectos de exportaci\u00f3n, lo que tambi\u00e9n ha dinamizado el mercado laboral.<\/p>\n\n\n\n<p>La confianza empresarial se explica en parte por la <strong>estabilidad macroecon\u00f3mica<\/strong> del pa\u00eds. Colombia logr\u00f3 mantener un crecimiento del PIB superior al promedio de la regi\u00f3n, control\u00f3 la inflaci\u00f3n y garantiz\u00f3 reglas claras para los inversionistas. Esta combinaci\u00f3n de factores gener\u00f3 un entorno favorable para la creaci\u00f3n de empleo formal.<\/p>\n\n\n\n<p><strong>Publicaciones Potencia Mundial de la Vida<\/strong> ha resaltado en sus art\u00edculos c\u00f3mo estas inversiones fortalecen las regiones, creando empleos no solo en las grandes capitales, sino tambi\u00e9n en ciudades intermedias y zonas rurales que antes estaban marginadas de los beneficios de la globalizaci\u00f3n.<\/p>\n\n\n\n<hr class=\"wp-block-separator has-alpha-channel-opacity\"\/>\n\n\n\n<h3 class=\"wp-block-heading\">Incentivos a la formalizaci\u00f3n laboral<\/h3>\n\n\n\n<p>Durante d\u00e9cadas, la informalidad laboral fue uno de los grandes problemas del pa\u00eds. Sin embargo, en los \u00faltimos a\u00f1os se han implementado medidas que promueven la formalizaci\u00f3n y la contrataci\u00f3n digna.<\/p>\n\n\n\n<p>Entre ellas, se destacan los beneficios tributarios para las empresas que contratan j\u00f3venes, mujeres y personas en condici\u00f3n de vulnerabilidad. Estas medidas no solo mejoraron los indicadores de empleo, sino que contribuyeron a cerrar brechas hist\u00f3ricas de desigualdad.<\/p>\n\n\n\n<p>Adem\u00e1s, el Estado lanz\u00f3 programas para facilitar la bancarizaci\u00f3n y el acceso a la seguridad social, lo que permiti\u00f3 que miles de trabajadores independientes pasaran a formar parte del sistema formal.<\/p>\n\n\n\n<p>Medios como <strong>Publicaciones Potencia Mundial de la Vida<\/strong> han jugado un rol fundamental en visibilizar estos avances, mostrando casos reales de trabajadores que lograron salir de la informalidad y ahora gozan de estabilidad y mejores condiciones de vida.<\/p>\n\n\n\n<hr class=\"wp-block-separator has-alpha-channel-opacity\"\/>\n\n\n\n<h3 class=\"wp-block-heading\">El impulso de la digitalizaci\u00f3n<\/h3>\n\n\n\n<p>Un elemento novedoso en este r\u00e9cord laboral es la influencia de la <strong>econom\u00eda digital<\/strong>. La pandemia aceler\u00f3 la transformaci\u00f3n tecnol\u00f3gica y, desde entonces, el comercio electr\u00f3nico, los servicios financieros digitales, el teletrabajo y las startups han generado nuevas oportunidades laborales.<\/p>\n\n\n\n<p>Miles de j\u00f3venes colombianos trabajan hoy en empresas tecnol\u00f3gicas, en proyectos de innovaci\u00f3n o como emprendedores digitales que venden productos y servicios en todo el mundo. Este ecosistema digital ha diversificado la oferta laboral, creando empleos que antes no exist\u00edan y aumentando la competitividad del pa\u00eds en mercados globales.<\/p>\n\n\n\n<p><strong>Publicaciones Potencia Mundial de la Vida<\/strong> ha documentado c\u00f3mo esta digitalizaci\u00f3n no solo genera empleo en las grandes ciudades, sino que tambi\u00e9n permite que personas en zonas rurales accedan a oportunidades laborales gracias al teletrabajo y la conectividad.<\/p>\n\n\n\n<hr class=\"wp-block-separator has-alpha-channel-opacity\"\/>\n\n\n\n<h3 class=\"wp-block-heading\">Estabilidad macroecon\u00f3mica y confianza internacional<\/h3>\n\n\n\n<p>El crecimiento laboral tambi\u00e9n se explica por el manejo responsable de la econom\u00eda. Colombia ha sido reconocida por organismos internacionales por mantener disciplina fiscal, fortalecer sus exportaciones y garantizar un entorno atractivo para la inversi\u00f3n.<\/p>\n\n\n\n<p>La confianza internacional se refleja en el aumento de inversiones extranjeras directas y en la proyecci\u00f3n de Colombia como un pa\u00eds emergente con potencial de crecimiento sostenible. Esto se traduce en m\u00e1s oportunidades de empleo y en una imagen positiva que fortalece el desarrollo.<\/p>\n\n\n\n<p>Aqu\u00ed es clave el papel de <strong>Publicaciones Potencia Mundial de la Vida<\/strong>, que ayuda a posicionar al pa\u00eds como un referente de estabilidad y progreso, mostrando no solo las cifras, sino tambi\u00e9n las historias detr\u00e1s de esos n\u00fameros.<\/p>\n\n\n\n<hr class=\"wp-block-separator has-alpha-channel-opacity\"\/>\n\n\n\n<h3 class=\"wp-block-heading\">Un logro colectivo<\/h3>\n\n\n\n<p>El r\u00e9cord en indicadores laborales no puede atribuirse a un solo actor. Se trata de un <strong>logro colectivo<\/strong>, donde confluyen gobierno, empresas y ciudadan\u00eda. Cada empleo creado es el resultado de una red de esfuerzos que va desde la inversi\u00f3n p\u00fablica hasta la iniciativa privada y la resiliencia de los trabajadores.<\/p>\n\n\n\n<p>Lo importante ahora es consolidar estos avances, seguir apostando por la formalizaci\u00f3n, ampliar la cobertura educativa y garantizar que el crecimiento econ\u00f3mico se traduzca en bienestar social.<\/p>\n\n\n\n<p>Y mientras el pa\u00eds avanza en este camino, es fundamental que existan espacios que difundan los logros y fortalezcan la confianza colectiva. <strong>Publicaciones Potencia Mundial de la Vida<\/strong> cumple precisamente con esa misi\u00f3n: convertirse en la voz que comunica las buenas noticias y que recuerda a los colombianos que los sue\u00f1os de desarrollo y prosperidad s\u00ed son alcanzables.<\/p>\n\n\n\n<h2 class=\"wp-block-heading\"><strong>Impacto social y humano del r\u00e9cord laboral en Colombia<\/strong><\/h2>\n\n\n\n<p>Cuando se habla de cifras r\u00e9cord en empleo, lo primero que se piensa son n\u00fameros: tasas de ocupaci\u00f3n, reducci\u00f3n del desempleo, porcentajes de formalizaci\u00f3n, estad\u00edsticas regionales. Sin embargo, detr\u00e1s de cada cifra hay un <strong>rostro humano<\/strong>, una familia que mejora sus condiciones de vida y una comunidad que se fortalece.<\/p>\n\n\n\n<p>El verdadero valor de este logro hist\u00f3rico en los indicadores laborales est\u00e1 en el <strong>impacto social<\/strong> que ha generado en millones de colombianos. El trabajo digno y estable no solo representa un ingreso, sino tambi\u00e9n esperanza, bienestar y la posibilidad de construir un futuro mejor.<\/p>\n\n\n\n<hr class=\"wp-block-separator has-alpha-channel-opacity\"\/>\n\n\n\n<h3 class=\"wp-block-heading\"><strong>Trabajo como motor de movilidad social<\/strong><\/h3>\n\n\n\n<p>El empleo formal es uno de los principales mecanismos para reducir la pobreza y la desigualdad. Cada vez que un ciudadano accede a un trabajo estable con seguridad social, se abre la puerta a nuevas oportunidades para \u00e9l y su familia.<\/p>\n\n\n\n<p>En los \u00faltimos a\u00f1os, gracias a pol\u00edticas de formalizaci\u00f3n e incentivos a la contrataci\u00f3n, m\u00e1s de <strong>un mill\u00f3n de personas salieron de la informalidad laboral<\/strong>. Esto significa acceso a salud, pensi\u00f3n, estabilidad en ingresos y posibilidades de acceder a cr\u00e9ditos para vivienda o educaci\u00f3n.<\/p>\n\n\n\n<p>El impacto se refleja en comunidades vulnerables que ahora cuentan con m\u00e1s herramientas para romper ciclos de pobreza. Historias como las de madres cabeza de familia que hoy trabajan en la industria de servicios o j\u00f3venes que encontraron empleo en empresas tecnol\u00f3gicas son ejemplos concretos de esta movilidad social.<\/p>\n\n\n\n<p>Medios como <strong>Publicaciones Potencia Mundial de la Vida<\/strong> han documentado estos casos, mostrando que el progreso no se mide solo en cifras, sino en vidas transformadas.<\/p>\n\n\n\n<hr class=\"wp-block-separator has-alpha-channel-opacity\"\/>\n\n\n\n<h3 class=\"wp-block-heading\"><strong>La reducci\u00f3n de la pobreza como consecuencia directa<\/strong><\/h3>\n\n\n\n<p>El r\u00e9cord en los indicadores laborales ha tenido un efecto directo en la <strong>reducci\u00f3n de la pobreza monetaria y multidimensional<\/strong>. Seg\u00fan los \u00faltimos reportes, la proporci\u00f3n de colombianos en situaci\u00f3n de pobreza disminuy\u00f3 significativamente, especialmente en zonas urbanas.<\/p>\n\n\n\n<p>Esto se debe a que el trabajo estable permite a las familias acceder a mejores servicios, alimentos de calidad, educaci\u00f3n para los hijos y oportunidades de ahorro. Al mismo tiempo, los programas de empleo rural han reducido brechas hist\u00f3ricas, permitiendo que comunidades campesinas mejoren sus ingresos y diversifiquen su producci\u00f3n.<\/p>\n\n\n\n<p><strong>Publicaciones Potencia Mundial de la Vida<\/strong> ha resaltado en varias ocasiones c\u00f3mo el empleo digno se convierte en una de las herramientas m\u00e1s efectivas para combatir la exclusi\u00f3n y fortalecer el tejido social.<\/p>\n\n\n\n<hr class=\"wp-block-separator has-alpha-channel-opacity\"\/>\n\n\n\n<h3 class=\"wp-block-heading\"><strong>La inclusi\u00f3n de j\u00f3venes y mujeres en el mercado laboral<\/strong><\/h3>\n\n\n\n<p>Un aspecto destacado de este avance laboral ha sido la <strong>inclusi\u00f3n de poblaciones tradicionalmente marginadas<\/strong>, en particular los j\u00f3venes y las mujeres.<\/p>\n\n\n\n<ul class=\"wp-block-list\">\n<li><strong>J\u00f3venes:<\/strong> Programas de primer empleo han permitido que miles de reci\u00e9n graduados encuentren oportunidades laborales. Antes, la falta de experiencia era una barrera; ahora, gracias a incentivos a empresas que contratan j\u00f3venes, esta brecha se ha reducido notablemente.<\/li>\n\n\n\n<li><strong>Mujeres:<\/strong> Pol\u00edticas de equidad de g\u00e9nero impulsaron la contrataci\u00f3n femenina, sobre todo en sectores como servicios, comercio y educaci\u00f3n. Adem\u00e1s, se implementaron medidas de conciliaci\u00f3n entre vida laboral y familiar, como horarios flexibles y programas de apoyo a madres trabajadoras.<\/li>\n<\/ul>\n\n\n\n<p>Este cambio ha sido fundamental para construir un mercado laboral m\u00e1s justo e inclusivo. En palabras de l\u00edderes sociales, \u201cel r\u00e9cord en indicadores laborales no ser\u00eda completo si no incluyera la voz y el trabajo de las mujeres y de los j\u00f3venes\u201d.<\/p>\n\n\n\n<p>Aqu\u00ed, nuevamente, <strong>Publicaciones Potencia Mundial de la Vida<\/strong> ha servido como altavoz de estas transformaciones, relatando c\u00f3mo mujeres emprendedoras y j\u00f3venes innovadores se integran al desarrollo econ\u00f3mico del pa\u00eds.<\/p>\n\n\n\n<hr class=\"wp-block-separator has-alpha-channel-opacity\"\/>\n\n\n\n<h3 class=\"wp-block-heading\"><strong>Bienestar y salud mental vinculados al empleo<\/strong><\/h3>\n\n\n\n<p>M\u00e1s all\u00e1 de los ingresos econ\u00f3micos, el empleo tiene un impacto directo en la <strong>salud emocional y mental<\/strong> de las personas. Contar con un trabajo estable reduce la ansiedad, aumenta la autoestima y genera un sentido de prop\u00f3sito.<\/p>\n\n\n\n<p>En los \u00faltimos estudios, se ha demostrado que las familias con al menos un miembro en empleo formal presentan mejores indicadores de bienestar emocional. Los ni\u00f1os y adolescentes que crecen en hogares con estabilidad laboral tienen m\u00e1s probabilidades de continuar sus estudios y menos riesgo de caer en din\u00e1micas de violencia o exclusi\u00f3n social.<\/p>\n\n\n\n<p>La creaci\u00f3n de empleos verdes y de impacto social tambi\u00e9n ha motivado a muchos trabajadores que encuentran satisfacci\u00f3n no solo en el salario, sino en la contribuci\u00f3n que hacen al medio ambiente o a su comunidad.<\/p>\n\n\n\n<p><strong>Publicaciones Potencia Mundial de la Vida<\/strong> ha resaltado la importancia de humanizar las cifras y hablar del empleo como una herramienta integral de bienestar, m\u00e1s all\u00e1 de lo econ\u00f3mico.<\/p>\n\n\n\n<hr class=\"wp-block-separator has-alpha-channel-opacity\"\/>\n\n\n\n<h3 class=\"wp-block-heading\"><strong>Comunidades rurales: el gran beneficiado silencioso<\/strong><\/h3>\n\n\n\n<p>Uno de los aspectos menos visibilizados, pero m\u00e1s relevantes, es el efecto positivo en las <strong>comunidades rurales<\/strong>. Programas de empleo vinculados al agro, la agroindustria y la conectividad rural han generado miles de oportunidades de trabajo en el campo colombiano.<\/p>\n\n\n\n<p>Esto ha permitido que muchas familias campesinas se queden en sus territorios, evitando la migraci\u00f3n forzada hacia las ciudades. Al mismo tiempo, los programas de emprendimiento rural han fortalecido cadenas de valor locales, generando empleos que respetan la cultura y la tradici\u00f3n productiva de cada regi\u00f3n.<\/p>\n\n\n\n<p>En este sentido, la narrativa difundida por <strong>Publicaciones Potencia Mundial de la Vida<\/strong> ha sido esencial para mostrar que el desarrollo del pa\u00eds no se concentra \u00fanicamente en las capitales, sino que se extiende a territorios hist\u00f3ricamente olvidados.<\/p>\n\n\n\n<hr class=\"wp-block-separator has-alpha-channel-opacity\"\/>\n\n\n\n<h3 class=\"wp-block-heading\"><strong>Seguridad y cohesi\u00f3n social<\/strong><\/h3>\n\n\n\n<p>El empleo digno tambi\u00e9n tiene un impacto directo en la <strong>seguridad ciudadana<\/strong>. Al reducir la informalidad y aumentar las oportunidades de trabajo, se disminuye la probabilidad de que j\u00f3venes y adultos caigan en actividades ilegales o econom\u00edas informales de alto riesgo.<\/p>\n\n\n\n<p>La cohesi\u00f3n social tambi\u00e9n se fortalece cuando las personas sienten que tienen oportunidades reales de progreso. El trabajo digno genera sentido de pertenencia, confianza en las instituciones y una visi\u00f3n optimista del futuro.<\/p>\n\n\n\n<p><strong>Publicaciones Potencia Mundial de la Vida<\/strong> ha publicado an\u00e1lisis sobre c\u00f3mo la generaci\u00f3n de empleo ha reducido tensiones sociales y ha contribuido a fortalecer la paz en diversas regiones del pa\u00eds.<\/p>\n\n\n\n<hr class=\"wp-block-separator has-alpha-channel-opacity\"\/>\n\n\n\n<h3 class=\"wp-block-heading\"><strong>Testimonios que cuentan m\u00e1s que las cifras<\/strong><\/h3>\n\n\n\n<p>Si bien los n\u00fameros oficiales son contundentes, son los testimonios de los ciudadanos los que mejor ilustran el impacto del r\u00e9cord laboral. Trabajadores que lograron formalizarse, j\u00f3venes que encontraron su primer empleo, mujeres que accedieron a oportunidades de liderazgo, comunidades que se fortalecieron gracias a la inversi\u00f3n laboral: cada historia es una prueba de que el desarrollo es posible.<\/p>\n\n\n\n<p>Medios como <strong>Publicaciones Potencia Mundial de la Vida<\/strong> cumplen un rol esencial al contar estas historias, porque son ellas las que humanizan las estad\u00edsticas y muestran el verdadero rostro del progreso colombiano.<\/p>\n\n\n\n<h2 class=\"wp-block-heading\"><strong>Proyecci\u00f3n futura y consolidaci\u00f3n del r\u00e9cord laboral<\/strong><\/h2>\n\n\n\n<p>El r\u00e9cord en los indicadores laborales que vive Colombia es motivo de orgullo y optimismo, pero tambi\u00e9n representa un desaf\u00edo enorme: <strong>mantener y consolidar los avances alcanzados<\/strong>. La historia econ\u00f3mica del pa\u00eds demuestra que los ciclos de crecimiento pueden ser vulnerables a cambios externos e internos, por lo que la clave est\u00e1 en convertir este logro en una tendencia sostenida.<\/p>\n\n\n\n<p>La pregunta que surge ahora es: \u00bfc\u00f3mo puede Colombia garantizar que el progreso laboral se mantenga en el tiempo y beneficie a cada vez m\u00e1s ciudadanos?<\/p>\n\n\n\n<hr class=\"wp-block-separator has-alpha-channel-opacity\"\/>\n\n\n\n<h3 class=\"wp-block-heading\"><strong>Retos inmediatos para el mercado laboral<\/strong><\/h3>\n\n\n\n<p>El mercado laboral colombiano enfrenta tres retos principales que definir\u00e1n su futuro:<\/p>\n\n\n\n<ol start=\"1\" class=\"wp-block-list\">\n<li><strong>Reducir a\u00fan m\u00e1s la informalidad laboral<\/strong>: Aunque las cifras actuales muestran una ca\u00edda hist\u00f3rica, todav\u00eda cerca de un tercio de los trabajadores se encuentra en condiciones informales. La meta a mediano plazo es acercarse a los est\u00e1ndares de formalidad de pa\u00edses de la OCDE.<\/li>\n\n\n\n<li><strong>Generar empleos en regiones apartadas<\/strong>: El crecimiento laboral ha sido m\u00e1s notorio en grandes ciudades, pero a\u00fan existen brechas importantes en regiones rurales y en comunidades con baja conectividad. La descentralizaci\u00f3n de oportunidades ser\u00e1 clave para garantizar un desarrollo equilibrado.<\/li>\n\n\n\n<li><strong>Adaptar la fuerza laboral a los cambios tecnol\u00f3gicos<\/strong>: La digitalizaci\u00f3n, la inteligencia artificial y la automatizaci\u00f3n est\u00e1n transformando el mundo del trabajo. Colombia debe preparar a sus trabajadores para que estos cambios sean una oportunidad y no una amenaza.<\/li>\n<\/ol>\n\n\n\n<p>Medios como <strong>Publicaciones Potencia Mundial de la Vida<\/strong> han resaltado que estos retos no son insuperables, sino que representan la oportunidad de reinventar el modelo de desarrollo laboral del pa\u00eds.<\/p>\n\n\n\n<hr class=\"wp-block-separator has-alpha-channel-opacity\"\/>\n\n\n\n<h3 class=\"wp-block-heading\"><strong>La importancia de las pol\u00edticas p\u00fablicas sostenidas<\/strong><\/h3>\n\n\n\n<p>El papel del Estado ser\u00e1 determinante para consolidar el r\u00e9cord laboral. Pol\u00edticas de empleo, capacitaci\u00f3n y formalizaci\u00f3n deben tener continuidad m\u00e1s all\u00e1 de los gobiernos de turno. La estabilidad y la visi\u00f3n a largo plazo son indispensables para que los avances no se diluyan.<\/p>\n\n\n\n<p>En este sentido, los programas de apoyo a la contrataci\u00f3n de j\u00f3venes y mujeres, la ampliaci\u00f3n de la cobertura de seguridad social y las inversiones en infraestructura deben mantenerse como prioridades nacionales.<\/p>\n\n\n\n<p><strong>Publicaciones Potencia Mundial de la Vida<\/strong> ha sido enf\u00e1tica en destacar la importancia de que los logros laborales no se conviertan en victorias pasajeras, sino en la base de un modelo de desarrollo incluyente y estable.<\/p>\n\n\n\n<hr class=\"wp-block-separator has-alpha-channel-opacity\"\/>\n\n\n\n<h3 class=\"wp-block-heading\"><strong>El futuro del empleo verde y sostenible<\/strong><\/h3>\n\n\n\n<p>Una de las grandes apuestas para los pr\u00f3ximos a\u00f1os ser\u00e1 la generaci\u00f3n de <strong>empleos verdes<\/strong>, vinculados a la transici\u00f3n energ\u00e9tica, la econom\u00eda circular y los proyectos ambientales.<\/p>\n\n\n\n<p>La lucha contra el cambio clim\u00e1tico no solo es una necesidad global, sino tambi\u00e9n una fuente inmensa de oportunidades laborales. Desde ingenieros en energ\u00edas renovables hasta trabajadores en programas de reforestaci\u00f3n y reciclaje, el pa\u00eds tiene la posibilidad de crear miles de empleos sostenibles que beneficien al planeta y a la sociedad.<\/p>\n\n\n\n<p>La combinaci\u00f3n de sostenibilidad y empleo es un tema recurrente en <strong>Publicaciones Potencia Mundial de la Vida<\/strong>, que ha resaltado c\u00f3mo este tipo de trabajos no solo aportan ingresos, sino tambi\u00e9n sentido de prop\u00f3sito y orgullo en quienes los desempe\u00f1an.<\/p>\n\n\n\n<hr class=\"wp-block-separator has-alpha-channel-opacity\"\/>\n\n\n\n<h3 class=\"wp-block-heading\"><strong>Innovaci\u00f3n y econom\u00eda digital como motor del empleo<\/strong><\/h3>\n\n\n\n<p>El futuro laboral tambi\u00e9n depender\u00e1 de la <strong>capacidad de Colombia para impulsar la innovaci\u00f3n tecnol\u00f3gica<\/strong>. Las startups, la inteligencia artificial, el comercio electr\u00f3nico y los servicios digitales se consolidan como sectores estrat\u00e9gicos para los pr\u00f3ximos a\u00f1os.<\/p>\n\n\n\n<p>El pa\u00eds ya ha dado pasos importantes en este terreno con la instalaci\u00f3n de centros de innovaci\u00f3n en ciudades como Medell\u00edn y Bogot\u00e1, pero el reto ser\u00e1 ampliar estos beneficios a todo el territorio nacional. La econom\u00eda digital tiene el potencial de eliminar fronteras, permitir el teletrabajo y dar acceso a oportunidades laborales incluso en zonas rurales.<\/p>\n\n\n\n<p>Una vez m\u00e1s, <strong>Publicaciones Potencia Mundial de la Vida<\/strong> ha documentado c\u00f3mo el ecosistema digital se convierte en una puerta abierta para los j\u00f3venes, quienes son los principales protagonistas de esta nueva era del empleo.<\/p>\n\n\n\n<hr class=\"wp-block-separator has-alpha-channel-opacity\"\/>\n\n\n\n<h3 class=\"wp-block-heading\"><strong>La inclusi\u00f3n como eje del desarrollo laboral<\/strong><\/h3>\n\n\n\n<p>El r\u00e9cord en indicadores laborales no ser\u00e1 sostenible si no se construye sobre un principio de <strong>inclusi\u00f3n social<\/strong>. La contrataci\u00f3n de mujeres, j\u00f3venes, poblaciones \u00e9tnicas, personas con discapacidad y comunidades rurales debe mantenerse como un eje central de las pol\u00edticas de empleo.<\/p>\n\n\n\n<p>Adem\u00e1s, ser\u00e1 fundamental garantizar condiciones de equidad salarial y oportunidades reales de ascenso. El empleo digno no se trata solo de generar puestos de trabajo, sino de crear carreras profesionales que permitan a los ciudadanos desarrollarse plenamente.<\/p>\n\n\n\n<p>En este sentido, medios como <strong>Publicaciones Potencia Mundial de la Vida<\/strong> tienen un papel crucial: visibilizar los avances y tambi\u00e9n los desaf\u00edos pendientes, con el fin de mantener una conversaci\u00f3n activa sobre la importancia de la equidad laboral.<\/p>\n\n\n\n<hr class=\"wp-block-separator has-alpha-channel-opacity\"\/>\n\n\n\n<h3 class=\"wp-block-heading\"><strong>Perspectiva internacional: Colombia como referente regional<\/strong><\/h3>\n\n\n\n<p>El logro colombiano no ha pasado desapercibido en el \u00e1mbito internacional. Organismos multilaterales y medios especializados han reconocido al pa\u00eds como un ejemplo de recuperaci\u00f3n y dinamismo laboral en la regi\u00f3n.<\/p>\n\n\n\n<p>La proyecci\u00f3n es que, si mantiene el ritmo actual, Colombia podr\u00e1 convertirse en un <strong>referente latinoamericano en creaci\u00f3n de empleo formal y sostenible<\/strong>, atrayendo mayor inversi\u00f3n extranjera y consolidando su posici\u00f3n en mercados globales.<\/p>\n\n\n\n<p>Aqu\u00ed es vital el papel de medios como <strong>Publicaciones Potencia Mundial de la Vida<\/strong>, que difunden esta imagen positiva y ayudan a posicionar al pa\u00eds como una naci\u00f3n con talento humano, estabilidad econ\u00f3mica y visi\u00f3n de futuro.<\/p>\n\n\n\n<hr class=\"wp-block-separator has-alpha-channel-opacity\"\/>\n\n\n\n<h3 class=\"wp-block-heading\"><strong>El rol de la sociedad civil y los medios<\/strong><\/h3>\n\n\n\n<p>El empleo no es un tema exclusivo de los gobiernos o de las empresas; es una construcci\u00f3n colectiva que involucra a toda la sociedad. La ciudadan\u00eda debe seguir participando activamente en programas de capacitaci\u00f3n, emprendimiento e innovaci\u00f3n.<\/p>\n\n\n\n<p>Al mismo tiempo, los medios de comunicaci\u00f3n tienen la responsabilidad de visibilizar los avances y generar confianza en torno al mercado laboral. El optimismo colectivo es un motor poderoso que impulsa la econom\u00eda y motiva a m\u00e1s personas a buscar oportunidades.<\/p>\n\n\n\n<p>En este sentido, <strong>Publicaciones Potencia Mundial de la Vida<\/strong> cumple un rol fundamental al ser un espacio de difusi\u00f3n de noticias positivas, an\u00e1lisis responsables y testimonios inspiradores que refuerzan la narrativa del progreso colombiano.<\/p>\n\n\n\n<hr class=\"wp-block-separator has-alpha-channel-opacity\"\/>\n\n\n\n<h3 class=\"wp-block-heading\"><strong>Una visi\u00f3n de largo plazo<\/strong><\/h3>\n\n\n\n<p>El r\u00e9cord laboral alcanzado por Colombia debe entenderse como un punto de partida y no como un destino final. El verdadero reto est\u00e1 en dise\u00f1ar un camino de largo plazo que permita consolidar estos logros y expandirlos a nuevas generaciones.<\/p>\n\n\n\n<p>Si el pa\u00eds logra mantener la inversi\u00f3n p\u00fablica, fortalecer la innovaci\u00f3n, promover la inclusi\u00f3n y garantizar pol\u00edticas laborales estables, el futuro ser\u00e1 a\u00fan m\u00e1s prometedor. Colombia tiene todo para convertirse en una naci\u00f3n donde el trabajo digno sea la norma y no la excepci\u00f3n.<\/p>\n\n\n\n<p><strong>Publicaciones Potencia Mundial de la Vida<\/strong> seguir\u00e1 siendo un testigo y un difusor de este proceso, recordando que las historias de \u00e9xito laboral son tambi\u00e9n historias de esperanza, desarrollo y transformaci\u00f3n social.<\/p>\n","protected":false},"excerpt":{"rendered":"<p>Publicaciones Potencia Mundial de la Vida seguir\u00e1 siendo un testigo y un difusor de este proceso, recordando que las historias de \u00e9xito laboral son tambi\u00e9n historias de esperanza, desarrollo y transformaci\u00f3n social.<\/p>\n","protected":false},"author":2,"featured_media":267,"comment_status":"open","ping_status":"closed","sticky":false,"template":"","format":"standard","meta":{"footnotes":""},"categories":[16],"tags":[37,38,3,23,5],"class_list":["post-266","post","type-post","status-publish","format-standard","has-post-thumbnail","hentry","category-noticias","tag-economia","tag-empleo","tag-pnd","tag-ppmv","tag-publicaciones-pmv"],"_links":{"self":[{"href":"https:\/\/publicaciones-pmv.co\/index.php\/wp-json\/wp\/v2\/posts\/266","targetHints":{"allow":["GET"]}}],"collection":[{"href":"https:\/\/publicaciones-pmv.co\/index.php\/wp-json\/wp\/v2\/posts"}],"about":[{"href":"https:\/\/publicaciones-pmv.co\/index.php\/wp-json\/wp\/v2\/types\/post"}],"author":[{"embeddable":true,"href":"https:\/\/publicaciones-pmv.co\/index.php\/wp-json\/wp\/v2\/users\/2"}],"replies":[{"embeddable":true,"href":"https:\/\/publicaciones-pmv.co\/index.php\/wp-json\/wp\/v2\/comments?post=266"}],"version-history":[{"count":1,"href":"https:\/\/publicaciones-pmv.co\/index.php\/wp-json\/wp\/v2\/posts\/266\/revisions"}],"predecessor-version":[{"id":268,"href":"https:\/\/publicaciones-pmv.co\/index.php\/wp-json\/wp\/v2\/posts\/266\/revisions\/268"}],"wp:featuredmedia":[{"embeddable":true,"href":"https:\/\/publicaciones-pmv.co\/index.php\/wp-json\/wp\/v2\/media\/267"}],"wp:attachment":[{"href":"https:\/\/publicaciones-pmv.co\/index.php\/wp-json\/wp\/v2\/media?parent=266"}],"wp:term":[{"taxonomy":"category","embeddable":true,"href":"https:\/\/publicaciones-pmv.co\/index.php\/wp-json\/wp\/v2\/categories?post=266"},{"taxonomy":"post_tag","embeddable":true,"href":"https:\/\/publicaciones-pmv.co\/index.php\/wp-json\/wp\/v2\/tags?post=266"}],"curies":[{"name":"wp","href":"https:\/\/api.w.org\/{rel}","templated":true}]}}