{"id":262,"date":"2025-10-02T16:08:40","date_gmt":"2025-10-02T21:08:40","guid":{"rendered":"https:\/\/publicaciones-pmv.co\/?p=262"},"modified":"2025-10-02T16:08:41","modified_gmt":"2025-10-02T21:08:41","slug":"ante-la-corte-constitucional-minagricultura-expuso-con-argumentos-la-importancia-de-las-appa-para-proteger-el-suelo-agropecuario","status":"publish","type":"post","link":"https:\/\/publicaciones-pmv.co\/index.php\/2025\/10\/02\/ante-la-corte-constitucional-minagricultura-expuso-con-argumentos-la-importancia-de-las-appa-para-proteger-el-suelo-agropecuario\/","title":{"rendered":"Ante la Corte Constitucional, MinAgricultura expuso con argumentos la importancia de las APPA para proteger el suelo agropecuario"},"content":{"rendered":"\n<ul class=\"wp-block-list\">\n<li><em>Su defensa resalta la necesidad de proteger el suelo rural agropecuario y a la agricultura campesina, familiar, \u00e9tnica y comunitaria, que produce entre el 70 % y el 80 % de los alimentos del pa\u00eds.\u00a0<\/em><\/li>\n<\/ul>\n\n\n\n<p>En la audiencia p\u00fablica realizada en la Corte Constitucional sobre las \u00c1reas de Protecci\u00f3n para la Producci\u00f3n de Alimentos (APPA) y la autonom\u00eda territorial, la ministra de Agricultura y Desarrollo Rural, Martha Carvajalino, expuso ante la magistratura diversos argumentos t\u00e9cnicos, jur\u00eddicos y sociales que respaldan la necesidad de esta determinante del ordenamiento territorial en el pa\u00eds.\u00a0<\/p>\n\n\n\n<p>Entre ellos, destac\u00f3 las alarmantes cifras de degradaci\u00f3n del suelo agr\u00edcola en Colombia y en el mundo, los alcances de la determinante en materia de autonom\u00eda territorial y su objetivo principal: garantizar la seguridad alimentaria de todos los colombianos y preservar las tierras m\u00e1s aptas para la producci\u00f3n.<\/p>\n\n\n\n<p>\u201cAtendiendo la citaci\u00f3n de la Corte Constitucional, el Ministerio de Agricultura ratific\u00f3 la necesidad, la pertinencia y la proporcionalidad de una medida que est\u00e1 dirigida a proteger los suelos agropecuarios (&#8230;) Es el momento oportuno para tomar acciones preventivas que garanticen que los 2 millones de hect\u00e1reas de suelos con capacidad agrol\u00f3gica mantengan sus condiciones. De lo contrario, veremos el incremento del precio de los alimentos y la degradaci\u00f3n del tejido social de la agricultura campesina\u201d, destac\u00f3 la jefa de la cartera agropecuaria.<\/p>\n\n\n\n<p>Juan Pablo Sandoval, director de la UPRA, entidad que se encarga de apoyar t\u00e9cnicamente al Ministerio en la identificaci\u00f3n de las APPA, reafirm\u00f3 la necesidad de proteger el suelo para la protecci\u00f3n de alimentos, sum\u00e1ndose a las palabras de la jefa de la cartera: \u201cLa ministra explic\u00f3 que, a trav\u00e9s del tiempo, se ha venido perdiendo ese suelo para la protecci\u00f3n de alimentos y que, de no hacer algo, en el futuro ya no vamos a tener suelo rural. En ese orden de ideas, las APPA son una figura fundamental para lograr ese prop\u00f3sito\u201d.<\/p>\n\n\n\n<p>Vale indicar que Colombia ya no cuenta con suelos de clase agrol\u00f3gica I, es decir, los de mayor aptitud para la producci\u00f3n de alimentos. Seg\u00fan el Instituto Geogr\u00e1fico Agust\u00edn Codazzi (Igac), en 1973, cuando se realiz\u00f3 el primer inventario de suelos, el pa\u00eds contaba con 172.000 hect\u00e1reas de esta clase agrol\u00f3gica. Sin embargo, en el 2012, ya no exist\u00edan suelos con dicha clase agrol\u00f3gica.&nbsp;<\/p>\n\n\n\n<figure class=\"wp-block-image aligncenter size-large\"><img loading=\"lazy\" decoding=\"async\" width=\"682\" height=\"1024\" src=\"https:\/\/publicaciones-pmv.co\/wp-content\/uploads\/2025\/10\/image-2-682x1024.png\" alt=\"\" class=\"wp-image-264\" srcset=\"https:\/\/publicaciones-pmv.co\/wp-content\/uploads\/2025\/10\/image-2-682x1024.png 682w, https:\/\/publicaciones-pmv.co\/wp-content\/uploads\/2025\/10\/image-2-200x300.png 200w, https:\/\/publicaciones-pmv.co\/wp-content\/uploads\/2025\/10\/image-2-768x1153.png 768w, https:\/\/publicaciones-pmv.co\/wp-content\/uploads\/2025\/10\/image-2-1023x1536.png 1023w, https:\/\/publicaciones-pmv.co\/wp-content\/uploads\/2025\/10\/image-2-1024x1537.png 1024w, https:\/\/publicaciones-pmv.co\/wp-content\/uploads\/2025\/10\/image-2.png 1066w\" sizes=\"auto, (max-width: 682px) 100vw, 682px\" \/><\/figure>\n\n\n\n<p>Adem\u00e1s, Colombia solo registra 3,2 millones de hect\u00e1reas de suelos productivos (que corresponden al 2,8 % de los suelos nacionales) que son de la clase agrol\u00f3gica II y III.<\/p>\n\n\n\n<p>Las APPA no modifican las facultades constitucionales de las entidades territoriales ni de los concejos municipales<\/p>\n\n\n\n<p>La ministra tambi\u00e9n recalc\u00f3 que las APPA no vac\u00edan o limitan las competencias de los municipios en cuanto a su autonom\u00eda territorial, ya que ellos conservan \u2014como lo hacen con las determinantes ambientales\u2014, la posibilidad de regular y de reglamentar los usos espec\u00edficos del suelo: \u201cNosotros no cambiamos ni definimos uso del suelo. Esa es una competencia de los entes locales. Nosotros les entregamos los lineamientos t\u00e9cnicos para proteger sus suelos rurales\u201d, aclar\u00f3 Carvajalino Villegas.&nbsp;<\/p>\n\n\n\n<p>Liz \u00c1vila, habitante del municipio de Falan (Tolima) y asistente a la audiencia, fue una de las representantes de las comunidades que respald\u00f3 la determinante, al se\u00f1alar que \u201cen el futuro ya no vamos a tener suelo rural para protegerlo. Por eso, las APPA son una figura fundamental para lograr ese prop\u00f3sito. Se han dado argumentos muy importantes (\u2026) Nosotros consideramos que, en efecto, una figura como las APPA no viola la autonom\u00eda territorial\u201d.<\/p>\n\n\n\n<p>M\u00e1s de 600 reuniones de coordinaci\u00f3n con actores clave<\/p>\n\n\n\n<p>El proceso de identificaci\u00f3n de las APPA ha generado 607 espacios de di\u00e1logo con 6.996 participantes, de los cuales 406 reuniones de coordinaci\u00f3n han sido con autoridades territoriales (2.114 asistentes) y 201 socializaciones (4.882 asistentes) con la comunidad, as\u00ed como diferentes actores de territorio, entre 2023 y 2025, asegurando transparencia y participaci\u00f3n.<\/p>\n\n\n\n<p>Adicionalmente, las APPA se han trabajado en articulaci\u00f3n entre el sector agropecuario y el ambiental, por medio de 31 mesas de trabajo en 63 municipios, analizando 185 figuras ambientales con entidades como la Agencia Nacional de Miner\u00eda, el Ministerio de Ambiente y el Instituto Colombiano de Antropolog\u00eda e Historia (Icanh), entre otras.<\/p>\n\n\n\n<div style=\"height:100px\" aria-hidden=\"true\" class=\"wp-block-spacer\"><\/div>\n\n\n\n<p>Fuente: Ministerio de Agricultura <\/p>\n","protected":false},"excerpt":{"rendered":"<p>La ministra Martha Carvajalino defendi\u00f3 la validez y urgencia de la determinante en la audiencia \u00ab\u00c1reas de Protecci\u00f3n para la Producci\u00f3n de Alimentos y autonom\u00eda territorial\u00bb, convocada por la Corte Constitucional.<\/p>\n","protected":false},"author":2,"featured_media":263,"comment_status":"closed","ping_status":"closed","sticky":false,"template":"","format":"standard","meta":{"footnotes":""},"categories":[16],"tags":[15,36,11,12,3,23,5],"class_list":["post-262","post","type-post","status-publish","format-standard","has-post-thumbnail","hentry","category-noticias","tag-colombia","tag-martha-carvajalino","tag-minagricultura","tag-ministerio-de-agricultura","tag-pnd","tag-ppmv","tag-publicaciones-pmv"],"_links":{"self":[{"href":"https:\/\/publicaciones-pmv.co\/index.php\/wp-json\/wp\/v2\/posts\/262","targetHints":{"allow":["GET"]}}],"collection":[{"href":"https:\/\/publicaciones-pmv.co\/index.php\/wp-json\/wp\/v2\/posts"}],"about":[{"href":"https:\/\/publicaciones-pmv.co\/index.php\/wp-json\/wp\/v2\/types\/post"}],"author":[{"embeddable":true,"href":"https:\/\/publicaciones-pmv.co\/index.php\/wp-json\/wp\/v2\/users\/2"}],"replies":[{"embeddable":true,"href":"https:\/\/publicaciones-pmv.co\/index.php\/wp-json\/wp\/v2\/comments?post=262"}],"version-history":[{"count":1,"href":"https:\/\/publicaciones-pmv.co\/index.php\/wp-json\/wp\/v2\/posts\/262\/revisions"}],"predecessor-version":[{"id":265,"href":"https:\/\/publicaciones-pmv.co\/index.php\/wp-json\/wp\/v2\/posts\/262\/revisions\/265"}],"wp:featuredmedia":[{"embeddable":true,"href":"https:\/\/publicaciones-pmv.co\/index.php\/wp-json\/wp\/v2\/media\/263"}],"wp:attachment":[{"href":"https:\/\/publicaciones-pmv.co\/index.php\/wp-json\/wp\/v2\/media?parent=262"}],"wp:term":[{"taxonomy":"category","embeddable":true,"href":"https:\/\/publicaciones-pmv.co\/index.php\/wp-json\/wp\/v2\/categories?post=262"},{"taxonomy":"post_tag","embeddable":true,"href":"https:\/\/publicaciones-pmv.co\/index.php\/wp-json\/wp\/v2\/tags?post=262"}],"curies":[{"name":"wp","href":"https:\/\/api.w.org\/{rel}","templated":true}]}}