{"id":243,"date":"2025-09-30T11:07:27","date_gmt":"2025-09-30T16:07:27","guid":{"rendered":"https:\/\/publicaciones-pmv.co\/?p=243"},"modified":"2025-09-30T11:07:28","modified_gmt":"2025-09-30T16:07:28","slug":"centros-de-salud-escuelas-rurales-espacios-deportivos-y-otras-infraestructuras-recibiran-inversion-gracias-a-la-formalizacion-de-210-predios-en-sucre-y-cordoba","status":"publish","type":"post","link":"https:\/\/publicaciones-pmv.co\/index.php\/2025\/09\/30\/centros-de-salud-escuelas-rurales-espacios-deportivos-y-otras-infraestructuras-recibiran-inversion-gracias-a-la-formalizacion-de-210-predios-en-sucre-y-cordoba\/","title":{"rendered":"Centros de salud, escuelas rurales, espacios deportivos y otras infraestructuras recibir\u00e1n inversi\u00f3n gracias a la formalizaci\u00f3n de 210 predios en Sucre y C\u00f3rdoba"},"content":{"rendered":"\n<ul class=\"wp-block-list\">\n<li>\u2060 Durante el acto de entrega, la ministra Martha Carvajalino resalt\u00f3 que construir paz mediante la Reforma Agraria es el mayor compromiso del presidente Gustavo Petro en este \u00faltimo a\u00f1o de mandato.<\/li>\n<\/ul>\n\n\n\n<p>En el municipio de Ovejas, Sucre, el Gobierno del presidente Gustavo Petro \u2014a trav\u00e9s de la ministra de Agricultura y Desarrollo Rural, Martha Carvajalino, y la subdirectora de Administraci\u00f3n de Tierras de la Agencia Nacional de Tierras (ANT), Lina Salcedo\u2014, realiz\u00f3 hoy la entrega m\u00e1s grande de t\u00edtulos de propiedad a entidades de derecho p\u00fablico en la historia del pa\u00eds.<\/p>\n\n\n\n<p>En total, se entregaron 210 t\u00edtulos de predios que albergan escuelas rurales, centros de salud, espacios deportivos, salones comunales y sedes de Juntas de Acci\u00f3n Comunal, entre otras infraestructuras, en 11 municipios de Sucre y C\u00f3rdoba. Un hecho hist\u00f3rico que demuestra que la Reforma Agraria est\u00e1 llegando a los territorios con resultados tangibles y con un amplio respaldo popular.<\/p>\n\n\n\n<p>Esta jornada de formalizaci\u00f3n de tierras hace parte de los Planes de Retorno, Reubicaci\u00f3n y Reparaci\u00f3n para las v\u00edctimas del desplazamiento forzado en una de las zonas m\u00e1s golpeadas por la violencia paramilitar, escenario de hechos lamentables como las masacres de Pichil\u00edn (1996), Macayepo (2000) y Chengue (2001). En total, m\u00e1s de 255 mil v\u00edctimas han sido reconocidas oficialmente.<\/p>\n\n\n\n<figure class=\"wp-block-image\"><img decoding=\"async\" src=\"https:\/\/www.minagricultura.gov.co\/noticias\/PublishingImages\/Paginas\/Forms\/AllItems\/sucre1.jpeg\" alt=\"sucre1.jpeg\"\/><\/figure>\n\n\n\n<p>\u201cNo podemos olvidar lo que pas\u00f3, porque eso mismo debe convertirse en la plataforma de la esperanza y de la vida. Juntos tenemos que cerrar las heridas y construir una apuesta por la esperanza y la paz. No vamos a desfallecer y, en el a\u00f1o de gobierno que le queda al presidente Gustavo Petro, nos concentraremos en hacer de la memoria y la paz la fuerza de la esperanza\u201d, manifest\u00f3 la ministra Carvajalino durante el evento.<\/p>\n\n\n\n<p>A sus palabras se sum\u00f3 Lina Salcedo, subdirectora de Administraci\u00f3n de Tierras de la ANT, quien adem\u00e1s destac\u00f3 que \u201cEsta es la entrega m\u00e1s grande a entidades p\u00fablicas que hemos realizado en el pa\u00eds. Entregamos t\u00edtulos para casetas, colegios y canchas deportivas, entre otros espacios, y estamos muy contentos y agradecidos con los 11 municipios de los Montes de Mar\u00eda que nos abrieron sus puertas. Durante m\u00e1s de cinco meses, trabajamos unidos para que esto hoy sea una realidad, avanzando hacia la dignidad en estos territorios\u201d.<\/p>\n\n\n\n<p>Salcedo termin\u00f3 mencionando que \u201cLlevar seguridad jur\u00eddica a los territorios permite a las comunidades retornar y reparar todas las secuelas dejadas por la guerra\u201d.<\/p>\n\n\n\n<p>Hoy, con esta formalizaci\u00f3n, el Gobierno Nacional reafirma su compromiso con mejorar las infraestructuras comunitarias y garantizar inversi\u00f3n estatal en educaci\u00f3n, salud y deporte. Es, tambi\u00e9n, una muestra de que la paz se construye impulsando el desarrollo regional y fortaleciendo a las comunidades.<\/p>\n\n\n\n<figure class=\"wp-block-image\"><img decoding=\"async\" src=\"https:\/\/www.minagricultura.gov.co\/noticias\/PublishingImages\/Paginas\/Forms\/AllItems\/sucre3.jpeg\" alt=\"sucre3.jpeg\"\/><\/figure>\n\n\n\n<p>Estos fueron los t\u00edtulos de propiedad que recibieron las entidades de derecho p\u00fablico en sus predios:<\/p>\n\n\n\n<ul class=\"wp-block-list\">\n<li>\u2022\u2060 91 predios para escuelas rurales.<\/li>\n\n\n\n<li>\u2022\u2060 29 predios para centros de salud rurales.<\/li>\n\n\n\n<li>\u2060\u2022\u2060 44 predios para espacios deportivos.<\/li>\n\n\n\n<li>\u2060\u2022\u2060 24 predios para salones comunales y sedes de Juntas de Acci\u00f3n Comunal.<\/li>\n\n\n\n<li>\u2060\u2022 22 predios para cementerios y acueductos.<\/li>\n<\/ul>\n\n\n\n<p>En el departamento de C\u00f3rdoba, los municipios beneficiados son Canalete, Monter\u00eda, Planeta Rica, Puerto Libertador y San Bernardo del Viento. En Sucre, los municipios son Caimito, Morroa, Ovejas, Sucre y Tol\u00fa.<\/p>\n\n\n\n<p>Al cierre, el alcalde de Ovejas, Mario Ricardo Rodr\u00edguez, se\u00f1al\u00f3 que esta entrega les permitir\u00e1 a las administraciones locales \u201chacer los proyectos financieros necesarios tanto en educaci\u00f3n como en salud, recreaci\u00f3n y deporte\u201d.<\/p>\n\n\n\n<p>Es importante recordar, adem\u00e1s, que hace dos meses el Gobierno Nacional entreg\u00f3 otros 200 predios a entidades de derecho p\u00fablico en la misma regi\u00f3n.<\/p>\n\n\n\n<div style=\"height:100px\" aria-hidden=\"true\" class=\"wp-block-spacer\"><\/div>\n\n\n\n<p>Fuente: Ministerio de Agricultura<\/p>\n","protected":false},"excerpt":{"rendered":"<p>El Gobierno del presidente Gustavo Petro, a trav\u00e9s de Ministerio de Agricultura y la Agencia Nacional de Tierras, entreg\u00f3 210 t\u00edtulos de propiedad en 11 municipios de Sucre y C\u00f3rdoba, fortaleciendo escuelas, centros de salud, espacios deportivos y salones<\/p>\n","protected":false},"author":2,"featured_media":244,"comment_status":"open","ping_status":"closed","sticky":false,"template":"","format":"standard","meta":{"footnotes":""},"categories":[16],"tags":[33,11,3,23,5],"class_list":["post-243","post","type-post","status-publish","format-standard","has-post-thumbnail","hentry","category-noticias","tag-agencia-de-tierras","tag-minagricultura","tag-pnd","tag-ppmv","tag-publicaciones-pmv"],"_links":{"self":[{"href":"https:\/\/publicaciones-pmv.co\/index.php\/wp-json\/wp\/v2\/posts\/243","targetHints":{"allow":["GET"]}}],"collection":[{"href":"https:\/\/publicaciones-pmv.co\/index.php\/wp-json\/wp\/v2\/posts"}],"about":[{"href":"https:\/\/publicaciones-pmv.co\/index.php\/wp-json\/wp\/v2\/types\/post"}],"author":[{"embeddable":true,"href":"https:\/\/publicaciones-pmv.co\/index.php\/wp-json\/wp\/v2\/users\/2"}],"replies":[{"embeddable":true,"href":"https:\/\/publicaciones-pmv.co\/index.php\/wp-json\/wp\/v2\/comments?post=243"}],"version-history":[{"count":1,"href":"https:\/\/publicaciones-pmv.co\/index.php\/wp-json\/wp\/v2\/posts\/243\/revisions"}],"predecessor-version":[{"id":245,"href":"https:\/\/publicaciones-pmv.co\/index.php\/wp-json\/wp\/v2\/posts\/243\/revisions\/245"}],"wp:featuredmedia":[{"embeddable":true,"href":"https:\/\/publicaciones-pmv.co\/index.php\/wp-json\/wp\/v2\/media\/244"}],"wp:attachment":[{"href":"https:\/\/publicaciones-pmv.co\/index.php\/wp-json\/wp\/v2\/media?parent=243"}],"wp:term":[{"taxonomy":"category","embeddable":true,"href":"https:\/\/publicaciones-pmv.co\/index.php\/wp-json\/wp\/v2\/categories?post=243"},{"taxonomy":"post_tag","embeddable":true,"href":"https:\/\/publicaciones-pmv.co\/index.php\/wp-json\/wp\/v2\/tags?post=243"}],"curies":[{"name":"wp","href":"https:\/\/api.w.org\/{rel}","templated":true}]}}