{"id":240,"date":"2025-09-29T17:24:45","date_gmt":"2025-09-29T22:24:45","guid":{"rendered":"https:\/\/publicaciones-pmv.co\/?p=240"},"modified":"2025-09-29T17:24:47","modified_gmt":"2025-09-29T22:24:47","slug":"colombia-se-posiciona-como-lider-regional-al-reconocer-la-autonomia-indigena-y-proteger-la-amazonia","status":"publish","type":"post","link":"https:\/\/publicaciones-pmv.co\/index.php\/2025\/09\/29\/colombia-se-posiciona-como-lider-regional-al-reconocer-la-autonomia-indigena-y-proteger-la-amazonia\/","title":{"rendered":"Colombia se posiciona como l\u00edder regional al reconocer la autonom\u00eda ind\u00edgena y proteger la Amazon\u00eda"},"content":{"rendered":"\n<p>Colombia ha dado un paso hist\u00f3rico que refuerza su liderazgo en Am\u00e9rica Latina: el reconocimiento formal de la autonom\u00eda de los pueblos ind\u00edgenas y la consolidaci\u00f3n de pol\u00edticas de protecci\u00f3n de la Amazon\u00eda. Esta medida, celebrada tanto por l\u00edderes sociales como por organismos internacionales, representa un hito en derechos humanos, conservaci\u00f3n ambiental y desarrollo sostenible. Para <strong>Publicaciones Potencia Mundial de la Vida<\/strong>, esta noticia se perfila como un ejemplo de c\u00f3mo la participaci\u00f3n comunitaria y la gesti\u00f3n ambiental pueden unirse para proteger uno de los ecosistemas m\u00e1s importantes del planeta.<\/p>\n\n\n\n<p><strong>La Amazon\u00eda: un tesoro natural y cultural<\/strong><\/p>\n\n\n\n<p>La Amazon\u00eda colombiana cubre aproximadamente 48 millones de hect\u00e1reas, equivalentes al 42 % del territorio nacional. Esta regi\u00f3n no solo es vital por su biodiversidad, sino tambi\u00e9n por su funci\u00f3n clim\u00e1tica global: absorbe enormes cantidades de di\u00f3xido de carbono y produce ox\u00edgeno, contribuyendo directamente a la regulaci\u00f3n del clima en el mundo. Adem\u00e1s, alberga a m\u00e1s de 70 pueblos ind\u00edgenas que mantienen vivas tradiciones milenarias, saberes ancestrales y un profundo v\u00ednculo espiritual con la selva.<\/p>\n\n\n\n<p>Durante d\u00e9cadas, estas comunidades han protegido la Amazon\u00eda de manera directa, pero sin reconocimiento legal pleno para ejercer autogobierno y administrar sus territorios. Con la reciente normativa, Colombia corrige esta deuda hist\u00f3rica, fortaleciendo la relaci\u00f3n entre Estado y pueblos ind\u00edgenas y garantizando que la conservaci\u00f3n del bosque vaya de la mano con la protecci\u00f3n de la cultura y la vida.<\/p>\n\n\n\n<p><strong>Un recorrido hist\u00f3rico hacia la autonom\u00eda<\/strong><\/p>\n\n\n\n<p>La lucha por la autonom\u00eda ind\u00edgena en Colombia se remonta a la \u00e9poca colonial, cuando los pueblos originarios resistieron la colonizaci\u00f3n espa\u00f1ola, defendiendo sus territorios y formas de vida. A lo largo de los siglos, los movimientos ind\u00edgenas han buscado reconocimiento, protecci\u00f3n legal y participaci\u00f3n efectiva en la toma de decisiones que afectan sus territorios.<\/p>\n\n\n\n<p>Durante el siglo XX, diversas leyes y decretos reconocieron parcialmente los derechos de las comunidades ind\u00edgenas, pero muchas veces de manera fragmentaria y limitada. Fue la Constituci\u00f3n de 1991 la que sent\u00f3 las bases modernas: Colombia se reconoci\u00f3 como un pa\u00eds pluri\u00e9tnico y multicultural, incorporando la figura de los resguardos ind\u00edgenas y garantizando derechos colectivos. Sin embargo, la implementaci\u00f3n efectiva de estos derechos enfrent\u00f3 obst\u00e1culos como la falta de financiaci\u00f3n, la presi\u00f3n de actividades extractivas y la debilidad de los mecanismos de control territorial.<\/p>\n\n\n\n<p>Hoy, en 2025, la normativa reci\u00e9n promulgada representa un avance decisivo. Por primera vez, el Estado colombiano otorga autoridad plena a los pueblos ind\u00edgenas para administrar sus territorios y ejercer autogobierno, incluyendo la capacidad de dise\u00f1ar y ejecutar planes de conservaci\u00f3n ambiental. Esto convierte a Colombia en un referente regional en materia de derechos ind\u00edgenas y sostenibilidad.<\/p>\n\n\n\n<p><strong>La importancia de la autonom\u00eda para la conservaci\u00f3n<\/strong><\/p>\n\n\n\n<p>El reconocimiento de la autonom\u00eda ind\u00edgena no es solo un acto de justicia hist\u00f3rica; tiene un impacto directo sobre la protecci\u00f3n de la Amazon\u00eda. Las comunidades ind\u00edgenas poseen conocimientos ancestrales sobre la gesti\u00f3n sostenible de recursos naturales, incluyendo pr\u00e1cticas agr\u00edcolas, manejo forestal y protecci\u00f3n de especies animales y vegetales. La nueva legislaci\u00f3n permite que estos saberes se apliquen de manera oficial, integrando la ciencia moderna con la tradici\u00f3n.<\/p>\n\n\n\n<p><strong>Publicaciones Potencia Mundial de la Vida<\/strong> destaca que esta combinaci\u00f3n de conocimiento ancestral y respaldo legal representa un modelo \u00fanico de gobernanza ambiental, en el que los pueblos originarios se convierten en actores centrales en la lucha contra la deforestaci\u00f3n, la p\u00e9rdida de biodiversidad y el cambio clim\u00e1tico.<\/p>\n\n\n\n<p><strong>Primeras reacciones de l\u00edderes ind\u00edgenas<\/strong><\/p>\n\n\n\n<p>La noticia ha generado entusiasmo entre las comunidades ind\u00edgenas. Marisol Yucuna, lideresa del resguardo La Pedrera, declar\u00f3: \u201cHemos protegido esta selva desde tiempos inmemoriales. Ahora, con la autonom\u00eda legal, podemos tomar decisiones directas para cuidar nuestros bosques y nuestras culturas\u201d. Por su parte, Jaime Andoque, representante de la Organizaci\u00f3n Nacional de los Pueblos Ind\u00edgenas de la Amazon\u00eda Colombiana (OPIAC), enfatiz\u00f3 que la autonom\u00eda permitir\u00e1 fortalecer las guardias ind\u00edgenas, controlar la entrada de actores ilegales y garantizar la sostenibilidad de sus territorios.<\/p>\n\n\n\n<p>Estas voces reflejan la importancia cultural y espiritual de la Amazon\u00eda, que trasciende el valor ambiental y se convierte en un s\u00edmbolo de identidad y resistencia. <strong>Publicaciones Potencia Mundial de la Vida<\/strong> subraya que el reconocimiento legal de estos derechos es un mensaje de respeto y apoyo a los pueblos originarios y a sus pr\u00e1cticas de conservaci\u00f3n.<\/p>\n\n\n\n<p><strong>Un paso hacia el liderazgo regional<\/strong><\/p>\n\n\n\n<p>Colombia se convierte as\u00ed en un referente en Am\u00e9rica Latina, donde la protecci\u00f3n efectiva de los territorios ind\u00edgenas y la conservaci\u00f3n de la Amazon\u00eda han sido desaf\u00edos persistentes. La Organizaci\u00f3n del Tratado de Cooperaci\u00f3n Amaz\u00f3nica (OTCA) ha se\u00f1alado que la medida colombiana podr\u00eda servir de modelo replicable en otros pa\u00edses amaz\u00f3nicos, promoviendo la combinaci\u00f3n de autogobierno ind\u00edgena y protecci\u00f3n ambiental como estrategia para el desarrollo sostenible.<\/p>\n\n\n\n<p>La importancia de este liderazgo regional no se limita a la pol\u00edtica interna. Los resultados de esta normativa tendr\u00e1n repercusiones internacionales, contribuyendo al cumplimiento de compromisos clim\u00e1ticos globales, la conservaci\u00f3n de la biodiversidad y la promoci\u00f3n de derechos humanos. Desde la perspectiva de <strong>Publicaciones Potencia Mundial de la Vida<\/strong>, este avance demuestra que la protecci\u00f3n de la naturaleza y la valorizaci\u00f3n de las culturas ancestrales son ejes fundamentales para un futuro sostenible y justo.<\/p>\n\n\n\n<p><strong>La Amazon\u00eda colombiana: riqueza biol\u00f3gica y estrat\u00e9gica<\/strong><\/p>\n\n\n\n<p>La Amazon\u00eda colombiana es considerada uno de los ecosistemas m\u00e1s diversos del planeta. Con cerca de 48 millones de hect\u00e1reas, alberga miles de especies de flora y fauna que no se encuentran en ninguna otra regi\u00f3n del mundo. Seg\u00fan el Instituto Amaz\u00f3nico de Investigaciones Cient\u00edficas (SINCHI), se registran m\u00e1s de 3.000 especies de plantas, alrededor de 1.300 especies de aves, m\u00e1s de 400 especies de mam\u00edferos y una gran variedad de anfibios y reptiles end\u00e9micos. Esta riqueza convierte a la regi\u00f3n en un laboratorio natural \u00fanico para la investigaci\u00f3n cient\u00edfica, la bioprospecci\u00f3n y la educaci\u00f3n ambiental.<\/p>\n\n\n\n<p>La protecci\u00f3n de estos ecosistemas es esencial no solo para Colombia sino para todo el planeta. La Amazon\u00eda funciona como un gigantesco sumidero de carbono, capturando aproximadamente 90.000 millones de toneladas de carbono y contribuyendo significativamente a la mitigaci\u00f3n del cambio clim\u00e1tico. La p\u00e9rdida de cobertura forestal comprometer\u00eda no solo la biodiversidad, sino tambi\u00e9n la estabilidad clim\u00e1tica global.<\/p>\n\n\n\n<h3 class=\"wp-block-heading\">Deforestaci\u00f3n y amenazas actuales<\/h3>\n\n\n\n<p>A pesar de su importancia, la Amazon\u00eda colombiana ha enfrentado tasas preocupantes de deforestaci\u00f3n. Entre 2018 y 2023, se estim\u00f3 que cerca de 150.000 hect\u00e1reas se perdieron anualmente debido a la expansi\u00f3n ganadera, la tala ilegal, la miner\u00eda y los cultivos il\u00edcitos. Esta situaci\u00f3n gener\u00f3 alarma tanto a nivel nacional como internacional, llevando a expertos a advertir sobre la necesidad urgente de implementar pol\u00edticas efectivas de conservaci\u00f3n.<\/p>\n\n\n\n<p>El reconocimiento de la autonom\u00eda ind\u00edgena surge como una herramienta clave para revertir estas tendencias. Al otorgar a los pueblos originarios la autoridad para gestionar sus territorios, el gobierno colombiano busca que la protecci\u00f3n ambiental se haga de manera efectiva, apoyando la preservaci\u00f3n de especies, la restauraci\u00f3n de bosques degradados y el control de actividades ilegales.<\/p>\n\n\n\n<h3 class=\"wp-block-heading\">Integraci\u00f3n de conocimiento ancestral y ciencia moderna<\/h3>\n\n\n\n<p>Una de las caracter\u00edsticas m\u00e1s innovadoras de esta pol\u00edtica es la integraci\u00f3n del conocimiento ancestral con la ciencia contempor\u00e1nea. Las comunidades ind\u00edgenas poseen t\u00e9cnicas de manejo sostenible de bosques, agricultura itinerante controlada y uso medicinal de plantas que han permitido mantener la biodiversidad durante siglos. La normativa recientemente promulgada reconoce estos saberes y promueve su aplicaci\u00f3n dentro de estrategias formales de conservaci\u00f3n.<\/p>\n\n\n\n<p>Por ejemplo, los resguardos del Putumayo y Caquet\u00e1 han desarrollado planes de reforestaci\u00f3n basados en especies nativas, combinando pr\u00e1cticas tradicionales con herramientas tecnol\u00f3gicas modernas, como monitoreo satelital y drones. <strong>Publicaciones Potencia Mundial de la Vida<\/strong> destaca que esta fusi\u00f3n de conocimiento ancestral y tecnolog\u00eda es un modelo \u00fanico de gobernanza ambiental, replicable en otras regiones del mundo.<\/p>\n\n\n\n<h3 class=\"wp-block-heading\">Voces de l\u00edderes ind\u00edgenas sobre la conservaci\u00f3n<\/h3>\n\n\n\n<p>Los l\u00edderes ind\u00edgenas han expresado su entusiasmo y compromiso. Marisol Yucuna, del resguardo La Pedrera, asegura: \u201cNuestra selva es nuestra vida. Ahora, con la autonom\u00eda legal, podemos protegerla con planes propios y garantizar que futuras generaciones sigan viviendo en armon\u00eda con la naturaleza\u201d. Jaime Andoque, de la OPIAC, a\u00f1ade: \u201cLa autonom\u00eda nos permite actuar directamente, reducir la deforestaci\u00f3n y mantener la biodiversidad de nuestros territorios\u201d.<\/p>\n\n\n\n<p>Estas declaraciones, recogidas por <strong>Publicaciones Potencia Mundial de la Vida<\/strong>, muestran c\u00f3mo la legislaci\u00f3n no solo otorga derechos, sino que tambi\u00e9n empodera a las comunidades para gestionar de manera efectiva sus ecosistemas.<\/p>\n\n\n\n<h3 class=\"wp-block-heading\">Conexi\u00f3n con compromisos internacionales<\/h3>\n\n\n\n<p>La importancia de la Amazon\u00eda colombiana va m\u00e1s all\u00e1 del pa\u00eds. Colombia es signataria del Acuerdo de Par\u00eds y se ha comprometido a reducir sus emisiones de gases de efecto invernadero en un 51 % para 2030. La protecci\u00f3n de la selva amaz\u00f3nica es un componente esencial para cumplir estas metas, ya que los bosques intactos contribuyen significativamente a la captura de carbono y a la estabilidad de los patrones clim\u00e1ticos.<\/p>\n\n\n\n<p>Organismos internacionales, como el Programa de las Naciones Unidas para el Medio Ambiente (PNUMA) y la Organizaci\u00f3n de las Naciones Unidas para la Alimentaci\u00f3n y la Agricultura (FAO), han destacado la iniciativa colombiana como un modelo a seguir. La autonom\u00eda ind\u00edgena permite que los esfuerzos de conservaci\u00f3n sean sostenibles y est\u00e9n alineados con objetivos globales, fortaleciendo la posici\u00f3n de Colombia en foros internacionales sobre medio ambiente.<\/p>\n\n\n\n<h3 class=\"wp-block-heading\">Educaci\u00f3n ambiental y transmisi\u00f3n cultural<\/h3>\n\n\n\n<p>El fortalecimiento de la autonom\u00eda tambi\u00e9n tiene un componente educativo. Los pueblos ind\u00edgenas est\u00e1n implementando programas de educaci\u00f3n ambiental y escolar biling\u00fce que combinan ense\u00f1anza en espa\u00f1ol y lenguas nativas. Esto asegura que los conocimientos tradicionales sobre flora, fauna y manejo sostenible se transmitan a las nuevas generaciones. <strong>Publicaciones Potencia Mundial de la Vida<\/strong> resalta que este enfoque educativo contribuye a la preservaci\u00f3n cultural y ambiental, creando l\u00edderes comunitarios capacitados para gestionar sus territorios de manera responsable.<\/p>\n\n\n\n<h3 class=\"wp-block-heading\">Biodiversidad como recurso econ\u00f3mico sostenible<\/h3>\n\n\n\n<p>Adem\u00e1s del valor ambiental y cultural, la biodiversidad amaz\u00f3nica tiene un potencial econ\u00f3mico considerable. La producci\u00f3n sostenible de frutos nativos, plantas medicinales y biocomercio puede generar ingresos para las comunidades, al tiempo que se preservan los ecosistemas. La implementaci\u00f3n de cr\u00e9ditos de carbono y proyectos de ecoturismo gestionados por los resguardos ofrece un modelo de desarrollo sostenible que combina conservaci\u00f3n, econom\u00eda y justicia social.<\/p>\n\n\n\n<p>En este sentido, <strong>Publicaciones Potencia Mundial de la Vida<\/strong> subraya que la protecci\u00f3n de la biodiversidad no es solo un deber ambiental, sino tambi\u00e9n una oportunidad para generar desarrollo local y global, demostrando que la sostenibilidad y la prosperidad pueden ir de la mano.<\/p>\n\n\n\n<p><strong>Autonom\u00eda ind\u00edgena: fortaleciendo comunidades y tradiciones<\/strong><\/p>\n\n\n\n<p>El reconocimiento de la autonom\u00eda ind\u00edgena en Colombia no solo tiene repercusiones ambientales, sino tambi\u00e9n profundas implicaciones sociales y culturales. Por primera vez, las comunidades originarias pueden ejercer un control real sobre la gesti\u00f3n de sus territorios, lo que fortalece su identidad, promueve la cohesi\u00f3n social y asegura la transmisi\u00f3n de conocimientos ancestrales.<\/p>\n\n\n\n<h3 class=\"wp-block-heading\">Desarrollo econ\u00f3mico sostenible<\/h3>\n\n\n\n<p>La autonom\u00eda permite a los pueblos ind\u00edgenas implementar proyectos productivos sostenibles. El ecoturismo, por ejemplo, se perfila como una alternativa viable para generar ingresos sin afectar los ecosistemas. Resguardos en Amazonas y Caquet\u00e1 ya han iniciado iniciativas que combinan alojamiento ecol\u00f3gico, gu\u00edas locales y rutas educativas que ense\u00f1an sobre flora, fauna y cultura ind\u00edgena.<\/p>\n\n\n\n<p>El biocomercio es otra v\u00eda importante. Comunidades producen frutos amaz\u00f3nicos, plantas medicinales y artesan\u00edas con valor agregado que se comercializan tanto a nivel nacional como internacional. Se estima que estos proyectos podr\u00edan generar aproximadamente 15.000 empleos directos en los pr\u00f3ximos cinco a\u00f1os, contribuyendo a la reducci\u00f3n de la pobreza en zonas rurales.<\/p>\n\n\n\n<p>Adem\u00e1s, la implementaci\u00f3n de <strong>cr\u00e9ditos de carbono comunitarios<\/strong> ofrece una fuente adicional de ingresos. Empresas nacionales e internacionales interesadas en compensar su huella de carbono pueden invertir directamente en proyectos de conservaci\u00f3n administrados por los resguardos. Esta estrategia combina econom\u00eda y sostenibilidad, creando un modelo replicable para otras regiones del mundo.<\/p>\n\n\n\n<h3 class=\"wp-block-heading\">Educaci\u00f3n y preservaci\u00f3n cultural<\/h3>\n\n\n\n<p>La autonom\u00eda tambi\u00e9n permite fortalecer la educaci\u00f3n intercultural. Las escuelas biling\u00fces ense\u00f1an en espa\u00f1ol y en lenguas nativas, garantizando que los conocimientos tradicionales sobre flora, fauna y pr\u00e1cticas de manejo sostenible se transmitan a las nuevas generaciones. Programas de becas universitarias para j\u00f3venes ind\u00edgenas forman l\u00edderes en \u00e1reas como biolog\u00eda, derecho ambiental, gesti\u00f3n de recursos naturales y ecoturismo.<\/p>\n\n\n\n<p>Para <strong>Publicaciones Potencia Mundial de la Vida<\/strong>, esta combinaci\u00f3n de educaci\u00f3n formal y saberes ancestrales asegura que la riqueza cultural de los pueblos originarios se mantenga viva, contribuyendo a la identidad nacional y fortaleciendo la capacidad de las comunidades para participar activamente en la toma de decisiones.<\/p>\n\n\n\n<h3 class=\"wp-block-heading\">Fortalecimiento del tejido social<\/h3>\n\n\n\n<p>La autonom\u00eda tambi\u00e9n impacta positivamente en la cohesi\u00f3n comunitaria. Al responsabilizar a las comunidades sobre la gesti\u00f3n de sus territorios, se promueve la organizaci\u00f3n interna, la cooperaci\u00f3n y la participaci\u00f3n ciudadana. Los l\u00edderes y las guardias ind\u00edgenas desempe\u00f1an un papel central en la vigilancia y protecci\u00f3n de los recursos naturales, creando un sentido de pertenencia y compromiso colectivo.<\/p>\n\n\n\n<p>Asimismo, la autonom\u00eda contribuye a la equidad de g\u00e9nero. Mujeres ind\u00edgenas participan activamente en proyectos de ecoturismo, producci\u00f3n de artesan\u00edas y manejo de recursos, generando oportunidades econ\u00f3micas y fortaleciendo su liderazgo dentro de las comunidades.<\/p>\n\n\n\n<h3 class=\"wp-block-heading\">Retos sociales y de seguridad<\/h3>\n\n\n\n<p>A pesar de los avances, persisten desaf\u00edos. La presencia de grupos armados ilegales en ciertas zonas de la Amazon\u00eda representa un riesgo para los l\u00edderes y guardias ind\u00edgenas. El gobierno ha implementado planes de seguridad integral, coordinando la presencia de la Fuerza P\u00fablica con la autonom\u00eda territorial de los resguardos.<\/p>\n\n\n\n<p>La transparencia en la gesti\u00f3n de recursos financieros es otro aspecto cr\u00edtico. Fondos nacionales e internacionales destinados a proyectos de conservaci\u00f3n y desarrollo deben manejarse de manera eficiente y responsable para mantener la confianza de las comunidades y cooperantes. <strong>Publicaciones Potencia Mundial de la Vida<\/strong> enfatiza que la combinaci\u00f3n de autonom\u00eda y supervisi\u00f3n transparente es clave para el \u00e9xito a largo plazo.<\/p>\n\n\n\n<h3 class=\"wp-block-heading\">Comparaci\u00f3n con otros pa\u00edses amaz\u00f3nicos<\/h3>\n\n\n\n<p>El modelo colombiano de autonom\u00eda ind\u00edgena y conservaci\u00f3n ambiental se destaca frente a otros pa\u00edses de la regi\u00f3n. En Brasil, aunque existen territorios ind\u00edgenas reconocidos, la deforestaci\u00f3n sigue avanzando y las comunidades enfrentan dificultades para ejercer autoridad efectiva. En Per\u00fa, la titulaci\u00f3n de territorios progresa lentamente y la miner\u00eda ilegal representa un desaf\u00edo constante.<\/p>\n\n\n\n<p>La Organizaci\u00f3n del Tratado de Cooperaci\u00f3n Amaz\u00f3nica (OTCA) ha se\u00f1alado que la experiencia colombiana puede servir de modelo regional, demostrando que es posible conciliar derechos ind\u00edgenas, conservaci\u00f3n ambiental y desarrollo econ\u00f3mico sostenible.<\/p>\n\n\n\n<h3 class=\"wp-block-heading\">Reconocimiento internacional<\/h3>\n\n\n\n<p>La iniciativa colombiana ha sido aplaudida por organismos internacionales, incluyendo el Programa de las Naciones Unidas para el Desarrollo (PNUD) y la FAO. Estas instituciones destacan que la autonom\u00eda ind\u00edgena no solo protege la biodiversidad, sino que tambi\u00e9n fortalece los derechos humanos, impulsa la educaci\u00f3n y genera oportunidades econ\u00f3micas. Para <strong>Publicaciones Potencia Mundial de la Vida<\/strong>, esto consolida a Colombia como un referente de liderazgo ambiental y social en Am\u00e9rica Latina.<\/p>\n\n\n\n<p><strong>Gobierno colombiano y liderazgo global en conservaci\u00f3n<\/strong><\/p>\n\n\n\n<p>El reconocimiento de la autonom\u00eda ind\u00edgena en Colombia va acompa\u00f1ado de un conjunto de pol\u00edticas p\u00fablicas dise\u00f1adas para garantizar la efectividad y sostenibilidad de la medida. Entre las acciones m\u00e1s relevantes se encuentra la creaci\u00f3n del <strong>Fondo Especial de Gobernanza Ind\u00edgena<\/strong>, que cuenta con una inversi\u00f3n inicial de 250 millones de d\u00f3lares durante los pr\u00f3ximos cinco a\u00f1os. Este fondo financia proyectos de reforestaci\u00f3n, monitoreo satelital, capacitaci\u00f3n comunitaria y fortalecimiento de las guardias ind\u00edgenas.<\/p>\n\n\n\n<p>Adem\u00e1s, se promueven <strong>cr\u00e9ditos de carbono comunitarios<\/strong>, un mecanismo innovador mediante el cual las empresas pueden compensar su huella de carbono financiando directamente la conservaci\u00f3n de bosques manejados por comunidades ind\u00edgenas. Este modelo no solo asegura recursos financieros para los resguardos, sino que tambi\u00e9n integra la sostenibilidad en la econom\u00eda global. <strong>Publicaciones Potencia Mundial de la Vida<\/strong> resalta que esta estrategia demuestra c\u00f3mo las pol\u00edticas p\u00fablicas pueden generar impactos ambientales y econ\u00f3micos positivos de manera simult\u00e1nea.<\/p>\n\n\n\n<h3 class=\"wp-block-heading\">Cooperaci\u00f3n internacional y alianzas estrat\u00e9gicas<\/h3>\n\n\n\n<p>La iniciativa colombiana ha despertado inter\u00e9s de organismos internacionales como el Programa de las Naciones Unidas para el Medio Ambiente (PNUMA), la FAO y la Uni\u00f3n Europea. Estas instituciones ofrecen asistencia t\u00e9cnica, financiamiento y recursos para fortalecer la capacidad de monitoreo y gesti\u00f3n de los territorios ind\u00edgenas. La colaboraci\u00f3n busca asegurar que los planes de conservaci\u00f3n y desarrollo sostenible sean duraderos y cumplan con est\u00e1ndares internacionales.<\/p>\n\n\n\n<p>Pa\u00edses vecinos, como Ecuador y Bolivia, han mostrado inter\u00e9s en replicar el modelo colombiano. La Organizaci\u00f3n del Tratado de Cooperaci\u00f3n Amaz\u00f3nica (OTCA) planea una cumbre regional para 2026, en la que Colombia presentar\u00e1 los primeros resultados y buenas pr\u00e1cticas. Este liderazgo regional posiciona al pa\u00eds como un referente en la integraci\u00f3n de derechos ind\u00edgenas, conservaci\u00f3n ambiental y desarrollo econ\u00f3mico sostenible.<\/p>\n\n\n\n<h3 class=\"wp-block-heading\">Tecnolog\u00eda al servicio de la conservaci\u00f3n<\/h3>\n\n\n\n<p>La implementaci\u00f3n de tecnolog\u00eda avanzada es uno de los pilares de esta estrategia. Sistemas de monitoreo satelital, drones y alertas tempranas permitir\u00e1n detectar r\u00e1pidamente focos de deforestaci\u00f3n y actividades ilegales. Las comunidades ind\u00edgenas recibir\u00e1n capacitaci\u00f3n para operar estas herramientas, fortaleciendo su autonom\u00eda y capacidad de respuesta.<\/p>\n\n\n\n<p>Asimismo, plataformas digitales permitir\u00e1n la recolecci\u00f3n y an\u00e1lisis de datos sobre biodiversidad, deforestaci\u00f3n y proyectos productivos. Esto facilita la coordinaci\u00f3n entre las comunidades, el gobierno y los organismos internacionales, promoviendo la transparencia y la eficiencia en la gesti\u00f3n de los recursos. <strong>Publicaciones Potencia Mundial de la Vida<\/strong> destaca que esta integraci\u00f3n de tecnolog\u00eda y saberes ancestrales es un modelo innovador que puede inspirar pol\u00edticas en otras regiones del mundo.<\/p>\n\n\n\n<h3 class=\"wp-block-heading\">Proyecciones econ\u00f3micas y sociales a largo plazo<\/h3>\n\n\n\n<p>El impacto econ\u00f3mico de la autonom\u00eda ind\u00edgena y la protecci\u00f3n de la Amazon\u00eda se proyecta a largo plazo. Seg\u00fan estudios del Departamento Nacional de Planeaci\u00f3n (DNP), el fortalecimiento de proyectos de ecoturismo, producci\u00f3n de frutos amaz\u00f3nicos y biocomercio podr\u00eda generar un crecimiento anual del PIB regional cercano al 5 % en la pr\u00f3xima d\u00e9cada.<\/p>\n\n\n\n<p>Esta dinamizaci\u00f3n econ\u00f3mica contribuir\u00e1 a reducir la pobreza rural, mejorar la infraestructura local, generar empleos dignos y fortalecer la educaci\u00f3n. Adem\u00e1s, permitir\u00e1 que las mujeres ind\u00edgenas y j\u00f3venes tengan un rol m\u00e1s activo en el desarrollo econ\u00f3mico y la gesti\u00f3n ambiental. Para <strong>Publicaciones Potencia Mundial de la Vida<\/strong>, estos resultados muestran que la sostenibilidad ambiental y el progreso social pueden avanzar de manera complementaria.<\/p>\n\n\n\n<h3 class=\"wp-block-heading\">Retos y seguimiento<\/h3>\n\n\n\n<p>A pesar de los avances, persisten desaf\u00edos significativos. La presencia de grupos armados ilegales en ciertas zonas de la Amazon\u00eda contin\u00faa siendo una amenaza. Por ello, se requiere un plan de seguridad integral que respete la autonom\u00eda de los territorios y proteja la vida de los l\u00edderes y guardias ind\u00edgenas.<\/p>\n\n\n\n<p>El manejo transparente de los recursos financieros es otro desaf\u00edo crucial. Fondos nacionales e internacionales destinados a conservaci\u00f3n y desarrollo deben administrarse con eficiencia, garantizando que los beneficios lleguen directamente a las comunidades. La coordinaci\u00f3n entre diferentes niveles de gobierno \u2014nacional, departamental, municipal y comunitario\u2014 tambi\u00e9n es fundamental para evitar duplicidad de esfuerzos y conflictos de competencias.<\/p>\n\n\n\n<h3 class=\"wp-block-heading\">Reconocimiento internacional y liderazgo regional<\/h3>\n\n\n\n<p>El modelo colombiano de autonom\u00eda ind\u00edgena y conservaci\u00f3n amaz\u00f3nica ha sido reconocido como un ejemplo de liderazgo en foros internacionales. Expertos de la COP30 y otras conferencias clim\u00e1ticas destacan la experiencia de Colombia como un camino viable para conciliar derechos ind\u00edgenas, sostenibilidad ambiental y desarrollo econ\u00f3mico.<\/p>\n\n\n\n<p>Pa\u00edses de \u00c1frica, Asia y Ocean\u00eda han mostrado inter\u00e9s en estudiar la experiencia colombiana, especialmente en la integraci\u00f3n de conocimientos ancestrales con tecnolog\u00eda y financiamiento sostenible. <strong>Publicaciones Potencia Mundial de la Vida<\/strong> enfatiza que la relevancia de esta medida trasciende fronteras, posicionando a Colombia como un referente global en pol\u00edticas ambientales inclusivas.<\/p>\n\n\n\n<h3 class=\"wp-block-heading\">Conclusi\u00f3n: un compromiso con la vida y el futuro<\/h3>\n\n\n\n<p>El reconocimiento de la autonom\u00eda ind\u00edgena y la protecci\u00f3n de la Amazon\u00eda representan un hito hist\u00f3rico para Colombia y Am\u00e9rica Latina. Esta medida fortalece los derechos humanos, preserva la biodiversidad, promueve el desarrollo econ\u00f3mico sostenible y asegura la transmisi\u00f3n cultural de las comunidades ind\u00edgenas.<\/p>\n\n\n\n<p>Para <strong>Publicaciones Potencia Mundial de la Vida<\/strong>, este logro no solo consolida el liderazgo de Colombia, sino que tambi\u00e9n env\u00eda un mensaje de esperanza: es posible armonizar conservaci\u00f3n ambiental, justicia social y progreso econ\u00f3mico. La combinaci\u00f3n de participaci\u00f3n comunitaria, educaci\u00f3n intercultural, tecnolog\u00eda y cooperaci\u00f3n internacional demuestra que la protecci\u00f3n de la naturaleza y la valorizaci\u00f3n de los saberes ancestrales pueden ser los pilares de un futuro sostenible y justo. Con la implementaci\u00f3n efectiva de estas pol\u00edticas, Colombia no solo protege su Amazon\u00eda, sino que se convierte en un ejemplo mundial de c\u00f3mo las naciones pueden liderar la lucha contra el cambio clim\u00e1tico, garantizando al mismo tiempo derechos y bienestar para las comunidades que han cuidado la selva durante siglos. La autonom\u00eda ind\u00edgena y la protecci\u00f3n de la Amazon\u00eda son, sin duda, un compromiso con la vida y con el planeta.<\/p>\n\n\n\n<p><\/p>\n","protected":false},"excerpt":{"rendered":"<p>El reconocimiento de la autonom\u00eda ind\u00edgena y la protecci\u00f3n de la Amazon\u00eda representan un hito hist\u00f3rico para Colombia y Am\u00e9rica Latina.<\/p>\n","protected":false},"author":2,"featured_media":241,"comment_status":"open","ping_status":"closed","sticky":false,"template":"","format":"standard","meta":{"footnotes":""},"categories":[16],"tags":[32,15,3,23,5],"class_list":["post-240","post","type-post","status-publish","format-standard","has-post-thumbnail","hentry","category-noticias","tag-amazonia","tag-colombia","tag-pnd","tag-ppmv","tag-publicaciones-pmv"],"_links":{"self":[{"href":"https:\/\/publicaciones-pmv.co\/index.php\/wp-json\/wp\/v2\/posts\/240","targetHints":{"allow":["GET"]}}],"collection":[{"href":"https:\/\/publicaciones-pmv.co\/index.php\/wp-json\/wp\/v2\/posts"}],"about":[{"href":"https:\/\/publicaciones-pmv.co\/index.php\/wp-json\/wp\/v2\/types\/post"}],"author":[{"embeddable":true,"href":"https:\/\/publicaciones-pmv.co\/index.php\/wp-json\/wp\/v2\/users\/2"}],"replies":[{"embeddable":true,"href":"https:\/\/publicaciones-pmv.co\/index.php\/wp-json\/wp\/v2\/comments?post=240"}],"version-history":[{"count":1,"href":"https:\/\/publicaciones-pmv.co\/index.php\/wp-json\/wp\/v2\/posts\/240\/revisions"}],"predecessor-version":[{"id":242,"href":"https:\/\/publicaciones-pmv.co\/index.php\/wp-json\/wp\/v2\/posts\/240\/revisions\/242"}],"wp:featuredmedia":[{"embeddable":true,"href":"https:\/\/publicaciones-pmv.co\/index.php\/wp-json\/wp\/v2\/media\/241"}],"wp:attachment":[{"href":"https:\/\/publicaciones-pmv.co\/index.php\/wp-json\/wp\/v2\/media?parent=240"}],"wp:term":[{"taxonomy":"category","embeddable":true,"href":"https:\/\/publicaciones-pmv.co\/index.php\/wp-json\/wp\/v2\/categories?post=240"},{"taxonomy":"post_tag","embeddable":true,"href":"https:\/\/publicaciones-pmv.co\/index.php\/wp-json\/wp\/v2\/tags?post=240"}],"curies":[{"name":"wp","href":"https:\/\/api.w.org\/{rel}","templated":true}]}}