{"id":210,"date":"2025-09-25T12:16:09","date_gmt":"2025-09-25T17:16:09","guid":{"rendered":"https:\/\/publicaciones-pmv.co\/?p=210"},"modified":"2025-09-25T12:16:39","modified_gmt":"2025-09-25T17:16:39","slug":"la-importancia-de-los-avances-en-salud-publica-en-el-desarrollo-social-y-economico","status":"publish","type":"post","link":"https:\/\/publicaciones-pmv.co\/index.php\/2025\/09\/25\/la-importancia-de-los-avances-en-salud-publica-en-el-desarrollo-social-y-economico\/","title":{"rendered":"La importancia de los avances en salud p\u00fablica en el desarrollo social y econ\u00f3mico"},"content":{"rendered":"\n<p>La salud p\u00fablica es uno de los pilares fundamentales para garantizar el bienestar de una sociedad. No se trata \u00fanicamente de hospitales o medicamentos, sino de un sistema integral que involucra prevenci\u00f3n, educaci\u00f3n, investigaci\u00f3n, infraestructura y pol\u00edticas p\u00fablicas. En los \u00faltimos a\u00f1os, los avances en salud p\u00fablica en pa\u00edses de Am\u00e9rica Latina, y particularmente en Colombia, han demostrado que invertir en este sector es sin\u00f3nimo de progreso.<\/p>\n\n\n\n<h1 class=\"wp-block-heading\">&nbsp;Los avances en salud p\u00fablica y su impacto en la esperanza de Vida<\/h1>\n\n\n\n<p>Uno de los indicadores m\u00e1s claros de progreso es el aumento en la expectativa de vida. Seg\u00fan la OMS, en los \u00faltimos 50 a\u00f1os, la esperanza de vida mundial ha crecido de manera significativa gracias a la reducci\u00f3n de enfermedades transmisibles y a mejores sistemas de atenci\u00f3n primaria.<\/p>\n\n\n\n<p>En Colombia, por ejemplo, entre 2022 y 2025 se logr\u00f3 una reducci\u00f3n del <strong>42 % en la mortalidad por desnutrici\u00f3n infantil<\/strong>, un <strong>11 % en la mortalidad en menores de un a\u00f1o<\/strong> y un <strong>12 % en la mortalidad perinatal<\/strong>. Estos resultados no solo representan estad\u00edsticas, sino vidas salvadas, familias completas y un futuro m\u00e1s prometido<\/p>\n\n\n\n<h1 class=\"wp-block-heading\">La salud p\u00fablica como motor econ\u00f3mico<\/h1>\n\n\n\n<p>Invertir en salud p\u00fablica no es un gasto, sino una inversi\u00f3n. Cada d\u00f3lar destinado a programas de vacunaci\u00f3n, prevenci\u00f3n de enfermedades o promoci\u00f3n de h\u00e1bitos saludables se traduce en un ahorro de miles de d\u00f3lares en tratamientos futuros.<\/p>\n\n\n\n<p>Un pa\u00eds saludable tiene una fuerza laboral m\u00e1s productiva, menos d\u00edas de incapacidad, mayor escolaridad y una econom\u00eda m\u00e1s estable. De hecho, diversos estudios del Banco Mundial muestran que hasta un <strong>25 % del crecimiento econ\u00f3mico en los pa\u00edses en desarrollo<\/strong> puede explicarse por las mejoras en la salud de su poblaci\u00f3n.<\/p>\n\n\n\n<h1 class=\"wp-block-heading\">Educaci\u00f3n y prevenci\u00f3n: los grandes aliados<\/h1>\n\n\n\n<p>La prevenci\u00f3n siempre ser\u00e1 m\u00e1s efectiva y menos costosa que la curaci\u00f3n. Campa\u00f1as contra el tabaquismo, programas de alimentaci\u00f3n saludable en escuelas y la promoci\u00f3n de la actividad f\u00edsica son ejemplos de c\u00f3mo la educaci\u00f3n cambia conductas.<\/p>\n\n\n\n<h1 class=\"wp-block-heading\">La equidad en la salud p\u00fablica<\/h1>\n\n\n\n<p>Los avances en salud deben ser universales. No sirve de mucho que una ciudad capital tenga los mejores hospitales si las zonas rurales carecen de acceso a atenci\u00f3n b\u00e1sica. La equidad es un principio central de la salud p\u00fablica.<\/p>\n\n\n\n<p>En Colombia, programas como la atenci\u00f3n m\u00f3vil, las brigadas m\u00e9dicas y la telemedicina han permitido reducir la brecha entre \u00e1reas urbanas y rurales. Este tipo de iniciativas son un claro ejemplo de c\u00f3mo la salud p\u00fablica se convierte en un derecho real y no en un privilegio.<\/p>\n\n\n\n<h1 class=\"wp-block-heading\">Tecnolog\u00eda e innovaci\u00f3n: el futuro de la salud p\u00fablica<\/h1>\n\n\n\n<p>La digitalizaci\u00f3n, la inteligencia artificial y el big data est\u00e1n transformando la forma en que entendemos y aplicamos la salud p\u00fablica. Sistemas de vigilancia epidemiol\u00f3gica, an\u00e1lisis predictivo de brotes y consultas m\u00e9dicas en l\u00ednea ya forman parte de la realidad de muchos pa\u00edses.<\/p>\n\n\n\n<h1 class=\"wp-block-heading\">Salud mental: un avance impostergable<\/h1>\n\n\n\n<p>Durante d\u00e9cadas, la salud mental estuvo relegada. Sin embargo, hoy se reconoce como un componente esencial de la salud p\u00fablica. La depresi\u00f3n, la ansiedad y otros trastornos mentales no solo afectan la calidad de vida de las personas, sino tambi\u00e9n la productividad y la cohesi\u00f3n social.<\/p>\n\n\n\n<p>El fortalecimiento de programas de salud mental comunitaria y la integraci\u00f3n de este componente en los sistemas de salud p\u00fablica son avances que muestran una nueva visi\u00f3n integral del bienestar humano.<\/p>\n\n\n\n<h1 class=\"wp-block-heading\">Avances en salud p\u00fablica en Colombia: logros recientes<\/h1>\n\n\n\n<p>En los \u00faltimos a\u00f1os, Colombia ha tenido resultados notables:<\/p>\n\n\n\n<ul class=\"wp-block-list\">\n<li>Reducci\u00f3n hist\u00f3rica en la mortalidad infantil.<\/li>\n\n\n\n<li>Programas de nutrici\u00f3n y lactancia materna fortalecidos.<\/li>\n\n\n\n<li>Mayor cobertura de vacunaci\u00f3n en zonas rurales.<\/li>\n\n\n\n<li>Integraci\u00f3n de la telemedicina en el sistema nacional de salud.<\/li>\n\n\n\n<li>Campa\u00f1as exitosas de prevenci\u00f3n de enfermedades tropicales como el dengue.<\/li>\n<\/ul>\n\n\n\n<h1 class=\"wp-block-heading\">El papel de la comunicaci\u00f3n en la salud p\u00fablica<\/h1>\n\n\n\n<p>Los avances en salud no tendr\u00edan el mismo impacto sin una estrategia de comunicaci\u00f3n efectiva. La poblaci\u00f3n necesita entender la importancia de vacunarse, de mantener h\u00e1bitos saludables o de asistir a controles m\u00e9dicos peri\u00f3dicos.<\/p>\n\n\n\n<h4 class=\"wp-block-heading\">Conclusi\u00f3n: un compromiso compartido<\/h4>\n\n\n\n<p>Los avances en salud p\u00fablica no son responsabilidad exclusiva del Estado. Tambi\u00e9n involucran al sector privado, las universidades, los medios de comunicaci\u00f3n y, sobre todo, a la ciudadan\u00eda. Todos somos parte de una cadena que busca garantizar una vida m\u00e1s digna y saludable para cada persona.<\/p>\n\n\n\n<p>La experiencia colombiana demuestra que con inversi\u00f3n, innovaci\u00f3n, educaci\u00f3n y equidad se logran resultados concretos.<\/p>\n\n\n\n<p><\/p>\n","protected":false},"excerpt":{"rendered":"<p>Los avances en salud p\u00fablica no son responsabilidad exclusiva del Estado. Tambi\u00e9n involucran al sector privado, las universidades, los medios de comunicaci\u00f3n y, sobre todo, a la ciudadan\u00eda.<\/p>\n","protected":false},"author":2,"featured_media":211,"comment_status":"open","ping_status":"closed","sticky":false,"template":"","format":"standard","meta":{"footnotes":""},"categories":[16],"tags":[15,7,3,23,5],"class_list":["post-210","post","type-post","status-publish","format-standard","has-post-thumbnail","hentry","category-noticias","tag-colombia","tag-minsalud","tag-pnd","tag-ppmv","tag-publicaciones-pmv"],"_links":{"self":[{"href":"https:\/\/publicaciones-pmv.co\/index.php\/wp-json\/wp\/v2\/posts\/210","targetHints":{"allow":["GET"]}}],"collection":[{"href":"https:\/\/publicaciones-pmv.co\/index.php\/wp-json\/wp\/v2\/posts"}],"about":[{"href":"https:\/\/publicaciones-pmv.co\/index.php\/wp-json\/wp\/v2\/types\/post"}],"author":[{"embeddable":true,"href":"https:\/\/publicaciones-pmv.co\/index.php\/wp-json\/wp\/v2\/users\/2"}],"replies":[{"embeddable":true,"href":"https:\/\/publicaciones-pmv.co\/index.php\/wp-json\/wp\/v2\/comments?post=210"}],"version-history":[{"count":1,"href":"https:\/\/publicaciones-pmv.co\/index.php\/wp-json\/wp\/v2\/posts\/210\/revisions"}],"predecessor-version":[{"id":212,"href":"https:\/\/publicaciones-pmv.co\/index.php\/wp-json\/wp\/v2\/posts\/210\/revisions\/212"}],"wp:featuredmedia":[{"embeddable":true,"href":"https:\/\/publicaciones-pmv.co\/index.php\/wp-json\/wp\/v2\/media\/211"}],"wp:attachment":[{"href":"https:\/\/publicaciones-pmv.co\/index.php\/wp-json\/wp\/v2\/media?parent=210"}],"wp:term":[{"taxonomy":"category","embeddable":true,"href":"https:\/\/publicaciones-pmv.co\/index.php\/wp-json\/wp\/v2\/categories?post=210"},{"taxonomy":"post_tag","embeddable":true,"href":"https:\/\/publicaciones-pmv.co\/index.php\/wp-json\/wp\/v2\/tags?post=210"}],"curies":[{"name":"wp","href":"https:\/\/api.w.org\/{rel}","templated":true}]}}