{"id":206,"date":"2025-03-06T11:40:00","date_gmt":"2025-03-06T16:40:00","guid":{"rendered":"https:\/\/publicaciones-pmv.co\/?p=206"},"modified":"2025-09-25T11:45:28","modified_gmt":"2025-09-25T16:45:28","slug":"comunicado-2","status":"publish","type":"post","link":"https:\/\/publicaciones-pmv.co\/index.php\/2025\/03\/06\/comunicado-2\/","title":{"rendered":"Comunicado"},"content":{"rendered":"\n<p>Hoy, desde Tib\u00fa, la ministra de Transporte, Mar\u00eda Fernanda Rojas, junto al presidente de la Rep\u00fablica, Gustavo Petro, anunci\u00f3 avances clave en la conectividad del Catatumbo con la pavimentaci\u00f3n de la v\u00eda El Tarra &#8211; La Mata, una obra fundamental para la movilidad y el desarrollo del nororiente colombiano.<\/p>\n\n\n\n<p>Este proyecto abarca 178 kil\u00f3metros, divididos en tres tramos: Tib\u00fa &#8211; El Tarra (60 km), El Tarra &#8211; Convenci\u00f3n (58 km) y Convenci\u00f3n &#8211; La Mata (60 km). Actualmente, solo 5.9 km est\u00e1n pavimentados.<\/p>\n\n\n\n<p>\u00abEstamos priorizando la Transversal del Catatumbo para conectar la regi\u00f3n con el resto del pa\u00eds. Se invertir\u00e1n 156 mil millones en la v\u00eda La Mata- Convenci\u00f3n, con apoyo de ingenieros militares, y 40 mil millones adicionales para la pavimentaci\u00f3n en Convenci\u00f3n-El Tarra\u00bb, afirm\u00f3 la ministra.<\/p>\n\n\n\n<p>La Mata es un punto clave en la Troncal del Magdalena, v\u00eda de doble calzada que enlaza el Catatumbo con el centro del pa\u00eds y la costa Caribe. Con estas inversiones, se pavimentar\u00e1n m\u00e1s de 45 kil\u00f3metros que representan para la comunidad un cambio hist\u00f3rico en la conectividad de su territorio.<\/p>\n\n\n\n<p>\u00abLa seguridad y la conectividad van de la mano. Con apoyo de la Fuerza P\u00fablica, la Transversal del Catatumbo garantizar\u00e1 acceso seguro a bienes, servicios e insumos m\u00e9dicos\u00bb, enfatiz\u00f3 la ministra.<\/p>\n\n\n\n<p>Adem\u00e1s, el programa Caminos Comunitarios de la Paz Total destinar\u00e1 63.200 millones de pesos al mejoramiento de v\u00edas terciarias, priorizando mano de obra local.<\/p>\n","protected":false},"excerpt":{"rendered":"<p>Hoy, desde Tib\u00fa, la ministra de Transporte, Mar\u00eda Fernanda Rojas,<\/p>\n","protected":false},"author":2,"featured_media":207,"comment_status":"open","ping_status":"closed","sticky":false,"template":"","format":"standard","meta":{"footnotes":""},"categories":[16],"tags":[15,27,30,3,23,5],"class_list":["post-206","post","type-post","status-publish","format-standard","has-post-thumbnail","hentry","category-noticias","tag-colombia","tag-ministerio-de-transportes","tag-mintransporte","tag-pnd","tag-ppmv","tag-publicaciones-pmv"],"_links":{"self":[{"href":"https:\/\/publicaciones-pmv.co\/index.php\/wp-json\/wp\/v2\/posts\/206","targetHints":{"allow":["GET"]}}],"collection":[{"href":"https:\/\/publicaciones-pmv.co\/index.php\/wp-json\/wp\/v2\/posts"}],"about":[{"href":"https:\/\/publicaciones-pmv.co\/index.php\/wp-json\/wp\/v2\/types\/post"}],"author":[{"embeddable":true,"href":"https:\/\/publicaciones-pmv.co\/index.php\/wp-json\/wp\/v2\/users\/2"}],"replies":[{"embeddable":true,"href":"https:\/\/publicaciones-pmv.co\/index.php\/wp-json\/wp\/v2\/comments?post=206"}],"version-history":[{"count":2,"href":"https:\/\/publicaciones-pmv.co\/index.php\/wp-json\/wp\/v2\/posts\/206\/revisions"}],"predecessor-version":[{"id":209,"href":"https:\/\/publicaciones-pmv.co\/index.php\/wp-json\/wp\/v2\/posts\/206\/revisions\/209"}],"wp:featuredmedia":[{"embeddable":true,"href":"https:\/\/publicaciones-pmv.co\/index.php\/wp-json\/wp\/v2\/media\/207"}],"wp:attachment":[{"href":"https:\/\/publicaciones-pmv.co\/index.php\/wp-json\/wp\/v2\/media?parent=206"}],"wp:term":[{"taxonomy":"category","embeddable":true,"href":"https:\/\/publicaciones-pmv.co\/index.php\/wp-json\/wp\/v2\/categories?post=206"},{"taxonomy":"post_tag","embeddable":true,"href":"https:\/\/publicaciones-pmv.co\/index.php\/wp-json\/wp\/v2\/tags?post=206"}],"curies":[{"name":"wp","href":"https:\/\/api.w.org\/{rel}","templated":true}]}}