{"id":203,"date":"2025-02-18T11:32:00","date_gmt":"2025-02-18T16:32:00","guid":{"rendered":"https:\/\/publicaciones-pmv.co\/?p=203"},"modified":"2025-09-25T11:35:45","modified_gmt":"2025-09-25T16:35:45","slug":"presidente-gustavo-petro-posesiono-a-maria-fernanda-rojas-mantilla-como-nueva-ministra-de-transporte","status":"publish","type":"post","link":"https:\/\/publicaciones-pmv.co\/index.php\/2025\/02\/18\/presidente-gustavo-petro-posesiono-a-maria-fernanda-rojas-mantilla-como-nueva-ministra-de-transporte\/","title":{"rendered":"Presidente Gustavo Petro posesion\u00f3 a Mar\u00eda Fernanda Rojas Mantilla como nueva ministra de Transporte"},"content":{"rendered":"\n<p>En la tarde de este martes 18 de febrero, el presidente de la Rep\u00fablica, Gustavo Petro Urrego, posesion\u00f3 a Mar\u00eda Fernanda Rojas Mantilla como ministra de Transporte. La nueva jefe de cartera es abogada y comunicadora social, especialista en Opini\u00f3n P\u00fablica y con estudios terminados de la Maestr\u00eda en An\u00e1lisis de Problemas Econ\u00f3micos, Pol\u00edticos e Internacionales.<\/p>\n\n\n\n<p>Actualmente, estudia la Maestr\u00eda en Derechos Humanos y Derecho Internacional Humanitario en la Universidad de Nebrija. Ha sido investigadora y docente universitaria en temas de desarrollo urbano y descentralizaci\u00f3n.<\/p>\n\n\n\n<p>Tiene 25 a\u00f1os de experiencia en gesti\u00f3n p\u00fablica. Viene de ser la subdirectora general de Prosperidad Social, donde en 9 meses de gesti\u00f3n logr\u00f3 reactivar 71 obras inconclusas, entregando 48 a las comunidades. De igual forma, logr\u00f3 la estructuraci\u00f3n y contrataci\u00f3n de 213 obras, incluyendo los 150 Puntos de Abastecimiento Solidario -PAS-, programa bandera del Gobierno nacional en la lucha contra el hambre en el pa\u00eds.<\/p>\n\n\n\n<figure class=\"wp-block-image\"><img decoding=\"async\" src=\"https:\/\/mintransporte.gov.co\/publicaciones\/11977\/presidente-gustavo-petro-posesiono-a-maria-fernanda-rojas-mantilla-como-nueva-ministra-de-transporte\/info\/mintransporte\/media\/galeria21340.jpg\" alt=\"Presidente Gustavo Petro posesion\u00f3 a Mar\u00eda Fernanda Rojas Mantilla como nueva ministra de Transporte\" title=\"Presidente Gustavo Petro posesion\u00f3 a Mar\u00eda Fernanda Rojas Mantilla como nueva ministra de Transporte\"\/><\/figure>\n\n\n\n<p>Fue directora del Instituto de Desarrollo Urbano (IDU) de Bogot\u00e1, durante la alcald\u00eda de Gustavo Petro, de 2012 a 2013. All\u00ed se dedic\u00f3 a reestructurar la entidad despu\u00e9s del esc\u00e1ndalo del carrusel de la contrataci\u00f3n, inici\u00f3 el proyecto del cable a\u00e9reo de Ciudad Bol\u00edvar y enfrent\u00f3 la ejecuci\u00f3n de 200 frentes de obra.<\/p>\n\n\n\n<p>Fue concejal de Bogot\u00e1 por ocho a\u00f1os y presidenta de esa corporaci\u00f3n en 2021. Dirigi\u00f3 la Oficina de Relaciones Internacionales del Consejo Nacional Electoral y asesor\u00f3 temas presupuestales de la implementaci\u00f3n de los acuerdos de paz.<\/p>\n\n\n\n<p>La ministra Mar\u00eda Fernanda Rojas Mantilla trabajar\u00e1 en la consolidaci\u00f3n de acciones enmarcadas en el Plan Nacional de Desarrollo, poniendo en primer lugar a las comunidades, para cerrar brechas sociales hist\u00f3ricas a trav\u00e9s de la infraestructura de transporte. De esta manera, tal como lo establece el programa del Gobierno del Cambio, se buscar\u00e1 asegurar la ruta para una movilidad basada en la justicia social, econ\u00f3mica y ambiental, desde un enfoque intermodal.<\/p>\n\n\n\n<div style=\"height:100px\" aria-hidden=\"true\" class=\"wp-block-spacer\"><\/div>\n\n\n\n<p>Fuente: Ministerio de Transporte<\/p>\n","protected":false},"excerpt":{"rendered":"<p>La ministra Mar\u00eda Fernanda Rojas Mantilla trabajar\u00e1 en la consolidaci\u00f3n de acciones enmarcadas en el Plan Nacional de Desarrollo, poniendo en primer lugar a las comunidades, para cerrar brechas sociales hist\u00f3ricas a trav\u00e9s de la infraestructura de transporte.<\/p>\n","protected":false},"author":2,"featured_media":204,"comment_status":"open","ping_status":"closed","sticky":false,"template":"","format":"standard","meta":{"footnotes":""},"categories":[16],"tags":[15,27,28,3,23,5],"class_list":["post-203","post","type-post","status-publish","format-standard","has-post-thumbnail","hentry","category-noticias","tag-colombia","tag-ministerio-de-transportes","tag-mintransportes","tag-pnd","tag-ppmv","tag-publicaciones-pmv"],"_links":{"self":[{"href":"https:\/\/publicaciones-pmv.co\/index.php\/wp-json\/wp\/v2\/posts\/203","targetHints":{"allow":["GET"]}}],"collection":[{"href":"https:\/\/publicaciones-pmv.co\/index.php\/wp-json\/wp\/v2\/posts"}],"about":[{"href":"https:\/\/publicaciones-pmv.co\/index.php\/wp-json\/wp\/v2\/types\/post"}],"author":[{"embeddable":true,"href":"https:\/\/publicaciones-pmv.co\/index.php\/wp-json\/wp\/v2\/users\/2"}],"replies":[{"embeddable":true,"href":"https:\/\/publicaciones-pmv.co\/index.php\/wp-json\/wp\/v2\/comments?post=203"}],"version-history":[{"count":1,"href":"https:\/\/publicaciones-pmv.co\/index.php\/wp-json\/wp\/v2\/posts\/203\/revisions"}],"predecessor-version":[{"id":205,"href":"https:\/\/publicaciones-pmv.co\/index.php\/wp-json\/wp\/v2\/posts\/203\/revisions\/205"}],"wp:featuredmedia":[{"embeddable":true,"href":"https:\/\/publicaciones-pmv.co\/index.php\/wp-json\/wp\/v2\/media\/204"}],"wp:attachment":[{"href":"https:\/\/publicaciones-pmv.co\/index.php\/wp-json\/wp\/v2\/media?parent=203"}],"wp:term":[{"taxonomy":"category","embeddable":true,"href":"https:\/\/publicaciones-pmv.co\/index.php\/wp-json\/wp\/v2\/categories?post=203"},{"taxonomy":"post_tag","embeddable":true,"href":"https:\/\/publicaciones-pmv.co\/index.php\/wp-json\/wp\/v2\/tags?post=203"}],"curies":[{"name":"wp","href":"https:\/\/api.w.org\/{rel}","templated":true}]}}