{"id":198,"date":"2025-06-19T11:19:00","date_gmt":"2025-06-19T16:19:00","guid":{"rendered":"https:\/\/publicaciones-pmv.co\/?p=198"},"modified":"2025-09-25T11:23:33","modified_gmt":"2025-09-25T16:23:33","slug":"gobiernos-de-colombia-y-china-afianzan-lazos-de-cooperacion-en-inteligencia-artificial-y-ciencias-cuanticas","status":"publish","type":"post","link":"https:\/\/publicaciones-pmv.co\/index.php\/2025\/06\/19\/gobiernos-de-colombia-y-china-afianzan-lazos-de-cooperacion-en-inteligencia-artificial-y-ciencias-cuanticas\/","title":{"rendered":"Gobiernos de Colombia y China afianzan lazos de cooperaci\u00f3n en Inteligencia Artificial y Ciencias Cu\u00e1nticas"},"content":{"rendered":"\n<p>En un avance significativo para la cooperaci\u00f3n internacional en ciencia y tecnolog\u00eda, el Ministerio de Ciencia, Tecnolog\u00eda e Innovaci\u00f3n de Colombia y el Ministerio de Ciencia y Tecnolog\u00eda de la Rep\u00fablica Popular China (MOST) firmaron un Memorando de Entendimiento (MoU) para fortalecer la colaboraci\u00f3n bilateral en Inteligencia Artificial (IA) y Ciencias y Tecnolog\u00edas Cu\u00e1nticas. El acto cont\u00f3 con la participaci\u00f3n de Yesenia Olaya, Ministra de Ciencia, Tecnolog\u00eda e Innovaci\u00f3n de Colombia, y la delegaci\u00f3n de la Embajada de China en Colombia, encabezada por el Embajador Zhu Jingyang.<\/p>\n\n\n\n<p>Este acuerdo se enmarca en un contexto de creciente acercamiento estrat\u00e9gico entre ambos pa\u00edses que dio inicio desde 2023 con la visita del presidente Gustavo Petro a Beijing, donde suscribi\u00f3 una Declaraci\u00f3n Conjunta sobre el Establecimiento de la Asociaci\u00f3n Estrat\u00e9gica, la participaci\u00f3n activa de Colombia en el IV Foro Ministerial CELAC &#8211; China y la formalizaci\u00f3n de la adhesi\u00f3n de nuestro pa\u00eds a la Iniciativa de la Franja y la Ruta (BRI), lo que representa un paso estrat\u00e9gico para fortalecer la cooperaci\u00f3n global.<\/p>\n\n\n\n<p>La ciencia se posiciona dentro de los ejes estrat\u00e9gicos de colaboraci\u00f3n multilateral, y se ratifica con la firma del memorando que busca el fortalecimiento de capacidades institucionales, la formaci\u00f3n de talento humano y la generaci\u00f3n de infraestructura tecnol\u00f3gica segura y accesible en \u00e1reas trascendentales para posicionar a Colombia como l\u00edder en la regi\u00f3n entorno a IA y ciencias cu\u00e1nticas.<\/p>\n\n\n\n<p>Yesenia Olaya, ministra de Ciencia, Tecnolog\u00eda e Innovaci\u00f3n, destac\u00f3: \u201c<em>El Ministerio de Ciencia est\u00e1 muy comprometido en fortalecer nuestras relaciones bilaterales para que a trav\u00e9s del conocimiento podamos construir una nueva Colombia donde la ciencia, el saber, las nuevas tecnolog\u00edas fortalezcan e impulsen el desarrollo productivo y econ\u00f3mico de nuestra naci\u00f3n\u201d.&nbsp;<\/em><\/p>\n\n\n\n<p>As\u00ed mismo puntualiz\u00f3: \u201c<em>El presidente ha hecho un llamado muy importante para desarrollar la inteligencia artificial desde una perspectiva de soberan\u00eda tecnol\u00f3gica y de datos. Pero para esto necesitamos aliados, necesitamos aprender c\u00f3mo se ha desarrollado esto en el mundo, cu\u00e1les son las lecciones m\u00e1s importantes. As\u00ed mismo con esta oportunidad, para que los j\u00f3venes investigadores y mujeres orqu\u00eddeas sean los principales actores en beneficiarse en cada uno de los programas que estaremos liderando ambos pa\u00edses\u201d.<\/em><\/p>\n\n\n\n<p>El Memorando tiene una duraci\u00f3n de cinco a\u00f1os y busca fomentar un desarrollo \u00e9tico, seguro y responsable de las tecnolog\u00edas emergentes en Inteligencia Artificial y Ciencias Cu\u00e1nticas, con un fuerte \u00e9nfasis en el respeto por la vida humana, la seguridad digital y los saberes ancestrales. El acuerdo contempla el impulso de proyectos conjuntos de investigaci\u00f3n y desarrollo que respondan a retos globales y regionales, la creaci\u00f3n de laboratorios internacionales y espacios de experimentaci\u00f3n, as\u00ed como la transferencia tecnol\u00f3gica hacia el ecosistema de innovaci\u00f3n colombiano.<\/p>\n\n\n\n<p>Por su parte S.E. Zhu Jingyang, Embajador de la Rep\u00fablica Popular China en la Rep\u00fablica de Colombia se\u00f1al\u00f3: \u201c<em>China se ha comprometido a continuar ampliando la cooperaci\u00f3n al exterior, coordinando el desarrollo y gobernanza de la inteligencia artificial, promoviendo un desarrollo inclusivo entre todos los pa\u00edses. Estamos en la mejor disposici\u00f3n para seguir reforzando la cooperaci\u00f3n con Colombia y que la inteligencia artificial pueda beneficiar a la humanidad y redundar en la construcci\u00f3n de un entorno de innovaci\u00f3n cient\u00edfico-tecnol\u00f3gica de mayor apertura y m\u00e1s beneficios\u201d.<\/em><\/p>\n\n\n\n<p>Con este hito, Colombia tendr\u00e1 acceso compartido a infraestructura tecnol\u00f3gica como centros de datos y plataformas de simulaci\u00f3n, asegurando la protecci\u00f3n de datos sensibles mediante sistemas interoperables y seguros. Asimismo, son puntos clave en el acuerdo la formaci\u00f3n conjunta de talento humano especializado y el fortalecimiento de capacidades institucionales a trav\u00e9s de la cooperaci\u00f3n acad\u00e9mica.<\/p>\n\n\n\n<p>De esta manera, se abre una oportunidad hist\u00f3rica para conectar a los sectores acad\u00e9micos, empresariales y sociales en torno a la ciencia como herramienta de paz, justicia y cooperaci\u00f3n internacional.&nbsp;<\/p>\n\n\n\n<div style=\"height:100px\" aria-hidden=\"true\" class=\"wp-block-spacer\"><\/div>\n\n\n\n<p>Fuente: Ministerio de Ciencias <\/p>\n","protected":false},"excerpt":{"rendered":"<p>Entre los puntos clave del acuerdo se destacan la formaci\u00f3n conjunta de talento humano especializado, el fortalecimiento de capacidades institucionales mediante la cooperaci\u00f3n acad\u00e9mica y la transferencia tecnol\u00f3gica hacia el ecosistema de innovaci\u00f3n colombiano.<\/p>\n","protected":false},"author":2,"featured_media":199,"comment_status":"open","ping_status":"closed","sticky":false,"template":"","format":"standard","meta":{"footnotes":""},"categories":[16],"tags":[15,25,26,3,23,5],"class_list":["post-198","post","type-post","status-publish","format-standard","has-post-thumbnail","hentry","category-noticias","tag-colombia","tag-minciencias","tag-ministerio-de-ciencias","tag-pnd","tag-ppmv","tag-publicaciones-pmv"],"_links":{"self":[{"href":"https:\/\/publicaciones-pmv.co\/index.php\/wp-json\/wp\/v2\/posts\/198","targetHints":{"allow":["GET"]}}],"collection":[{"href":"https:\/\/publicaciones-pmv.co\/index.php\/wp-json\/wp\/v2\/posts"}],"about":[{"href":"https:\/\/publicaciones-pmv.co\/index.php\/wp-json\/wp\/v2\/types\/post"}],"author":[{"embeddable":true,"href":"https:\/\/publicaciones-pmv.co\/index.php\/wp-json\/wp\/v2\/users\/2"}],"replies":[{"embeddable":true,"href":"https:\/\/publicaciones-pmv.co\/index.php\/wp-json\/wp\/v2\/comments?post=198"}],"version-history":[{"count":2,"href":"https:\/\/publicaciones-pmv.co\/index.php\/wp-json\/wp\/v2\/posts\/198\/revisions"}],"predecessor-version":[{"id":202,"href":"https:\/\/publicaciones-pmv.co\/index.php\/wp-json\/wp\/v2\/posts\/198\/revisions\/202"}],"wp:featuredmedia":[{"embeddable":true,"href":"https:\/\/publicaciones-pmv.co\/index.php\/wp-json\/wp\/v2\/media\/199"}],"wp:attachment":[{"href":"https:\/\/publicaciones-pmv.co\/index.php\/wp-json\/wp\/v2\/media?parent=198"}],"wp:term":[{"taxonomy":"category","embeddable":true,"href":"https:\/\/publicaciones-pmv.co\/index.php\/wp-json\/wp\/v2\/categories?post=198"},{"taxonomy":"post_tag","embeddable":true,"href":"https:\/\/publicaciones-pmv.co\/index.php\/wp-json\/wp\/v2\/tags?post=198"}],"curies":[{"name":"wp","href":"https:\/\/api.w.org\/{rel}","templated":true}]}}