{"id":195,"date":"2025-04-29T11:11:00","date_gmt":"2025-04-29T16:11:00","guid":{"rendered":"https:\/\/publicaciones-pmv.co\/?p=195"},"modified":"2025-09-25T11:14:18","modified_gmt":"2025-09-25T16:14:18","slug":"minciencias-anuncia-su-nueva-convocatoria-en-inteligencia-artificial-y-ciencia-y-tecnologias-cuanticas-2025","status":"publish","type":"post","link":"https:\/\/publicaciones-pmv.co\/index.php\/2025\/04\/29\/minciencias-anuncia-su-nueva-convocatoria-en-inteligencia-artificial-y-ciencia-y-tecnologias-cuanticas-2025\/","title":{"rendered":"MinCiencias anuncia su nueva convocatoria en Inteligencia Artificial y Ciencia y Tecnolog\u00edas Cu\u00e1nticas 2025"},"content":{"rendered":"\n<p>En 2025, Colombia da un paso hist\u00f3rico en la revoluci\u00f3n cient\u00edfica para convertirse en protagonista de la nueva era cu\u00e1ntica y de la inteligencia artificial en la regi\u00f3n, un hecho que se suma al reciente nombramiento de nuestro pa\u00eds como presidencia pro tempore de la CELAC, bajo el liderazgo del presidente Gustavo Petro.&nbsp;<\/p>\n\n\n\n<p>MInCiencias como ente rector de Ciencia, tecnolog\u00eda e innovaci\u00f3n, viene consolidando un ecosistema a trav\u00e9s de diversas acciones para conectar la ciencia con la transformaci\u00f3n social y el desarrollo productivo, un acto que reafirma el compromiso del Gobierno del Cambio para promover el conocimiento, impulsar la formaci\u00f3n de talento humano, fortalecer la infraestructura, afianzar la diplomacia cient\u00edfica y posicionar a nuestra naci\u00f3n como referente regional en ciencia y tecnolog\u00eda.<\/p>\n\n\n\n<p>En este sentido, la cartera de Ciencias present\u00f3 la nueva convocatoria del programa ColombIA Inteligente con una inversi\u00f3n de 20 mil millones de pesos para financiar proyectos de alto impacto de hasta 1.500 millones de pesos cada uno.<\/p>\n\n\n\n<p>Durante el encuentro la ministra de Ciencia, Tecnolog\u00eda e Innovaci\u00f3n se\u00f1al\u00f3: <em>\u201cHoy, Colombia abre su mente colectiva a las fronteras m\u00e1s avanzadas del conocimiento cient\u00edfico. Entre las acciones estrat\u00e9gicas que hemos adelantado, est\u00e1 la conformaci\u00f3n de un grupo de expertos para orientar las ciencias cu\u00e1nticas en nuestro pa\u00eds. De este grupo hacen parte acad\u00e9micos de diferentes universidades prestigiosas de Colombia, que acompa\u00f1aron al Ministerio en la creaci\u00f3n de los primeros t\u00e9rminos de referencia de la convocatoria\u201d.<\/em>&nbsp;<\/p>\n\n\n\n<p>La ministra Olaya tambi\u00e9n destaco<em>: \u201cHemos construido una alianza de ciencias cu\u00e1nticas con pa\u00edses de Am\u00e9rica Latina, Canad\u00e1, Estados Unidos, China, Latinoam\u00e9rica y Estados Unidos, para impulsar la transferencia de tecnolog\u00edas cu\u00e1nticas para las universidades, centros de investigaci\u00f3n en el pa\u00eds\u201d.&nbsp;<\/em><\/p>\n\n\n\n<p>Finalmente anunci\u00f3: \u201c<em>El Ministerio de Ciencias, junto a la Universidad del Valle, est\u00e1n en proceso de construcci\u00f3n de un proyecto para producir el primer computador cu\u00e1ntico colombiano, una oportunidad para fortalecer los laboratorios y consolidar epicentros de conocimiento\u201d.<\/em><\/p>\n\n\n\n<p>El presidente Gustavo Petro, en su intervenci\u00f3n, precis\u00f3 la importancia de articular acciones geopol\u00edticas: \u201c<em>Como presidente de la CELAC tenemos la oportunidad de desarrollar una red de instituciones de investigaci\u00f3n cient\u00edficas y universidades de alto nivel para Am\u00e9rica Latina, para construir fondos y el circuito neural de los mejores investigadores en este tema de la regi\u00f3n y dar un paso hacia adelante\u201d.<\/em><\/p>\n\n\n\n<p><strong>Acciones impulsadas en la Revoluci\u00f3n cient\u00edfica<\/strong><\/p>\n\n\n\n<p>Colombia cuenta hoy con una pol\u00edtica de ciencia e innovaci\u00f3n basada en misiones, impulsando \u00e1reas estrat\u00e9gicas como la Inteligencia Artificial, las Tecnolog\u00edas Cu\u00e1nticas, la Diplomacia Cient\u00edfica y la Movilidad Acad\u00e9mica Global.<\/p>\n\n\n\n<p>La ministra de Ciencia, Tecnolog\u00eda e Innovaci\u00f3n, Yesenia Olaya, en sus dos a\u00f1os de gesti\u00f3n frente a esta cartera, present\u00f3 los avances que impulsan la transformaci\u00f3n hist\u00f3rica de las ciencias y tecnolog\u00edas en Colombia, y en los que se resaltan acciones como:<\/p>\n\n\n\n<ul class=\"wp-block-list\">\n<li>Generaci\u00f3n de capacidades en Inteligencia Artificial, con una inversi\u00f3n de $64.160 millones, y la financiaci\u00f3n de 164 proyectos de I+D+i.<\/li>\n\n\n\n<li>Formaci\u00f3n de alto nivel y estancias posdoctorales, con $439.000 millones invertidos en alianzas a trav\u00e9s de programas de formaci\u00f3n doctoral y de maestr\u00edas en alianza con COLFUTURO, FULBRIGHT, ICETEX y articulaci\u00f3n con universidades; programa Orqu\u00eddeas: Mujeres en la ciencia, y Estancias de Investigaci\u00f3n Cient\u00edfica, potenciando acciones en inteligencia artificial y Ciencia y tecnolog\u00edas cu\u00e1nticas.<\/li>\n\n\n\n<li>Impulso de habilidades en Ciencia, Tecnolog\u00eda e Innovaci\u00f3n e Inteligencia Artificial para 5.800 ni\u00f1os, ni\u00f1as y adolescentes, a trav\u00e9s del programa Colombia Rob\u00f3tica con la puesta en marcha de 29 laboratorios STEAM en 13 departamentos, con m\u00e1s de 8.500 millones de inversi\u00f3n.<\/li>\n\n\n\n<li>La movilizaci\u00f3n de $870 mil millones en 3 a\u00f1os mediante nuestras Pol\u00edticas de Investigaci\u00f3n e Innovaci\u00f3n Orientadas por Misiones, para fomentar la investigaci\u00f3n cient\u00edfica y el desarrollo tecnol\u00f3gico en soberan\u00eda sanitaria y bienestar social, ciencia para la paz, bioeconom\u00eda y territorio, transici\u00f3n en\u00e9rgica y derecho humano a la alimentaci\u00f3n.\u00a0<\/li>\n\n\n\n<li>La hoja de ruta en diplomacia cient\u00edfica, para superar los desaf\u00edos globales como el cambio clim\u00e1tico, la salud p\u00fablica y la cuarta revoluci\u00f3n industrial, fortaleciendo alianzas estrat\u00e9gicas con EE. UU., Suecia, M\u00e9xico, Per\u00fa, Espa\u00f1a, Francia, Emiratos \u00c1rabes, Etiop\u00eda, Brasil y Chile.<\/li>\n<\/ul>\n\n\n\n<p><strong>Sobre la convocatoria<\/strong><\/p>\n\n\n\n<p>El programa ColombIA Inteligente busca aplicar la Inteligencia Artificial (IA) y las Tecnolog\u00edas Cu\u00e1nticas en la resoluci\u00f3n de problemas sociales, ambientales y productivos de diferentes regiones del pa\u00eds, con el fin de abordar desaf\u00edos territoriales con ciencia y tecnolog\u00eda, democratizar el acceso a tecnolog\u00edas avanzadas como IA y cu\u00e1nticas y apoyar la pol\u00edtica nacional de IA para un desarrollo \u00e9tico y sostenible.&nbsp;<\/p>\n\n\n\n<p>Algunas generalidades de la convocatoria son:&nbsp;<\/p>\n\n\n\n<ul class=\"wp-block-list\">\n<li>Financiar\u00e1 proyectos de alto impacto de hasta 1.500 millones de pesos cada uno, con una duraci\u00f3n de 18 meses.<\/li>\n\n\n\n<li>Los dos ejes tem\u00e1ticos son: Inteligencia Artificial y Ciencia y Tecnolog\u00edas Cu\u00e1nticas, en este \u00faltimo se destacan las siguientes l\u00edneas tem\u00e1ticas: procesamiento cu\u00e1ntico de la informaci\u00f3n y comunicaciones seguras, sens\u00f3rica cu\u00e1ntica y metrolog\u00eda, y energ\u00eda sostenible y minerales estrat\u00e9gicos.<\/li>\n\n\n\n<li>Podr\u00e1n participar alianzas estrat\u00e9gicas conformadas por: una Instituci\u00f3n de Educaci\u00f3n Superior, una empresa nacional y tres Organizaciones Locales.<\/li>\n\n\n\n<li>La postulaci\u00f3n podr\u00e1 realizarse en l\u00ednea ingresando a www.minciencias.gov.co hasta el 26 de mayo de 2026.<\/li>\n<\/ul>\n\n\n\n<p>En el acto de lanzamiento asistieron m\u00e1s de 400 personas, entre rectores, investigadores, estudiantes de maestr\u00eda y semilleros; empresarios, representantes de empresas tecnol\u00f3gicas, organizaciones locales y comunitarias; grupos de investigaci\u00f3n, aliados estrat\u00e9gicos, congresistas y funcionarios del gobierno del cambio.<\/p>\n\n\n\n<div style=\"height:100px\" aria-hidden=\"true\" class=\"wp-block-spacer\"><\/div>\n\n\n\n<p>Fuente: Ministerio de Ciencias<\/p>\n","protected":false},"excerpt":{"rendered":"<p>La convocatoria ColombIA Inteligente que hace parte del Programa de Inteligencia Artificial y Ciencia y Tecnolog\u00edas Cu\u00e1nticas, es una iniciativa que por primera vez se desarrolla en Colombia, y que constituye un hito que impulsa el Gobierno del Cambio con el fin de contribuir al desarrollo ambiental, social y econ\u00f3mico de las regiones de nuestro pa\u00eds.<\/p>\n","protected":false},"author":2,"featured_media":196,"comment_status":"open","ping_status":"closed","sticky":false,"template":"","format":"standard","meta":{"footnotes":""},"categories":[16],"tags":[15,25,26,3,23,5],"class_list":["post-195","post","type-post","status-publish","format-standard","has-post-thumbnail","hentry","category-noticias","tag-colombia","tag-minciencias","tag-ministerio-de-ciencias","tag-pnd","tag-ppmv","tag-publicaciones-pmv"],"_links":{"self":[{"href":"https:\/\/publicaciones-pmv.co\/index.php\/wp-json\/wp\/v2\/posts\/195","targetHints":{"allow":["GET"]}}],"collection":[{"href":"https:\/\/publicaciones-pmv.co\/index.php\/wp-json\/wp\/v2\/posts"}],"about":[{"href":"https:\/\/publicaciones-pmv.co\/index.php\/wp-json\/wp\/v2\/types\/post"}],"author":[{"embeddable":true,"href":"https:\/\/publicaciones-pmv.co\/index.php\/wp-json\/wp\/v2\/users\/2"}],"replies":[{"embeddable":true,"href":"https:\/\/publicaciones-pmv.co\/index.php\/wp-json\/wp\/v2\/comments?post=195"}],"version-history":[{"count":1,"href":"https:\/\/publicaciones-pmv.co\/index.php\/wp-json\/wp\/v2\/posts\/195\/revisions"}],"predecessor-version":[{"id":197,"href":"https:\/\/publicaciones-pmv.co\/index.php\/wp-json\/wp\/v2\/posts\/195\/revisions\/197"}],"wp:featuredmedia":[{"embeddable":true,"href":"https:\/\/publicaciones-pmv.co\/index.php\/wp-json\/wp\/v2\/media\/196"}],"wp:attachment":[{"href":"https:\/\/publicaciones-pmv.co\/index.php\/wp-json\/wp\/v2\/media?parent=195"}],"wp:term":[{"taxonomy":"category","embeddable":true,"href":"https:\/\/publicaciones-pmv.co\/index.php\/wp-json\/wp\/v2\/categories?post=195"},{"taxonomy":"post_tag","embeddable":true,"href":"https:\/\/publicaciones-pmv.co\/index.php\/wp-json\/wp\/v2\/tags?post=195"}],"curies":[{"name":"wp","href":"https:\/\/api.w.org\/{rel}","templated":true}]}}