{"id":185,"date":"2024-12-04T10:47:00","date_gmt":"2024-12-04T15:47:00","guid":{"rendered":"https:\/\/publicaciones-pmv.co\/?p=185"},"modified":"2025-09-25T10:51:28","modified_gmt":"2025-09-25T15:51:28","slug":"ministra-yesenia-olaya-usted-tiene-una-de-las-misiones-mas-importantes-de-la-historia-de-colombia-presidente-gustavo-petro","status":"publish","type":"post","link":"https:\/\/publicaciones-pmv.co\/index.php\/2024\/12\/04\/ministra-yesenia-olaya-usted-tiene-una-de-las-misiones-mas-importantes-de-la-historia-de-colombia-presidente-gustavo-petro\/","title":{"rendered":"\u201cMinistra Yesenia Olaya, usted tiene una de las misiones m\u00e1s importantes de la historia de Colombia\u201d: presidente Gustavo Petro"},"content":{"rendered":"\n<p>\u00a0\u00b7\u00a0\u00a0\u00a0\u00a0\u00a0\u00a0<em>El jefe de Estado le encomend\u00f3 a la funcionaria usar la ciencia y tecnolog\u00eda para la libertad<\/em><br>\u00a0<br>En el marco del CILAC 2024, San Andr\u00e9s se convirti\u00f3 en el escenario para repensar el papel de la ciencia como motor de transformaci\u00f3n social. Desde esta \u201cciudad de la ciencia\u201d, como la describi\u00f3 la ministra Yesenia Olaya, las palabras del presidente Gustavo Petro y de su coequipera, marcaron el tono de una reflexi\u00f3n profunda y urgente sobre el futuro de la humanidad.<br>\u00a0<br>\u201cLa ciencia debe incidir en la toma de decisiones\u201d, afirm\u00f3 la ministra Olaya, destacando que San Andr\u00e9s no es solo un para\u00edso insular, sino la puerta de entrada para una nueva era de diplomacia cient\u00edfica en el Gran Caribe. Seg\u00fan la ministra, el conocimiento debe dignificar las condiciones de los territorios y promover la emancipaci\u00f3n epist\u00e9mica desde la mano de las comunidades.<br>\u00a0<br>Por su parte, el presidente Petro no escatim\u00f3 en recalcar la trascendencia de este momento para Colombia.<br>\u00a0<br>\u00abMinistra Yesenia Olaya, usted tiene una de las misiones m\u00e1s importantes de la historia de Colombia: hacer que la ciencia y la tecnolog\u00eda, a trav\u00e9s de la inteligencia artificial, est\u00e9n al servicio del pueblo para la libertad\u00bb, se\u00f1al\u00f3.<br>\u00a0<br>El primer mandatario fue m\u00e1s all\u00e1 al recordar los sacrificios hist\u00f3ricos de quienes so\u00f1aron con una Colombia que liderara desde la innovaci\u00f3n:<br>\u00a0<br>\u201cMataron los cerebros de la ciencia y la tecnolog\u00eda. Fusilaron a la juventud creadora, visti\u00e9ndola de guerrillera para decir que hab\u00edan ganado una guerra que nunca ganaron. Pero es en la juventud donde se puede crear nueva ciencia, nueva tecnolog\u00eda y aplicarla\u201d, se\u00f1al\u00f3.<br>\u00a0<br>Desde su intervenci\u00f3n, el jefe de Estado plante\u00f3 la necesidad de que Colombia d\u00e9 el ejemplo al mundo al priorizar la ciencia como un proyecto nacional:<br>\u00a0<br>\u201cEl desarrollo del conocimiento debe revolucionar los ecosistemas de investigaci\u00f3n y avanzar juntos como humanidad hacia la superaci\u00f3n de la crisis clim\u00e1tica\u201d.<br>\u00a0<br>San Andr\u00e9s, con su riqueza natural y cultural, no solo fue el tel\u00f3n de fondo de este di\u00e1logo, sino el s\u00edmbolo de la diversidad y la resistencia que ambos l\u00edderes llamaron a proteger. \u201cEste pa\u00eds llamado Colombia es bello porque es diverso. Tiene todos los climas y vegetaciones, y mucha sangre del mundo mezclada en su pueblo\u201d, record\u00f3 el presidente Petro, subrayando la urgencia de proteger esa riqueza desde la ciencia y la tecnolog\u00eda.<br>\u00a0<br>Con CILAC 2024, Colombia reafirma su apuesta por una ciencia que no solo explique, sino que emancipe y transforme. \u00a0<br>\u00a0<br>\u201cQueremos impulsar una sociedad del conocimiento que permita avanzar juntos hacia un mundo m\u00e1s justo, equitativo y sostenible\u201d, se\u00f1al\u00f3 la ministra.<br>\u00a0<br>San Andr\u00e9s, en este contexto, no es solo un lugar, es un llamado al mundo para repensar la ciencia como un camino hacia la justicia clim\u00e1tica y la dignidad de los territorios. Desde este punto estrat\u00e9gico del Gran Caribe, Colombia alza la voz para construir una diplomacia cient\u00edfica que no solo conecte naciones, sino que tambi\u00e9n reconozca y celebre la riqueza de la diversidad cultural, natural y epist\u00e9mica de nuestros pueblos.<\/p>\n\n\n\n<div style=\"height:100px\" aria-hidden=\"true\" class=\"wp-block-spacer\"><\/div>\n\n\n\n<p>Fuente: Ministerio de Ciencias<\/p>\n\n\n\n<p><\/p>\n","protected":false},"excerpt":{"rendered":"<p>Colombia alza la voz para construir una diplomacia cient\u00edfica que no solo conecte naciones, sino que tambi\u00e9n reconozca y celebre la riqueza de la diversidad cultural, natural y epist\u00e9mica de nuestros pueblos.<\/p>\n","protected":false},"author":2,"featured_media":186,"comment_status":"open","ping_status":"closed","sticky":false,"template":"","format":"standard","meta":{"footnotes":""},"categories":[16],"tags":[15,25,26,3,23,5],"class_list":["post-185","post","type-post","status-publish","format-standard","has-post-thumbnail","hentry","category-noticias","tag-colombia","tag-minciencias","tag-ministerio-de-ciencias","tag-pnd","tag-ppmv","tag-publicaciones-pmv"],"_links":{"self":[{"href":"https:\/\/publicaciones-pmv.co\/index.php\/wp-json\/wp\/v2\/posts\/185","targetHints":{"allow":["GET"]}}],"collection":[{"href":"https:\/\/publicaciones-pmv.co\/index.php\/wp-json\/wp\/v2\/posts"}],"about":[{"href":"https:\/\/publicaciones-pmv.co\/index.php\/wp-json\/wp\/v2\/types\/post"}],"author":[{"embeddable":true,"href":"https:\/\/publicaciones-pmv.co\/index.php\/wp-json\/wp\/v2\/users\/2"}],"replies":[{"embeddable":true,"href":"https:\/\/publicaciones-pmv.co\/index.php\/wp-json\/wp\/v2\/comments?post=185"}],"version-history":[{"count":1,"href":"https:\/\/publicaciones-pmv.co\/index.php\/wp-json\/wp\/v2\/posts\/185\/revisions"}],"predecessor-version":[{"id":187,"href":"https:\/\/publicaciones-pmv.co\/index.php\/wp-json\/wp\/v2\/posts\/185\/revisions\/187"}],"wp:featuredmedia":[{"embeddable":true,"href":"https:\/\/publicaciones-pmv.co\/index.php\/wp-json\/wp\/v2\/media\/186"}],"wp:attachment":[{"href":"https:\/\/publicaciones-pmv.co\/index.php\/wp-json\/wp\/v2\/media?parent=185"}],"wp:term":[{"taxonomy":"category","embeddable":true,"href":"https:\/\/publicaciones-pmv.co\/index.php\/wp-json\/wp\/v2\/categories?post=185"},{"taxonomy":"post_tag","embeddable":true,"href":"https:\/\/publicaciones-pmv.co\/index.php\/wp-json\/wp\/v2\/tags?post=185"}],"curies":[{"name":"wp","href":"https:\/\/api.w.org\/{rel}","templated":true}]}}