{"id":181,"date":"2023-10-31T10:43:00","date_gmt":"2023-10-31T15:43:00","guid":{"rendered":"https:\/\/publicaciones-pmv.co\/?p=181"},"modified":"2025-09-25T10:46:29","modified_gmt":"2025-09-25T15:46:29","slug":"presidente-gustavo-petro-otorgara-reconocimiento-a-mujeres-en-la-ciencia","status":"publish","type":"post","link":"https:\/\/publicaciones-pmv.co\/index.php\/2023\/10\/31\/presidente-gustavo-petro-otorgara-reconocimiento-a-mujeres-en-la-ciencia\/","title":{"rendered":"Presidente Gustavo Petro otorgar\u00e1 reconocimiento a Mujeres en la Ciencia"},"content":{"rendered":"\n<p>\u25cf\u00a0\u00a0\u00a0\u00a0<em>El 31 de octubre a las 3:00 pm en la Casa de Nari\u00f1o, el Presidente de la Rep\u00fablica Gustavo Petro har\u00e1 el reconocimiento para las mujeres ganadoras de la convocatoria del Programa Orqu\u00eddeas.<\/em><\/p>\n\n\n\n<p>\u25cf&nbsp;&nbsp;&nbsp;&nbsp;&nbsp;&nbsp;<em>El Programa Orqu\u00eddeas invertir\u00e1 $20.611 millones de pesos, para un total de 107 proyectos seleccionados que beneficiar\u00e1n a 214 mujeres cient\u00edficas del pa\u00eds.<\/em><br><br><br>El Presidente de la Rep\u00fablica Gustavo Petro recibir\u00e1, en la Casa de Nari\u00f1o, a m\u00e1s de 110 doctoras y j\u00f3venes investigadoras seleccionadas en el Programa Orqu\u00eddeas para desarrollar proyectos que permitan, a trav\u00e9s de la Misi\u00f3n Ciencia para la Paz, la eliminaci\u00f3n de todo tipo de violencias.<br><br>Estas doctoras y j\u00f3venes investigadoras hacen parte del Programa Orqu\u00eddeas, Mujeres en la Ciencia: Agentes Para la Paz, que cuenta con una inversi\u00f3n de $20.611 millones de pesos para 107 proyectos seleccionados, que beneficiar\u00e1n a 214 doctoras y j\u00f3venes investigadoras del pa\u00eds.<br><br>Las mujeres ganadoras de la convocatoria provienen de 17 departamentos: Antioquia, Atl\u00e1ntico, Bogot\u00e1, Bol\u00edvar, Boyac\u00e1, Caldas, Cauca, Cesar, C\u00f3rdoba, Caquet\u00e1, Magdalena, Nari\u00f1o, Norte de Santander, Quind\u00edo, Santander, Sucre y Valle del Cauca.<br><br>La ministra Yesenia Olaya Requene se\u00f1al\u00f3 al respecto: \u201cSe trata de la primera vez que el Ministerio de Ciencia, Tecnolog\u00eda e Innovaci\u00f3n cuenta con una convocatoria formulada desde el enfoque de g\u00e9nero y territorial, para vincular a doctoras y j\u00f3venes investigadoras en la formaci\u00f3n de alto nivel. Las iniciativas seleccionadas apuntan a la eliminaci\u00f3n de todas las formas de violencia, en consonancia con el objetivo de la pol\u00edtica orientada por misiones, espec\u00edficamente en la misi\u00f3n de Ciencia para La Paz\u201d.<\/p>\n\n\n\n<p><strong>Logros destacados del Ministerio en clave de g\u00e9nero<\/strong><\/p>\n\n\n\n<p>MinCiencias financi\u00f3 la inmersi\u00f3n acad\u00e9mica de 12 ni\u00f1as investigadoras de instituciones educativas de car\u00e1cter p\u00fablico, y 2 maestras, todas pertenecientes a comunidades \u00e9tnicas a trav\u00e9s de la \u201dMisi\u00f3n MIT-Harvard 2023: Investigadoras ONDAS\u201d desarrollada en alianza con el Instituto Tecnol\u00f3gico de Massachusetts (MIT) y la Universidad de Harvard.<br><br>De igual forma, entreg\u00f3 390 millones de pesos como reconocimiento econ\u00f3mico a 10 investigadoras a trav\u00e9s del Programa \u201cFor Women in Science\u201d que se desarrolla en alianza con la Fundaci\u00f3n L\u2019Oreal y la Organizaci\u00f3n de las Naciones Unidas para la Educaci\u00f3n, la Ciencia y la Cultura (UNESCO), tanto por sus perfiles acad\u00e9micos, laborales e investigativos, como por sus propuestas de Ciencia, Tecnolog\u00eda e Innovaci\u00f3n (CTeI), con el fin de acreditar sus m\u00e9ritos te\u00f3ricos y pr\u00e1cticos respecto a la contribuci\u00f3n que han hecho en la ciencia.&nbsp;<br><br><br>Finalmente, el Ministerio otorg\u00f3 puntos adicionales a las mujeres que se postulan como candidatas en los diferentes mecanismos de participaci\u00f3n del Programa de J\u00f3venes Investigadores e Innovadores, Formaci\u00f3n de Alto Nivel y Fomento a la inserci\u00f3n laboral a trav\u00e9s de estancias postdoctorales.<br><br>Con este reconocimiento, el Gobierno del Cambio avanza en la justicia social y econ\u00f3mica a trav\u00e9s del impulso de medidas afirmativas para cerrar las brechas que limitan la participaci\u00f3n de las mujeres en la ciencia, la tecnolog\u00eda y la innovaci\u00f3n.<\/p>\n","protected":false},"excerpt":{"rendered":"<p>El Gobierno del Cambio avanza en la justicia social y econ\u00f3mica a trav\u00e9s del impulso de medidas afirmativas para cerrar las brechas que limitan la participaci\u00f3n de las mujeres en la ciencia, la tecnolog\u00eda y la innovaci\u00f3n.<\/p>\n","protected":false},"author":2,"featured_media":182,"comment_status":"open","ping_status":"closed","sticky":false,"template":"","format":"standard","meta":{"footnotes":""},"categories":[16],"tags":[15,25,26,4,3,5],"class_list":["post-181","post","type-post","status-publish","format-standard","has-post-thumbnail","hentry","category-noticias","tag-colombia","tag-minciencias","tag-ministerio-de-ciencias","tag-pmv","tag-pnd","tag-publicaciones-pmv"],"_links":{"self":[{"href":"https:\/\/publicaciones-pmv.co\/index.php\/wp-json\/wp\/v2\/posts\/181","targetHints":{"allow":["GET"]}}],"collection":[{"href":"https:\/\/publicaciones-pmv.co\/index.php\/wp-json\/wp\/v2\/posts"}],"about":[{"href":"https:\/\/publicaciones-pmv.co\/index.php\/wp-json\/wp\/v2\/types\/post"}],"author":[{"embeddable":true,"href":"https:\/\/publicaciones-pmv.co\/index.php\/wp-json\/wp\/v2\/users\/2"}],"replies":[{"embeddable":true,"href":"https:\/\/publicaciones-pmv.co\/index.php\/wp-json\/wp\/v2\/comments?post=181"}],"version-history":[{"count":2,"href":"https:\/\/publicaciones-pmv.co\/index.php\/wp-json\/wp\/v2\/posts\/181\/revisions"}],"predecessor-version":[{"id":184,"href":"https:\/\/publicaciones-pmv.co\/index.php\/wp-json\/wp\/v2\/posts\/181\/revisions\/184"}],"wp:featuredmedia":[{"embeddable":true,"href":"https:\/\/publicaciones-pmv.co\/index.php\/wp-json\/wp\/v2\/media\/182"}],"wp:attachment":[{"href":"https:\/\/publicaciones-pmv.co\/index.php\/wp-json\/wp\/v2\/media?parent=181"}],"wp:term":[{"taxonomy":"category","embeddable":true,"href":"https:\/\/publicaciones-pmv.co\/index.php\/wp-json\/wp\/v2\/categories?post=181"},{"taxonomy":"post_tag","embeddable":true,"href":"https:\/\/publicaciones-pmv.co\/index.php\/wp-json\/wp\/v2\/tags?post=181"}],"curies":[{"name":"wp","href":"https:\/\/api.w.org\/{rel}","templated":true}]}}