{"id":177,"date":"2025-09-10T10:39:00","date_gmt":"2025-09-10T15:39:00","guid":{"rendered":"https:\/\/publicaciones-pmv.co\/?p=177"},"modified":"2025-09-25T10:42:43","modified_gmt":"2025-09-25T15:42:43","slug":"el-presidente-gustavo-petro-radica-mensaje-de-urgencia-para-el-proyecto-de-ley-sobre-inteligencia-artificial","status":"publish","type":"post","link":"https:\/\/publicaciones-pmv.co\/index.php\/2025\/09\/10\/el-presidente-gustavo-petro-radica-mensaje-de-urgencia-para-el-proyecto-de-ley-sobre-inteligencia-artificial\/","title":{"rendered":"El Presidente Gustavo Petro radica mensaje de urgencia para el Proyecto de Ley sobre Inteligencia Artificial"},"content":{"rendered":"\n<ul class=\"wp-block-list\">\n<li>Un mensaje de urgencia es un recurso que obliga al Congreso a tramitar la iniciativa en treinta d\u00edas por cada c\u00e1mara. Los plazos normales, mayores a esto, suelen convertir los proyectos en un tr\u00e1mite legislativo eterno.<\/li>\n<\/ul>\n\n\n\n<p>El Proyecto de Ley sobre Inteligencia Artificial constituye un paso hist\u00f3rico para el pa\u00eds. Fue elaborado por el Ministerio de Ciencia, Tecnolog\u00eda e Innovaci\u00f3n, con el acompa\u00f1amiento del Ministerio TIC, Ministerio de Educaci\u00f3n, Departamento Nacional de Planeaci\u00f3n, entre otros y recoge aportes de universidades, centros de investigaci\u00f3n, empresas tecnol\u00f3gicas y organizaciones de la sociedad civil. Su radicaci\u00f3n en el Senado, el pasado 28 de julio, cont\u00f3 con el respaldo de congresistas de diferentes partidos, reflejo de la importancia nacional de esta iniciativa.<\/p>\n\n\n\n<p>La propuesta busca establecer un marco regulatorio moderno y robusto para el desarrollo y uso de la inteligencia artificial en Colombia, garantizando que estas tecnolog\u00edas se apliquen con transparencia, responsabilidad y respeto por los derechos humanos. Entre sus principales aportes, se destaca la clasificaci\u00f3n de los sistemas de IA seg\u00fan su nivel de riesgo, desde aquellos que requieren obligaciones m\u00ednimas de informaci\u00f3n hasta los que, por su complejidad y posibles impactos, deber\u00e1n estar sujetos a restricciones.<\/p>\n\n\n\n<p>El proyecto consolidar\u00e1 al Ministerio de Ciencia, Tecnolog\u00eda e Innovaci\u00f3n, como autoridad nacional en materia de inteligencia artificial, esto le permitir\u00e1 liderar procesos de regulaci\u00f3n, certificaci\u00f3n y supervisi\u00f3n, convirti\u00e9ndose en un garante de que la innovaci\u00f3n tecnol\u00f3gica en Colombia se desarrolle bajo principios \u00e9ticos y con el m\u00e1ximo beneficio para los colombianos.<\/p>\n\n\n\n<p>De manera concreta, el articulado contempla responsabilidades administrativas, civiles, penales y \u00e9ticas para quienes desarrollen o implementen sistemas de IA. Asimismo, establece que aquellos de alto riesgo, como los que puedan impactar la vida, la salud o la libertad de las personas, estar\u00e1n sujetos a procesos rigurosos de certificaci\u00f3n y auditor\u00eda, fortaleciendo la confianza p\u00fablica en estas tecnolog\u00edas.<\/p>\n\n\n\n<p>El tr\u00e1mite legislativo desde ahora avanza bajo mensaje de urgencia, lo que implica que Senado y C\u00e1mara de Representantes deber\u00e1n dar prioridad a su discusi\u00f3n, reduciendo los tiempos de debate frente a los procesos ordinarios. Esta decisi\u00f3n permitir\u00e1 que el pa\u00eds cuente en el corto plazo con un marco legal s\u00f3lido y actualizado en materia de inteligencia artificial.<\/p>\n\n\n\n<p>Con esta iniciativa, Colombia se proyecta como un pa\u00eds pionero en la regi\u00f3n en la construcci\u00f3n de una pol\u00edtica p\u00fablica integral sobre inteligencia artificial, alineada con los est\u00e1ndares internacionales. La apuesta del Gobierno Nacional, a trav\u00e9s de MinCiencias y MinTIC, es asegurar que la IA se convierta en una herramienta para el desarrollo sostenible, la equidad social y la competitividad del pa\u00eds en el escenario global.<\/p>\n\n\n\n<p><\/p>\n","protected":false},"excerpt":{"rendered":"<p>Colombia se proyecta como un pa\u00eds pionero en la regi\u00f3n en la construcci\u00f3n de una pol\u00edtica p\u00fablica integral sobre inteligencia artificial, alineada con los est\u00e1ndares internacionales.<\/p>\n","protected":false},"author":2,"featured_media":178,"comment_status":"open","ping_status":"closed","sticky":false,"template":"","format":"standard","meta":{"footnotes":""},"categories":[16],"tags":[15,25,26,3,23,5],"class_list":["post-177","post","type-post","status-publish","format-standard","has-post-thumbnail","hentry","category-noticias","tag-colombia","tag-minciencias","tag-ministerio-de-ciencias","tag-pnd","tag-ppmv","tag-publicaciones-pmv"],"_links":{"self":[{"href":"https:\/\/publicaciones-pmv.co\/index.php\/wp-json\/wp\/v2\/posts\/177","targetHints":{"allow":["GET"]}}],"collection":[{"href":"https:\/\/publicaciones-pmv.co\/index.php\/wp-json\/wp\/v2\/posts"}],"about":[{"href":"https:\/\/publicaciones-pmv.co\/index.php\/wp-json\/wp\/v2\/types\/post"}],"author":[{"embeddable":true,"href":"https:\/\/publicaciones-pmv.co\/index.php\/wp-json\/wp\/v2\/users\/2"}],"replies":[{"embeddable":true,"href":"https:\/\/publicaciones-pmv.co\/index.php\/wp-json\/wp\/v2\/comments?post=177"}],"version-history":[{"count":2,"href":"https:\/\/publicaciones-pmv.co\/index.php\/wp-json\/wp\/v2\/posts\/177\/revisions"}],"predecessor-version":[{"id":180,"href":"https:\/\/publicaciones-pmv.co\/index.php\/wp-json\/wp\/v2\/posts\/177\/revisions\/180"}],"wp:featuredmedia":[{"embeddable":true,"href":"https:\/\/publicaciones-pmv.co\/index.php\/wp-json\/wp\/v2\/media\/178"}],"wp:attachment":[{"href":"https:\/\/publicaciones-pmv.co\/index.php\/wp-json\/wp\/v2\/media?parent=177"}],"wp:term":[{"taxonomy":"category","embeddable":true,"href":"https:\/\/publicaciones-pmv.co\/index.php\/wp-json\/wp\/v2\/categories?post=177"},{"taxonomy":"post_tag","embeddable":true,"href":"https:\/\/publicaciones-pmv.co\/index.php\/wp-json\/wp\/v2\/tags?post=177"}],"curies":[{"name":"wp","href":"https:\/\/api.w.org\/{rel}","templated":true}]}}