{"id":173,"date":"2025-06-26T10:11:00","date_gmt":"2025-06-26T15:11:00","guid":{"rendered":"https:\/\/publicaciones-pmv.co\/?p=173"},"modified":"2025-09-25T10:15:18","modified_gmt":"2025-09-25T15:15:18","slug":"colombia-avanza-hacia-un-pais-mas-justo-digno-y-con-bienestar-se-sancionan-las-leyes-de-salud-mental-y-reforma-laboral","status":"publish","type":"post","link":"https:\/\/publicaciones-pmv.co\/index.php\/2025\/06\/26\/colombia-avanza-hacia-un-pais-mas-justo-digno-y-con-bienestar-se-sancionan-las-leyes-de-salud-mental-y-reforma-laboral\/","title":{"rendered":"Colombia avanza hacia un pa\u00eds m\u00e1s justo, digno y con bienestar: se sancionan las leyes de Salud Mental y Reforma Laboral"},"content":{"rendered":"\n<p>Colombia celebra un hito hist\u00f3rico con la sanci\u00f3n presidencial de dos leyes fundamentales para el bienestar de las personas: la Ley 2460 de 2025, que transforma el abordaje de la salud mental en el pa\u00eds, y la nueva Ley Laboral, que recupera derechos para las y los trabajadores despu\u00e9s de m\u00e1s de 34 a\u00f1os.<\/p>\n\n\n\n<p>Ambas normativas marcan un antes y un despu\u00e9s. Por un lado, la salud mental se reconoce como un derecho humano esencial y una prioridad nacional, por el otro, se dignifican las condiciones laborales, con medidas concretas que mejoran la calidad de vida de millones de colombianos.<\/p>\n\n\n\n<p>En el marco de esta transformaci\u00f3n, tambi\u00e9n se firm\u00f3 la actualizaci\u00f3n de la Pol\u00edtica Nacional de Salud Mental 2025\u20132034, que busca garantizar el acceso a una atenci\u00f3n integral, preventiva y comunitaria, abordando los determinantes sociales y superando el estigma y la exclusi\u00f3n que por a\u00f1os han rodeado los problemas de salud mental, a trav\u00e9s de l\u00edneas estrat\u00e9gicas con acciones transectoriales.<\/p>\n\n\n\n<p>\u201cHoy, m\u00e1s de 8.000 psic\u00f3logos recorren el pa\u00eds llevando atenci\u00f3n a quienes m\u00e1s lo necesitan, y se avanza en la contrataci\u00f3n de psiquiatras. Gracias a una inversi\u00f3n hist\u00f3rica de 150 millones de d\u00f3lares en infraestructura, hoy la salud mental es una realidad prioritaria\u201d, afirm\u00f3 el ministro de Salud y Protecci\u00f3n Social, Guillermo Alfonso Jaramillo.<\/p>\n\n\n\n<blockquote class=\"wp-block-quote is-layout-flow wp-block-quote-is-layout-flow\">\n<h4 class=\"wp-block-heading\"><em>Con la nueva ley, se fortalece el rol fundamental de las y los psic\u00f3logos en el sistema de salud, reconociendo su papel clave en la construcci\u00f3n de una sociedad m\u00e1s emp\u00e1tica, protegida y emocionalmente sana.<\/em><\/h4>\n<\/blockquote>\n\n\n\n<p>\u201cNo se trata solo de firmar una ley, sino de fortalecer la salud mental en la pr\u00e1ctica. Hoy ya contamos con m\u00e1s de 10.800 equipos b\u00e1sicos, donde cada equipo tiene al menos una psic\u00f3loga o psic\u00f3logo, trabajando directamente en barrios, veredas y zonas apartadas. Adem\u00e1s, estamos llegando alrededor de 400 municipios PDET, ZOMAC y PENIS con equipos especializados que incluyen psiquiatras, para atender a las poblaciones m\u00e1s vulnerables\u201d a\u00f1adi\u00f3 el jefe de esta cartera.<\/p>\n\n\n\n<p>Simult\u00e1neamente, se celebr\u00f3 la sanci\u00f3n de la nueva Ley Laboral, que dignifica el trabajo y protege a quienes durante a\u00f1os vieron vulnerados sus derechos. Entre los avances m\u00e1s relevantes se encuentran:<\/p>\n\n\n\n<ul class=\"wp-block-list\">\n<li>El aumento del recargo por trabajo dominical y festivo del 75\u202f% al 100\u202f%.<\/li>\n\n\n\n<li>El inicio de la jornada nocturna desde las 6:00 p.\u202fm.<\/li>\n\n\n\n<li>La mejora de las condiciones para los aprendices del SENA, quienes recibir\u00e1n el 75\u202f% del salario m\u00ednimo en etapa lectiva y el 100\u202f% en etapa pr\u00e1ctica, con todas las prestaciones.<\/li>\n<\/ul>\n\n\n\n<p>\u201cReconocemos y agradecemos el compromiso del presidente Gustavo Petro con el bienestar emocional y laboral de los colombianos. \u00a1Este es solo el comienzo de un pa\u00eds que avanza hacia la dignidad y la justicia social!\u201d, concluy\u00f3 el ministro Jaramillo.<\/p>\n\n\n\n<p>Con estos avances, el Ministerio de Salud y Protecci\u00f3n Social reafirma su compromiso con el bienestar integral de la poblaci\u00f3n, impulsando pol\u00edticas p\u00fablicas que garanticen una salud con dignidad, condiciones laborales justas y el reconocimiento pleno de los derechos de todas y todos.<\/p>\n\n\n\n<p><\/p>\n","protected":false},"excerpt":{"rendered":"<p>El Ministerio de Salud y Protecci\u00f3n Social reafirma su compromiso con el bienestar integral de la poblaci\u00f3n<\/p>\n","protected":false},"author":2,"featured_media":174,"comment_status":"open","ping_status":"closed","sticky":false,"template":"","format":"standard","meta":{"footnotes":""},"categories":[16],"tags":[24,7,3,23,5],"class_list":["post-173","post","type-post","status-publish","format-standard","has-post-thumbnail","hentry","category-noticias","tag-ministerio-de-salud","tag-minsalud","tag-pnd","tag-ppmv","tag-publicaciones-pmv"],"_links":{"self":[{"href":"https:\/\/publicaciones-pmv.co\/index.php\/wp-json\/wp\/v2\/posts\/173","targetHints":{"allow":["GET"]}}],"collection":[{"href":"https:\/\/publicaciones-pmv.co\/index.php\/wp-json\/wp\/v2\/posts"}],"about":[{"href":"https:\/\/publicaciones-pmv.co\/index.php\/wp-json\/wp\/v2\/types\/post"}],"author":[{"embeddable":true,"href":"https:\/\/publicaciones-pmv.co\/index.php\/wp-json\/wp\/v2\/users\/2"}],"replies":[{"embeddable":true,"href":"https:\/\/publicaciones-pmv.co\/index.php\/wp-json\/wp\/v2\/comments?post=173"}],"version-history":[{"count":2,"href":"https:\/\/publicaciones-pmv.co\/index.php\/wp-json\/wp\/v2\/posts\/173\/revisions"}],"predecessor-version":[{"id":176,"href":"https:\/\/publicaciones-pmv.co\/index.php\/wp-json\/wp\/v2\/posts\/173\/revisions\/176"}],"wp:featuredmedia":[{"embeddable":true,"href":"https:\/\/publicaciones-pmv.co\/index.php\/wp-json\/wp\/v2\/media\/174"}],"wp:attachment":[{"href":"https:\/\/publicaciones-pmv.co\/index.php\/wp-json\/wp\/v2\/media?parent=173"}],"wp:term":[{"taxonomy":"category","embeddable":true,"href":"https:\/\/publicaciones-pmv.co\/index.php\/wp-json\/wp\/v2\/categories?post=173"},{"taxonomy":"post_tag","embeddable":true,"href":"https:\/\/publicaciones-pmv.co\/index.php\/wp-json\/wp\/v2\/tags?post=173"}],"curies":[{"name":"wp","href":"https:\/\/api.w.org\/{rel}","templated":true}]}}