{"id":170,"date":"2025-06-17T18:57:00","date_gmt":"2025-06-17T23:57:00","guid":{"rendered":"https:\/\/publicaciones-pmv.co\/?p=170"},"modified":"2025-09-24T18:59:54","modified_gmt":"2025-09-24T23:59:54","slug":"el-ministerio-interior-lidero-la-aprobacion-del-mayor-legado-del-gobierno-petro-la-reforma-laboral","status":"publish","type":"post","link":"https:\/\/publicaciones-pmv.co\/index.php\/2025\/06\/17\/el-ministerio-interior-lidero-la-aprobacion-del-mayor-legado-del-gobierno-petro-la-reforma-laboral\/","title":{"rendered":"El Ministerio Interior lider\u00f3 la aprobaci\u00f3n del mayor legado del Gobierno Petro: la Reforma Laboral"},"content":{"rendered":"\n<p>El ministro del Interior, Armando Benedetti, celebr\u00f3 la aprobaci\u00f3n de la Reforma Laboral del Gobierno nacional en el Congreso de la Rep\u00fablica. Sin embargo, indic\u00f3 que a\u00fan falta el \u00faltimo paso, que es la conciliaci\u00f3n entre lo aprobado en la C\u00e1mara y el Senado.<\/p>\n\n\n\n<p><em>\u201cEstamos satisfechos por lo que se hizo aqu\u00ed en el Senado. Este es el mayor legado del Gobierno Petro a los trabajadores y trabajadoras de Colombia. Sin embargo, hace falta la conciliaci\u00f3n, que es el \u00faltimo punto y se tiene que hacer antes del pr\u00f3ximo viernes. Estamos muy atentos a lo que pase\u201d<\/em>, dijo el jefe de la cartera pol\u00edtica.<\/p>\n\n\n\n<p>Estos fueron los principales puntos aprobados en favor de los trabajadores colombianos.<\/p>\n\n\n\n<ul class=\"wp-block-list\">\n<li>Los estudiantes del SENA tendr\u00e1n un contrato laboral: recibir\u00e1n el 75 % del salario m\u00ednimo durante el primer a\u00f1o y el 100 % en el segundo. Adem\u00e1s, tendr\u00e1n derecho a seguridad social y ARL.<\/li>\n\n\n\n<li>Las empresas deber\u00e1n contratar aprendices del SENA o, en su defecto, pagar una monetizaci\u00f3n equivalente a 1.5 salarios m\u00ednimos por cada aprendiz no vinculado.<\/li>\n\n\n\n<li>Las madres comunitarias ser\u00e1n incorporadas a la planta del Instituto Colombiano de Bienestar Familiar (ICBF).<\/li>\n\n\n\n<li>Se refuerza la obligaci\u00f3n de contratar formalmente a trabajadoras y trabajadores del servicio dom\u00e9stico.<\/li>\n\n\n\n<li>El trabajo en domingos y festivos se remunerar\u00e1 con un recargo del 100 %.<\/li>\n\n\n\n<li>A los estudiantes de carreras en salud, durante su internado, se les deber\u00e1 reconocer un salario m\u00ednimo legal mensual.<\/li>\n\n\n\n<li>Se establece que la jornada nocturna inicia a las 7:00 p.\u202fm., y desde esa hora aplica el respectivo recargo.<\/li>\n\n\n\n<li>Se elimina el pago por horas: el salario m\u00ednimo ser\u00e1 el punto de partida para cualquier relaci\u00f3n laboral.<\/li>\n\n\n\n<li>El contrato a t\u00e9rmino indefinido se establece como la forma general de vinculaci\u00f3n laboral.<\/li>\n\n\n\n<li>Las aplicaciones de reparto deber\u00e1n garantizar el pago de seguridad social y ARL a sus trabajadores.<\/li>\n\n\n\n<li>Las personas cuidadoras podr\u00e1n concertar con sus empleadores espacios para ejercer sus labores de cuidado.<\/li>\n\n\n\n<li>Los teletrabajadores recibir\u00e1n un subsidio de conectividad para el desempe\u00f1o de sus funciones.<\/li>\n\n\n\n<li>Se refuerzan las garant\u00edas laborales para las mujeres trabajadoras del campo.<\/li>\n<\/ul>\n\n\n\n<div style=\"height:100px\" aria-hidden=\"true\" class=\"wp-block-spacer\"><\/div>\n\n\n\n<p>Fuente: Ministerio Interior<\/p>\n\n\n\n<p><\/p>\n","protected":false},"excerpt":{"rendered":"<p>El ministro del Interior, Armando Benedetti, celebr\u00f3 la aprobaci\u00f3n en el \u00faltimo debate en plenaria del Senado de la Rep\u00fablica, de la Reforma Laboral del Gobierno nacional.<\/p>\n","protected":false},"author":2,"featured_media":171,"comment_status":"open","ping_status":"closed","sticky":false,"template":"","format":"standard","meta":{"footnotes":""},"categories":[16],"tags":[15,21,22,4,3,5],"class_list":["post-170","post","type-post","status-publish","format-standard","has-post-thumbnail","hentry","category-noticias","tag-colombia","tag-mininterior","tag-ministerio-interior","tag-pmv","tag-pnd","tag-publicaciones-pmv"],"_links":{"self":[{"href":"https:\/\/publicaciones-pmv.co\/index.php\/wp-json\/wp\/v2\/posts\/170","targetHints":{"allow":["GET"]}}],"collection":[{"href":"https:\/\/publicaciones-pmv.co\/index.php\/wp-json\/wp\/v2\/posts"}],"about":[{"href":"https:\/\/publicaciones-pmv.co\/index.php\/wp-json\/wp\/v2\/types\/post"}],"author":[{"embeddable":true,"href":"https:\/\/publicaciones-pmv.co\/index.php\/wp-json\/wp\/v2\/users\/2"}],"replies":[{"embeddable":true,"href":"https:\/\/publicaciones-pmv.co\/index.php\/wp-json\/wp\/v2\/comments?post=170"}],"version-history":[{"count":1,"href":"https:\/\/publicaciones-pmv.co\/index.php\/wp-json\/wp\/v2\/posts\/170\/revisions"}],"predecessor-version":[{"id":172,"href":"https:\/\/publicaciones-pmv.co\/index.php\/wp-json\/wp\/v2\/posts\/170\/revisions\/172"}],"wp:featuredmedia":[{"embeddable":true,"href":"https:\/\/publicaciones-pmv.co\/index.php\/wp-json\/wp\/v2\/media\/171"}],"wp:attachment":[{"href":"https:\/\/publicaciones-pmv.co\/index.php\/wp-json\/wp\/v2\/media?parent=170"}],"wp:term":[{"taxonomy":"category","embeddable":true,"href":"https:\/\/publicaciones-pmv.co\/index.php\/wp-json\/wp\/v2\/categories?post=170"},{"taxonomy":"post_tag","embeddable":true,"href":"https:\/\/publicaciones-pmv.co\/index.php\/wp-json\/wp\/v2\/tags?post=170"}],"curies":[{"name":"wp","href":"https:\/\/api.w.org\/{rel}","templated":true}]}}