{"id":166,"date":"2023-05-01T18:47:00","date_gmt":"2023-05-01T23:47:00","guid":{"rendered":"https:\/\/publicaciones-pmv.co\/?p=166"},"modified":"2025-09-24T18:51:57","modified_gmt":"2025-09-24T23:51:57","slug":"presidente-gustavo-petro-posesiona-a-ricardo-bonilla-gonzalez-como-nuevo-ministro-de-hacienda-y-credito-publico","status":"publish","type":"post","link":"https:\/\/publicaciones-pmv.co\/index.php\/2023\/05\/01\/presidente-gustavo-petro-posesiona-a-ricardo-bonilla-gonzalez-como-nuevo-ministro-de-hacienda-y-credito-publico\/","title":{"rendered":"Presidente Gustavo Petro posesiona a Ricardo Bonilla Gonz\u00e1lez como nuevo Ministro de Hacienda y Cr\u00e9dito P\u00fablico"},"content":{"rendered":"\n<p><strong>Presidente Gustavo Petro posesiona a Ricardo Bonilla Gonz\u00e1lez como nuevo Ministro de Hacienda y Cr\u00e9dito P\u00fablico<\/strong><\/p>\n\n\n\n<ul class=\"wp-block-list\">\n<li>El nuevo jefe de la cartera de Hacienda y Cr\u00e9dito P\u00fablico es economista y especialista en empresas multinacionales latinoamericanas y andinas.<\/li>\n\n\n\n<li>Uno de sus desaf\u00edos es mantener la estabilidad econ\u00f3mica y el cumplimiento de la regla fiscal.<\/li>\n<\/ul>\n\n\n\n<p><strong>Bogot\u00e1 D.C., 1 de mayo de 2023.<\/strong><br>El Presidente de la Rep\u00fablica, Gustavo Petro, posesion\u00f3 a Ricardo Bonilla Gonz\u00e1lez como nuevo Ministro de Hacienda y Cr\u00e9dito P\u00fablico, en reemplazo de Jos\u00e9 Antonio Ocampo, quien ven\u00eda desempe\u00f1\u00e1ndose en ese cargo desde agosto de 2022.<br><br>El nuevo jefe de la cartera de Hacienda y Cr\u00e9dito P\u00fablico es economista de la Universidad Jorge Tadeo y especialista en empresas multinacionales latinoamericanas y andinas de la Escuela Empresarial Andina.<br><br>As\u00ed mismo, es candidato a Doctor de Ciencias Econ\u00f3micas de la Universidad de Rennes, en Francia, y cuenta con una importante experiencia investigativa; as\u00ed como con varios escritos y publicaciones.<br><br>Bonilla ocup\u00f3 cargos como secretario de Hacienda de la Alcald\u00eda Mayor de Bogot\u00e1, director del centro de investigaciones para el desarrollo CID de la Universidad Nacional de Colombia, director del departamento de econom\u00eda de la Universidad Nacional de Colombia, director acad\u00e9mico de la misi\u00f3n alternativa de empleo e ingresos MAEI Escuela Nacional Sindical y fue miembro de varias juntas directivas.<br><br>De igual forma, se ha desempe\u00f1ado como consultor de la Universidad Nacional de Colombia y docente de la Pontificia Universidad Javeriana, la Universidad Nacional de Colombia y la Universidad Externado de Colombia. En total cuenta con m\u00e1s de 27 a\u00f1os de experiencia profesional.<br><br>Entre los retos que tendr\u00e1 Bonilla como Ministro de Hacienda y Cr\u00e9dito P\u00fablico, se destaca mantener la estabilidad econ\u00f3mica y el cumplimiento de la regla fiscal. Adicionalmente, bajar el d\u00e9ficit fiscal y el de cuenta corriente.<br><br>Otro de sus objetivos es cerrar la brecha del Fondo de Estabilizaci\u00f3n de Precios de los Combustibles (FEPC) y continuar respetando la funci\u00f3n del Banco de la Rep\u00fablica como emisor primario y aut\u00f3nomo de sus funciones.<\/p>\n\n\n\n<div style=\"height:100px\" aria-hidden=\"true\" class=\"wp-block-spacer\"><\/div>\n\n\n\n<p>\/Fuente: Ministerio de Hacienda<\/p>\n","protected":false},"excerpt":{"rendered":"<p>El Presidente de la Rep\u00fablica, Gustavo Petro, posesion\u00f3 a Ricardo Bonilla Gonz\u00e1lez como nuevo Ministro de Hacienda y Cr\u00e9dito P\u00fablico, en reemplazo de Jos\u00e9 Antonio Ocampo, quien ven\u00eda desempe\u00f1\u00e1ndose en ese cargo desde agosto de 2022.<\/p>\n","protected":false},"author":2,"featured_media":167,"comment_status":"open","ping_status":"closed","sticky":false,"template":"","format":"standard","meta":{"footnotes":""},"categories":[16],"tags":[15,20,19,4,3,5],"class_list":["post-166","post","type-post","status-publish","format-standard","has-post-thumbnail","hentry","category-noticias","tag-colombia","tag-hacienda","tag-minhacienda","tag-pmv","tag-pnd","tag-publicaciones-pmv"],"_links":{"self":[{"href":"https:\/\/publicaciones-pmv.co\/index.php\/wp-json\/wp\/v2\/posts\/166","targetHints":{"allow":["GET"]}}],"collection":[{"href":"https:\/\/publicaciones-pmv.co\/index.php\/wp-json\/wp\/v2\/posts"}],"about":[{"href":"https:\/\/publicaciones-pmv.co\/index.php\/wp-json\/wp\/v2\/types\/post"}],"author":[{"embeddable":true,"href":"https:\/\/publicaciones-pmv.co\/index.php\/wp-json\/wp\/v2\/users\/2"}],"replies":[{"embeddable":true,"href":"https:\/\/publicaciones-pmv.co\/index.php\/wp-json\/wp\/v2\/comments?post=166"}],"version-history":[{"count":2,"href":"https:\/\/publicaciones-pmv.co\/index.php\/wp-json\/wp\/v2\/posts\/166\/revisions"}],"predecessor-version":[{"id":169,"href":"https:\/\/publicaciones-pmv.co\/index.php\/wp-json\/wp\/v2\/posts\/166\/revisions\/169"}],"wp:featuredmedia":[{"embeddable":true,"href":"https:\/\/publicaciones-pmv.co\/index.php\/wp-json\/wp\/v2\/media\/167"}],"wp:attachment":[{"href":"https:\/\/publicaciones-pmv.co\/index.php\/wp-json\/wp\/v2\/media?parent=166"}],"wp:term":[{"taxonomy":"category","embeddable":true,"href":"https:\/\/publicaciones-pmv.co\/index.php\/wp-json\/wp\/v2\/categories?post=166"},{"taxonomy":"post_tag","embeddable":true,"href":"https:\/\/publicaciones-pmv.co\/index.php\/wp-json\/wp\/v2\/tags?post=166"}],"curies":[{"name":"wp","href":"https:\/\/api.w.org\/{rel}","templated":true}]}}