{"id":161,"date":"2024-07-08T18:40:00","date_gmt":"2024-07-08T23:40:00","guid":{"rendered":"https:\/\/publicaciones-pmv.co\/?p=161"},"modified":"2025-09-24T18:44:11","modified_gmt":"2025-09-24T23:44:11","slug":"gobierno-petro-logra-la-mayor-reduccion-de-la-deforestacion-en-la-historia-de-colombia","status":"publish","type":"post","link":"https:\/\/publicaciones-pmv.co\/index.php\/2024\/07\/08\/gobierno-petro-logra-la-mayor-reduccion-de-la-deforestacion-en-la-historia-de-colombia\/","title":{"rendered":"Gobierno Petro logra la mayor reducci\u00f3n de la deforestaci\u00f3n en la historia de Colombia"},"content":{"rendered":"\n<ul class=\"wp-block-list\">\n<li>Por segundo a\u00f1o consecutivo y con la cifra m\u00e1s baja de los \u00faltimos 23 a\u00f1os, el Gobierno del Cambio redujo la deforestaci\u00f3n en todo el pa\u00eds en un 36%.<\/li>\n\n\n\n<li>Esto quiere decir que 44.261 hect\u00e1reas (ha) de bosque dejaron de ser taladas, pasando de 123.517 ha deforestadas en 2022 a 79.256 ha en 2023, un \u00e1rea similar a casi tres veces la ciudad de Bucaramanga.<\/li>\n\n\n\n<li>La deforestaci\u00f3n en la Amazon\u00eda colombiana fue la m\u00e1s baja de los \u00faltimos 23 a\u00f1os.<\/li>\n\n\n\n<li>El Plan Nacional de Desarrollo estableci\u00f3 una meta de reducci\u00f3n de al menos el 20% de la deforestaci\u00f3n en el pa\u00eds respecto a la deforestaci\u00f3n de 2021. Con los resultados obtenidos, el Gobierno ya super\u00f3 la meta trazada con m\u00e1s del 54% de la reducci\u00f3n acumulada entre 2021 y 2023.<\/li>\n\n\n\n<li>Este importante resultado posiciona a Colombia como un referente global en la protecci\u00f3n de los bosques y un actor fundamental de cara a las negociaciones de p\u00e9rdida de biodiversidad que se llevar\u00e1n a cabo en la COP16, del 21 de octubre al 1 de noviembre en Cali (Colombia).<\/li>\n\n\n\n<li>La ministra de Ambiente, Susana Muhamad, asegur\u00f3 que este gran resultado en 2023 demuestra que el Plan de Contenci\u00f3n de la Deforestaci\u00f3n de la mano con las comunidades funciona, esto es un hecho contundente de hacer la Paz con la Naturaleza.<\/li>\n<\/ul>\n\n\n\n<p>Colombia alcanz\u00f3 la cifra de deforestaci\u00f3n m\u00e1s baja desde que se tiene registro en el pa\u00eds. Al respecto, la ministra de Ambiente y Desarrollo Sostenible, Susana Muhamad, asegur\u00f3 que la deforestaci\u00f3n se redujo en 36% en 2023, pasando de 123.517 ha deforestadas en 2022 a 79.256 ha en el a\u00f1o anterior.<\/p>\n\n\n\n<p>\u201cEs la cifra m\u00e1s baja producida desde que tenemos serie hist\u00f3rica en el pa\u00eds desde el a\u00f1o 2000. Es, por primera vez, una cifra que se reduce sustancialmente y por debajo de las 100.000 hect\u00e1reas. Es un a\u00f1o realmente ic\u00f3nico en esta lucha contra la deforestaci\u00f3n\u201d, se\u00f1al\u00f3 la ministra Muhamad.<\/p>\n\n\n\n<p>Asimismo, Muhamad afirm\u00f3 que la cartera avanza en el cumplimiento del Plan Nacional de Desarrollo, en el que se plante\u00f3 una meta de reducir la deforestaci\u00f3n en 20% respecto a la l\u00ednea base del 2021, por lo tanto, con los resultados obtenidos, la meta a la fecha ya se habr\u00eda superado, logrando un 54% de reducci\u00f3n acumulada entre 2021 y 2023.<\/p>\n\n\n\n<p>\u201cEstamos cumpliendo y sobrepasando la meta. Hemos identificado que hay una asociaci\u00f3n directa entre la paz y el resultado de la deforestaci\u00f3n, condiciones de paz generan reducci\u00f3n. Tenemos en el a\u00f1o 2023 la cifra m\u00e1s baja de deforestaci\u00f3n en los \u00faltimos 23 a\u00f1os y hay dos factores fundamentales que tienen que ver con este resultado: avances en t\u00e9rminos de proceso de Paz y el fortalecimiento de los acuerdos de conservaci\u00f3n (Conservar Paga), especialmente en el Arco Amaz\u00f3nico\u201d, puntualiz\u00f3 Muhamad.<\/p>\n\n\n\n<p>Los resultados de disminuci\u00f3n alcanzados son una realidad gracias al Plan de Contenci\u00f3n de la Deforestaci\u00f3n que traz\u00f3 el Ministerio de Ambiente y que contempla estrategias como el programa Conservar Paga, que triplic\u00f3 los incentivos para las comunidades que se comprometen con la protecci\u00f3n de los bosques; la agenda ambiental para la paz; el fortalecimiento institucional en los territorios; la Investigaci\u00f3n criminal y el despliegue de la Fuerza P\u00fablica con acciones contundentes.<\/p>\n\n\n\n<p>Por su parte, Ghisliane Echeverry, directora del&nbsp;Ideam, destac\u00f3 que \u201clos resultados del monitoreo presentado est\u00e1n soportados por una metodolog\u00eda adaptada al caso colombiano, validada internacionalmente, certificada nacionalmente y revisada permanentemente que garantiza confianza en los datos de monitoreo de bosque natural en Colombia\u201d.<\/p>\n\n\n\n<p><strong>Reducci\u00f3n hist\u00f3rica en la Amazon\u00eda<\/strong><\/p>\n\n\n\n<p>La ministra Muhamad se\u00f1al\u00f3 que la deforestaci\u00f3n en la Amazon\u00eda colombiana fue la m\u00e1s baja de los \u00faltimos 23 a\u00f1os, pasando de 71.185 ha deforestadas en 2022 a 44.274 ha en 2023, una reducci\u00f3n del 38%. Es decir, 26.911 ha de la selva amaz\u00f3nica dejaron de ser v\u00edctimas de la deforestaci\u00f3n. Adem\u00e1s, entre el a\u00f1o 2021 y 2023 se identific\u00f3 una reducci\u00f3n acumulada del 61%.<\/p>\n\n\n\n<p>Muhamad resalt\u00f3 la disminuci\u00f3n contundente de este flagelo en los cuatro departamentos que conforman el Arco Amaz\u00f3nico de la Deforestaci\u00f3n, as\u00ed: Meta con una reducci\u00f3n de 57%, Putumayo con 52%, Caquet\u00e1 con 34% y Guaviare con 27%.<\/p>\n\n\n\n<p>La praderizaci\u00f3n para acaparamiento de tierras, pr\u00e1cticas no sostenibles de ganader\u00eda extensiva, infraestructura de transporte no planificada, cultivos de uso il\u00edcito, extracci\u00f3n il\u00edcita de minerales y extracci\u00f3n de madera (tala ilegal) siguen siendo las principales causas de la deforestaci\u00f3n en Colombia, sin embargo, para este 2023 aumentan los factores biof\u00edsicos como deslizamientos y chagras de viento.<\/p>\n\n\n\n<p>De esta manera, el Gobierno del Cambio avanza en la protecci\u00f3n y conservaci\u00f3n de los ecosistemas colombianos, consolidando la Paz con la Naturaleza.<\/p>\n\n\n\n<div style=\"height:100px\" aria-hidden=\"true\" class=\"wp-block-spacer\"><\/div>\n\n\n\n<p>Fuente: Ministerio de Ambiente<\/p>\n\n\n\n<p><\/p>\n","protected":false},"excerpt":{"rendered":"<p>La ministra Muhamad se\u00f1al\u00f3 que la deforestaci\u00f3n en la Amazon\u00eda colombiana fue la m\u00e1s baja de los \u00faltimos 23 a\u00f1os, pasando de 71.185 ha deforestadas en 2022 a 44.274 ha en 2023, una reducci\u00f3n del 38%. Es decir, 26.911 ha de la selva amaz\u00f3nica dejaron de ser v\u00edctimas de la deforestaci\u00f3n.<\/p>\n","protected":false},"author":2,"featured_media":163,"comment_status":"open","ping_status":"closed","sticky":false,"template":"","format":"standard","meta":{"footnotes":""},"categories":[16],"tags":[15,18,14,4,3,5],"class_list":["post-161","post","type-post","status-publish","format-standard","has-post-thumbnail","hentry","category-noticias","tag-colombia","tag-deforestacion","tag-minambiente","tag-pmv","tag-pnd","tag-publicaciones-pmv"],"_links":{"self":[{"href":"https:\/\/publicaciones-pmv.co\/index.php\/wp-json\/wp\/v2\/posts\/161","targetHints":{"allow":["GET"]}}],"collection":[{"href":"https:\/\/publicaciones-pmv.co\/index.php\/wp-json\/wp\/v2\/posts"}],"about":[{"href":"https:\/\/publicaciones-pmv.co\/index.php\/wp-json\/wp\/v2\/types\/post"}],"author":[{"embeddable":true,"href":"https:\/\/publicaciones-pmv.co\/index.php\/wp-json\/wp\/v2\/users\/2"}],"replies":[{"embeddable":true,"href":"https:\/\/publicaciones-pmv.co\/index.php\/wp-json\/wp\/v2\/comments?post=161"}],"version-history":[{"count":2,"href":"https:\/\/publicaciones-pmv.co\/index.php\/wp-json\/wp\/v2\/posts\/161\/revisions"}],"predecessor-version":[{"id":165,"href":"https:\/\/publicaciones-pmv.co\/index.php\/wp-json\/wp\/v2\/posts\/161\/revisions\/165"}],"wp:featuredmedia":[{"embeddable":true,"href":"https:\/\/publicaciones-pmv.co\/index.php\/wp-json\/wp\/v2\/media\/163"}],"wp:attachment":[{"href":"https:\/\/publicaciones-pmv.co\/index.php\/wp-json\/wp\/v2\/media?parent=161"}],"wp:term":[{"taxonomy":"category","embeddable":true,"href":"https:\/\/publicaciones-pmv.co\/index.php\/wp-json\/wp\/v2\/categories?post=161"},{"taxonomy":"post_tag","embeddable":true,"href":"https:\/\/publicaciones-pmv.co\/index.php\/wp-json\/wp\/v2\/tags?post=161"}],"curies":[{"name":"wp","href":"https:\/\/api.w.org\/{rel}","templated":true}]}}