{"id":158,"date":"2024-09-12T18:30:00","date_gmt":"2024-09-12T23:30:00","guid":{"rendered":"https:\/\/publicaciones-pmv.co\/?p=158"},"modified":"2025-09-24T18:33:36","modified_gmt":"2025-09-24T23:33:36","slug":"en-florencia-presidente-petro-y-ministra-muhamad-lideran-gira-para-salvar-la-amazonia","status":"publish","type":"post","link":"https:\/\/publicaciones-pmv.co\/index.php\/2024\/09\/12\/en-florencia-presidente-petro-y-ministra-muhamad-lideran-gira-para-salvar-la-amazonia\/","title":{"rendered":"En Florencia, Presidente Petro y Ministra Muhamad lideran gira para salvar la Amazon\u00eda"},"content":{"rendered":"\n<ul class=\"wp-block-list\">\n<li>Dignificar a las comunidades, a trav\u00e9s de derechos territoriales, bioeconom\u00eda y una alianza p\u00fablico popular para la recuperaci\u00f3n ambiental, es el principal objetivo de la Gira Amaz\u00f3nica y del trabajo del Gobierno, explic\u00f3 la ministra Susana Muhamad.<\/li>\n\n\n\n<li>La Gira \u2018Salvemos la Selva, Conservar Paga\u2019 se llevar\u00e1 a cabo hasta el pr\u00f3ximo s\u00e1bado en Caquet\u00e1 y Guaviare para consolidar las acciones del Gobierno del Cambio en la protecci\u00f3n de la Amazon\u00eda.<\/li>\n\n\n\n<li>Los pr\u00f3ximos destinos de este recorrido ser\u00e1n Cartagena del Chair\u00e1 y San Jos\u00e9 del Guaviare.<\/li>\n<\/ul>\n\n\n\n<p>En la primera parada de la \u2018Gira Salvemos la Selva, Conservar Paga\u2019 en la capital caquete\u00f1a cont\u00f3 con la participaci\u00f3n del presidente de la Rep\u00fablica Gustavo Petro, la ministra de Ambiente y Desarrollo Sostenible, Susana Muhamad, otros integrantes del gabinete de Gobierno, comunidades locales, entidades del Sistema Nacional Ambiental y cooperaci\u00f3n internacional.<\/p>\n\n\n\n<p>Durante su intervenci\u00f3n, la ministra Muhamad explic\u00f3 que el Gobierno trabaja en salvar la selva amaz\u00f3nica y dignificar a las comunidades a trav\u00e9s de tres puntos clave: estabilizar los derechos del campesinado, potenciar la bioeconom\u00eda y realizar una alianza p\u00fablico popular en el coraz\u00f3n de la Amazon\u00eda.<\/p>\n\n\n\n<p>\u201cPrimero, estabilizar los derechos territoriales del campesinado, incluyendo en las zonas de reserva de Ley Segunda para un trabajo conjunto de cuidar y conservar los bosques en un modelo de producci\u00f3n bioecon\u00f3mica\u201d, dijo Muhamad.<\/p>\n\n\n\n<p>El segundo aspecto, se\u00f1al\u00f3 la ministra, es la econom\u00eda de la biodiversidad debe demostrar que vale m\u00e1s el bosque en pie, restaurar el territorio y m\u00e1s econ\u00f3micamente salvar el agua que aumentar la frontera agr\u00edcola y la frontera ganadera en el Caquet\u00e1.<\/p>\n\n\n\n<p>Adem\u00e1s, agreg\u00f3, que este objetivo se logra con un pacto fundamental, una alianza p\u00fablico popular que se vuelve en un gran cord\u00f3n social de la nueva voluntad pol\u00edtica en el coraz\u00f3n de la Amazon\u00eda, que conecta el saber ind\u00edgena, la recuperaci\u00f3n ambiental y la producci\u00f3n.<\/p>\n\n\n\n<p>\u00abVamos a trabajar de la mano de los pueblos ind\u00edgenas, las comunidades campesinas y los consejos comunitarios vamos a transformar este territorio en un ejemplo de lo que se necesita en la econom\u00eda del siglo XXI. Una econom\u00eda en donde en vez de que la frontera agr\u00edcola avance hacia el interior de la Amazon\u00eda, logramos ver no solo la contenci\u00f3n de la deforestaci\u00f3n, sino la econom\u00eda que reproduce esta frontera verde hacia los Andes\u00bb, afirm\u00f3 Muhamad.<\/p>\n\n\n\n<p>Por su parte, el presidente Gustavo Petro dijo que \u201chay una posibilidad para el campesinado de esta regi\u00f3n que no es tumbar la selva, sino volverla a crear, que es el programa del Gobierno. Lo que ha propuesto este Gobierno es que salvar la selva solo puede hacerse si la poblaci\u00f3n que est\u00e1 en la selva lo quiere y nos ayuda, que es un cambio de mentalidad\u201d.<\/p>\n\n\n\n<p>As\u00ed mismo, Petro se\u00f1al\u00f3 que el pueblo de la Amazon\u00eda debe dejar de tumbar los \u00e1rboles para abrir praderas para una ganader\u00eda ineficiente para convertirse en sembradores de la vida en Colombia y el mundo. \u201cLa selva no es para sacar petr\u00f3leo\u201d, advirti\u00f3.<\/p>\n\n\n\n<p>La Gira continuar\u00e1 los pr\u00f3ximos dos d\u00edas en Cartagena del Chair\u00e1 (Caquet\u00e1) y San Jos\u00e9 del Guaviare (Guaviare) para seguir construyendo y reafirmando los acuerdos sociales con las comunidades comprometidas con salvar la selva.<\/p>\n\n\n\n<div style=\"height:100px\" aria-hidden=\"true\" class=\"wp-block-spacer\"><\/div>\n\n\n\n<p>Fuente: Ministerio de Medio Ambiente<\/p>\n\n\n\n<p><\/p>\n","protected":false},"excerpt":{"rendered":"<p>Vamos a trabajar de la mano de los pueblos ind\u00edgenas, las comunidades campesinas y los consejos comunitarios vamos a transformar este territorio en un ejemplo de lo que se necesita en la econom\u00eda del siglo XXI.<\/p>\n","protected":false},"author":2,"featured_media":159,"comment_status":"open","ping_status":"closed","sticky":false,"template":"","format":"standard","meta":{"footnotes":""},"categories":[16],"tags":[15,14,4,3,5],"class_list":["post-158","post","type-post","status-publish","format-standard","has-post-thumbnail","hentry","category-noticias","tag-colombia","tag-minambiente","tag-pmv","tag-pnd","tag-publicaciones-pmv"],"_links":{"self":[{"href":"https:\/\/publicaciones-pmv.co\/index.php\/wp-json\/wp\/v2\/posts\/158","targetHints":{"allow":["GET"]}}],"collection":[{"href":"https:\/\/publicaciones-pmv.co\/index.php\/wp-json\/wp\/v2\/posts"}],"about":[{"href":"https:\/\/publicaciones-pmv.co\/index.php\/wp-json\/wp\/v2\/types\/post"}],"author":[{"embeddable":true,"href":"https:\/\/publicaciones-pmv.co\/index.php\/wp-json\/wp\/v2\/users\/2"}],"replies":[{"embeddable":true,"href":"https:\/\/publicaciones-pmv.co\/index.php\/wp-json\/wp\/v2\/comments?post=158"}],"version-history":[{"count":1,"href":"https:\/\/publicaciones-pmv.co\/index.php\/wp-json\/wp\/v2\/posts\/158\/revisions"}],"predecessor-version":[{"id":160,"href":"https:\/\/publicaciones-pmv.co\/index.php\/wp-json\/wp\/v2\/posts\/158\/revisions\/160"}],"wp:featuredmedia":[{"embeddable":true,"href":"https:\/\/publicaciones-pmv.co\/index.php\/wp-json\/wp\/v2\/media\/159"}],"wp:attachment":[{"href":"https:\/\/publicaciones-pmv.co\/index.php\/wp-json\/wp\/v2\/media?parent=158"}],"wp:term":[{"taxonomy":"category","embeddable":true,"href":"https:\/\/publicaciones-pmv.co\/index.php\/wp-json\/wp\/v2\/categories?post=158"},{"taxonomy":"post_tag","embeddable":true,"href":"https:\/\/publicaciones-pmv.co\/index.php\/wp-json\/wp\/v2\/tags?post=158"}],"curies":[{"name":"wp","href":"https:\/\/api.w.org\/{rel}","templated":true}]}}