{"id":155,"date":"2025-05-21T18:25:00","date_gmt":"2025-05-21T23:25:00","guid":{"rendered":"https:\/\/publicaciones-pmv.co\/?p=155"},"modified":"2025-09-24T18:28:04","modified_gmt":"2025-09-24T23:28:04","slug":"ministra-lena-estrada-impulsa-enfoque-territorial-para-enfrentar-la-crisis-climatica","status":"publish","type":"post","link":"https:\/\/publicaciones-pmv.co\/index.php\/2025\/05\/21\/ministra-lena-estrada-impulsa-enfoque-territorial-para-enfrentar-la-crisis-climatica\/","title":{"rendered":"Ministra Lena Estrada impulsa enfoque territorial para enfrentar la crisis clim\u00e1tica"},"content":{"rendered":"\n<ul class=\"wp-block-list\">\n<li>En la Semana del Clima 2025, Colombia present\u00f3 su visi\u00f3n hacia la COP30, centrada en territorializar las metas clim\u00e1ticas nacionales (NDC), implementar el Acuerdo de Escaz\u00fa y avanzar hacia una econom\u00eda libre de combustibles f\u00f3siles con participaci\u00f3n efectiva de comunidades locales.<\/li>\n\n\n\n<li>La ministra subray\u00f3 la necesidad de descentralizar el financiamiento clim\u00e1tico, reconociendo el papel clave de los pueblos ind\u00edgenas y las comunidades organizadas en la protecci\u00f3n de los ecosistemas y la gesti\u00f3n de soluciones basadas en la naturaleza.<\/li>\n\n\n\n<li>La Semana del Clima 2025 se realiza a menos de seis meses de la COP30, que tendr\u00e1 lugar en Bel\u00e9m do Par\u00e1 (Brasil), en el coraz\u00f3n de la Amazon\u00eda, una regi\u00f3n clave para la acci\u00f3n clim\u00e1tica global.<\/li>\n<\/ul>\n\n\n\n<p>Durante su participaci\u00f3n en la Semana del Clima de Am\u00e9rica Latina y el Caribe 2025, que se celebra en Panam\u00e1, la ministra de Ambiente y Desarrollo Sostenible de Colombia, Lena Estrada A\u00f1okazi, hizo un llamado contundente a fortalecer una acci\u00f3n clim\u00e1tica m\u00e1s justa, territorializada y centrada en las personas y la naturaleza.<\/p>\n\n\n\n<p>La ministra tuvo a su cargo las palabras de apertura del Foro de Implementaci\u00f3n, uno de los espacios centrales del evento, en el que subray\u00f3 que la acci\u00f3n clim\u00e1tica no puede construirse<em>&nbsp;\u201cen silencio ni entre pocos\u201d.&nbsp;<\/em>En su discurso, destac\u00f3 la necesidad de una agenda clim\u00e1tica abierta e incluyente, que reconozca las voces de comunidades ind\u00edgenas, juventudes, mujeres, academia, sector privado y territorios hist\u00f3ricamente excluidos.<\/p>\n\n\n\n<p><em>\u201cLa acci\u00f3n clim\u00e1tica debe ser emp\u00e1tica, no solo con las personas, sino tambi\u00e9n con la naturaleza. Hoy m\u00e1s que nunca, necesitamos una nueva \u00e9tica del desarrollo que no se haga a costa de los m\u00e1s vulnerables\u201d,<\/em>&nbsp;afirm\u00f3 la jefa de la cartera ambiental.<\/p>\n\n\n\n<p>Estrada reiter\u00f3 el compromiso de Colombia con una transici\u00f3n hacia una econom\u00eda libre de combustibles f\u00f3siles, anclada en una visi\u00f3n de justicia clim\u00e1tica, paz y derechos humanos. Insisti\u00f3 en que la implementaci\u00f3n de pol\u00edticas clim\u00e1ticas debe surgir de la cocreaci\u00f3n con los territorios y sus comunidades, quienes mejor conocen sus riesgos, realidades y oportunidades.<\/p>\n\n\n\n<p><em>\u201cCuando las comunidades participan en el dise\u00f1o y ejecuci\u00f3n de las medidas, las apropian, las defienden y las integran en su vida cotidiana\u201d,<\/em>&nbsp;se\u00f1al\u00f3.<\/p>\n\n\n\n<p><strong>NDC y justicia territorial: visi\u00f3n de cara a la COP30<\/strong><\/p>\n\n\n\n<p>En el panel de alto nivel&nbsp;<em>Crear oportunidades: aumentar la ambici\u00f3n de las NDC para un futuro sostenible y justo<\/em>, la ministra comparti\u00f3 la visi\u00f3n de Colombia para la pr\u00f3xima COP30. All\u00ed enfatiz\u00f3 que las nuevas metas clim\u00e1ticas, conocidas como Contribuciones Nacionalmente Determinadas (NDC), deben construirse desde los territorios y con participaci\u00f3n incidente de las comunidades.<\/p>\n\n\n\n<p><em>\u201cVamos a anclar las NDC en los territorios, llevando la discusi\u00f3n internacional a las regiones, para que las voces locales suban al debate global\u201d,<\/em>&nbsp;dijo Estrada.<\/p>\n\n\n\n<p>Tambi\u00e9n destac\u00f3 el papel de las NDC como herramienta para cerrar brechas sociales y avanzar hacia la paz en Colombia, en un contexto marcado por conflictos territoriales y ambientales. En este marco, reafirm\u00f3 la importancia del Acuerdo de Escaz\u00fa como mecanismo para proteger a las personas defensoras del ambiente y fortalecer la seguridad de las comunidades.<\/p>\n\n\n\n<p><em>\u201cGran parte del conflicto armado es por los recursos naturales. Por eso, las NDC son tambi\u00e9n una oportunidad para superar esas violencias\u201d,<\/em>&nbsp;expres\u00f3.<\/p>\n\n\n\n<p><strong>Descentralizaci\u00f3n, acceso y soberan\u00eda territorial<\/strong><\/p>\n\n\n\n<p>En relaci\u00f3n con los retos para traducir la ambici\u00f3n clim\u00e1tica en acciones concretas, la ministra enfatiz\u00f3 la necesidad de descentralizar los procesos y los mecanismos de financiamiento. Asegur\u00f3 que Colombia avanza en una propuesta de regularizaci\u00f3n del carbono que otorgue soberan\u00eda y autonom\u00eda a las comunidades organizadas, permiti\u00e9ndoles decidir c\u00f3mo gestionar los beneficios generados por los ecosistemas que protegen.<\/p>\n\n\n\n<p><em>\u201cNo es el Estado central el que cuida el bosque. Son las personas en los territorios. Ellas deben tener la capacidad de decidir\u201d,<\/em>&nbsp;asegur\u00f3.<\/p>\n\n\n\n<p>Finalmente, la ministra colombiana hizo un llamado a que la Semana del Clima sea recordada no solo por los discursos, sino por los compromisos concretos asumidos por los pa\u00edses, organizaciones y actores presentes, para responder a la ciencia, incluir a los pueblos ind\u00edgenas y consolidar un nuevo pacto entre humanidad y naturaleza.<\/p>\n","protected":false},"excerpt":{"rendered":"<p>En relaci\u00f3n con los retos para traducir la ambici\u00f3n clim\u00e1tica en acciones concretas, la ministra enfatiz\u00f3 la necesidad de descentralizar los procesos y los mecanismos de financiamiento.<\/p>\n","protected":false},"author":2,"featured_media":156,"comment_status":"open","ping_status":"closed","sticky":false,"template":"","format":"standard","meta":{"footnotes":""},"categories":[16],"tags":[15,14,13,4,3,5],"class_list":["post-155","post","type-post","status-publish","format-standard","has-post-thumbnail","hentry","category-noticias","tag-colombia","tag-minambiente","tag-ministerio-de-medioambiente","tag-pmv","tag-pnd","tag-publicaciones-pmv"],"_links":{"self":[{"href":"https:\/\/publicaciones-pmv.co\/index.php\/wp-json\/wp\/v2\/posts\/155","targetHints":{"allow":["GET"]}}],"collection":[{"href":"https:\/\/publicaciones-pmv.co\/index.php\/wp-json\/wp\/v2\/posts"}],"about":[{"href":"https:\/\/publicaciones-pmv.co\/index.php\/wp-json\/wp\/v2\/types\/post"}],"author":[{"embeddable":true,"href":"https:\/\/publicaciones-pmv.co\/index.php\/wp-json\/wp\/v2\/users\/2"}],"replies":[{"embeddable":true,"href":"https:\/\/publicaciones-pmv.co\/index.php\/wp-json\/wp\/v2\/comments?post=155"}],"version-history":[{"count":1,"href":"https:\/\/publicaciones-pmv.co\/index.php\/wp-json\/wp\/v2\/posts\/155\/revisions"}],"predecessor-version":[{"id":157,"href":"https:\/\/publicaciones-pmv.co\/index.php\/wp-json\/wp\/v2\/posts\/155\/revisions\/157"}],"wp:featuredmedia":[{"embeddable":true,"href":"https:\/\/publicaciones-pmv.co\/index.php\/wp-json\/wp\/v2\/media\/156"}],"wp:attachment":[{"href":"https:\/\/publicaciones-pmv.co\/index.php\/wp-json\/wp\/v2\/media?parent=155"}],"wp:term":[{"taxonomy":"category","embeddable":true,"href":"https:\/\/publicaciones-pmv.co\/index.php\/wp-json\/wp\/v2\/categories?post=155"},{"taxonomy":"post_tag","embeddable":true,"href":"https:\/\/publicaciones-pmv.co\/index.php\/wp-json\/wp\/v2\/tags?post=155"}],"curies":[{"name":"wp","href":"https:\/\/api.w.org\/{rel}","templated":true}]}}