{"id":150,"date":"2025-04-15T18:17:00","date_gmt":"2025-04-15T23:17:00","guid":{"rendered":"https:\/\/publicaciones-pmv.co\/?p=150"},"modified":"2025-09-24T18:21:25","modified_gmt":"2025-09-24T23:21:25","slug":"comunicado","status":"publish","type":"post","link":"https:\/\/publicaciones-pmv.co\/index.php\/2025\/04\/15\/comunicado\/","title":{"rendered":"Comunicado"},"content":{"rendered":"\n<p>Desde el Ministerio de Ambiente y Desarrollo Sostenible, expresamos nuestra profunda preocupaci\u00f3n por la situaci\u00f3n que vive la comunidad campesina de Jeric\u00f3 y los movimientos ambientales del Suroeste Antioque\u00f1o, quienes actualmente ejercen su derecho constitucional a la protesta pac\u00edfica.<\/p>\n\n\n\n<p>Reconocemos la preocupaci\u00f3n de la comunidad frente a una posible actividad de exploraci\u00f3n minera por parte de la empresa Quebradona en el corregimiento de Palocabildo, Jeric\u00f3. As\u00ed mismo, estamos trabajando de manera articulada junto con el Ministerio de Minas y Energ\u00eda, el Ministerio de Agricultura, el Ministerio del Interior y la Agencia Nacional de Miner\u00eda, con el prop\u00f3sito de coordinar una visita institucional a Jeric\u00f3 para escuchar a la comunidad y atender directamente sus exigencias y propuestas.<\/p>\n\n\n\n<p>Rechazamos categ\u00f3ricamente las estigmatizaciones y se\u00f1alamientos en contra de l\u00edderes y lideresas ambientales. Estas pr\u00e1cticas ponen en riesgo su vida e integridad. No podemos permitir ning\u00fan tipo de criminalizaci\u00f3n hacia quienes defienden el agua, el ambiente y las formas de vida campesina.<\/p>\n\n\n\n<p>Reiteramos nuestro compromiso con la creaci\u00f3n de la Zona de Reserva Natural Temporal del Suroeste Antioque\u00f1o como una apuesta de justicia ambiental para la regi\u00f3n. As\u00ed mismo, fortaleceremos nuestra presencia institucional con el fin de apoyar procesos locales que impulsen la consolidaci\u00f3n del Distrito Agroecol\u00f3gico del Suroeste Antioque\u00f1o.<\/p>\n\n\n\n<p>Finalmente, invitamos a la comunidad a armonizar desde el di\u00e1logo y el respeto. En el Gobierno del Cambio hablamos desde la palaba dulce para encontrar soluciones eficaces, sustentables, que protejan el ambiente, la vida de nuestra gente y de las futuras generaciones.<\/p>\n\n\n\n<div style=\"height:100px\" aria-hidden=\"true\" class=\"wp-block-spacer\"><\/div>\n\n\n\n<p>Fuente: Ministerio de Medio Ambiente de Colombia<\/p>\n\n\n\n<p><\/p>\n","protected":false},"excerpt":{"rendered":"<p>El Gobierno del Cambio reitera su compromiso con la protecci\u00f3n del territorio y los derechos de las comunidades en el Suroeste Antioque\u00f1o<\/p>\n","protected":false},"author":2,"featured_media":151,"comment_status":"open","ping_status":"closed","sticky":false,"template":"","format":"standard","meta":{"footnotes":""},"categories":[16],"tags":[15,17,14,4,3,5],"class_list":["post-150","post","type-post","status-publish","format-standard","has-post-thumbnail","hentry","category-noticias","tag-colombia","tag-comunicado-oficial","tag-minambiente","tag-pmv","tag-pnd","tag-publicaciones-pmv"],"_links":{"self":[{"href":"https:\/\/publicaciones-pmv.co\/index.php\/wp-json\/wp\/v2\/posts\/150","targetHints":{"allow":["GET"]}}],"collection":[{"href":"https:\/\/publicaciones-pmv.co\/index.php\/wp-json\/wp\/v2\/posts"}],"about":[{"href":"https:\/\/publicaciones-pmv.co\/index.php\/wp-json\/wp\/v2\/types\/post"}],"author":[{"embeddable":true,"href":"https:\/\/publicaciones-pmv.co\/index.php\/wp-json\/wp\/v2\/users\/2"}],"replies":[{"embeddable":true,"href":"https:\/\/publicaciones-pmv.co\/index.php\/wp-json\/wp\/v2\/comments?post=150"}],"version-history":[{"count":3,"href":"https:\/\/publicaciones-pmv.co\/index.php\/wp-json\/wp\/v2\/posts\/150\/revisions"}],"predecessor-version":[{"id":154,"href":"https:\/\/publicaciones-pmv.co\/index.php\/wp-json\/wp\/v2\/posts\/150\/revisions\/154"}],"wp:featuredmedia":[{"embeddable":true,"href":"https:\/\/publicaciones-pmv.co\/index.php\/wp-json\/wp\/v2\/media\/151"}],"wp:attachment":[{"href":"https:\/\/publicaciones-pmv.co\/index.php\/wp-json\/wp\/v2\/media?parent=150"}],"wp:term":[{"taxonomy":"category","embeddable":true,"href":"https:\/\/publicaciones-pmv.co\/index.php\/wp-json\/wp\/v2\/categories?post=150"},{"taxonomy":"post_tag","embeddable":true,"href":"https:\/\/publicaciones-pmv.co\/index.php\/wp-json\/wp\/v2\/tags?post=150"}],"curies":[{"name":"wp","href":"https:\/\/api.w.org\/{rel}","templated":true}]}}