{"id":147,"date":"2025-01-08T17:33:00","date_gmt":"2025-01-08T22:33:00","guid":{"rendered":"https:\/\/publicaciones-pmv.co\/?p=147"},"modified":"2025-09-24T18:00:49","modified_gmt":"2025-09-24T23:00:49","slug":"colombia-fortalece-alianzas-estrategicas-internacionales-para-la-transicion-energetica","status":"publish","type":"post","link":"https:\/\/publicaciones-pmv.co\/index.php\/2025\/01\/08\/colombia-fortalece-alianzas-estrategicas-internacionales-para-la-transicion-energetica\/","title":{"rendered":"Colombia fortalece alianzas estrat\u00e9gicas internacionales para la transici\u00f3n energ\u00e9tica"},"content":{"rendered":"\n<ul class=\"wp-block-list\">\n<li>El portafolio, estructurado en 40.000 millones de d\u00f3lares, contempla inversiones en tres sectores: transporte, energ\u00eda y ambiente.<\/li>\n\n\n\n<li>En Washington se realiz\u00f3 un encuentro ente la C\u00e1mara de Comercio de los Estados Unidos, empresas multinacionales de varios sectores y representantes de alto nivel del Gobierno colombiano.<\/li>\n\n\n\n<li>Durante su gira por Washington la ministra Susana Muhamad trabaja para fortalecer alianzas estrat\u00e9gicas y cerrar acuerdos de financiamiento del portafolio que permitir\u00e1 al pa\u00eds realizar la transici\u00f3n energ\u00e9tica a energ\u00edas limpias y renovables que sustituyan progresivamente a los combustibles f\u00f3siles.<\/li>\n<\/ul>\n\n\n\n<p>En su visita a Washington la ministra de Ambiente y Desarrollo Sostenible, Susana Muhamad, anunci\u00f3 un plan de trabajo con aliados estrat\u00e9gicos para implementar el ambicioso portafolio de 40.000 millones de d\u00f3lares destinado a la transici\u00f3n clim\u00e1tica de Colombia. Este portafolio incluye proyectos en los sectores de transporte, energ\u00eda y medio ambiente, y ha captado el inter\u00e9s de empresas como Pepsi-Cola en agricultura regenerativa y empresas de combustibles f\u00f3siles como la Drummond.<\/p>\n\n\n\n<p>\u201cHay un portafolio estructurado de 40.000 millones de d\u00f3lares, se enviaron las fichas del proyecto de tres sectores: transporte, energ\u00eda y el tema ambiental. Hab\u00eda empresas como Pepsi-Cola interesados en agricultura regenerativa; empresas de log\u00edstica interesadas en los temas de combustibles sostenibles y empresas americanas que hoy son parte de la vieja econom\u00eda del carb\u00f3n, como la Drummond, pero que est\u00e1n comprometidos en trabajar con la transici\u00f3n del corredor del Cesar\u201d, indic\u00f3 Muhamad.<\/p>\n\n\n\n<p>La ministra tambi\u00e9n destac\u00f3 la importancia de la econom\u00eda circular como uno de los pilares de esta transici\u00f3n y mencion\u00f3 que la C\u00e1mara de Comercio de Estados Unidos en Colombia ha propuesto un foro de sostenibilidad para trabajar en conjunto durante los pr\u00f3ximos seis meses. El objetivo es alinear los intereses de las empresas con el portafolio y cerrar acuerdos de financiamiento que aseguren la continuidad de estos programas.<\/p>\n\n\n\n<p>\u201cHay una propuesta de la C\u00e1mara de Comercio de realizar un foro de sostenibilidad con todas las empresas americanas en Colombia e ir trabajando durante estos seis meses para empezar a hacer ese match entre el portafolio, los intereses de las empresas, y empezar a cerrar acuerdos de financiamiento, que es al final lo que nos llevar\u00eda a una irreversibilidad frente a un gobierno que tambi\u00e9n est\u00e1 terminando como el colombiano, de que estos programas puedan avanzar\u201d, afirm\u00f3 Muhamad.<\/p>\n\n\n\n<p>De otra parte, el embajador de Colombia en Estados Unidos, Daniel Garc\u00eda-Pe\u00f1a subray\u00f3 la disposici\u00f3n del Gobierno colombiano para dialogar y responder a las inquietudes de las empresas, mientras que la directora del Departamento Administrativo de la Presidencia de Colombia, Laura Sarabia, anunci\u00f3 que el portafolio de transici\u00f3n energ\u00e9tica se convertir\u00e1 en un proyecto de inter\u00e9s estrat\u00e9gico nacional, trascendiendo la pol\u00edtica de un solo gobierno y convirti\u00e9ndose en una pol\u00edtica de Estado.<\/p>\n\n\n\n<p>As\u00ed mismo, el ministro de Minas y Energ\u00eda, Andr\u00e9s Camacho, a\u00f1adi\u00f3 que la agenda de 2025 incluir\u00e1 la b\u00fasqueda de inversiones y el fortalecimiento de relaciones con otros gobiernos en temas de acci\u00f3n clim\u00e1tica y transiciones econ\u00f3mica y energ\u00e9tica.<\/p>\n\n\n\n<p>La ministra Muhamad concluy\u00f3 resaltando que este portafolio ser\u00e1 clave para la actualizaci\u00f3n del compromiso de Colombia ante la Convenci\u00f3n Clim\u00e1tica en 2025 y para la COP30 en Brasil, donde se espera que se reflejen inversiones concretas y compromisos internacionales.<\/p>\n\n\n\n<p>\u201cEste portafolio materializa el compromiso que Colombia tiene que actualizar ante la Convenci\u00f3n Clim\u00e1tica en el 2025 y que ser\u00e1 clave para que cuando lleguemos a la COP30 en Brasil, sea el portafolio el que hable de los procesos de transici\u00f3n y no simplemente promesas y objetivos que hacen todos los pa\u00edses en las COP. Aqu\u00ed de lo que estamos hablando es de una inversi\u00f3n concreta, de programas concretos de transici\u00f3n\u201d, asegur\u00f3 Muhamad.<\/p>\n\n\n\n<p>Este portafolio re\u00fane propuestas interministeriales alineadas con la posici\u00f3n de Colombia, liderada por la ministra Muhamad en espacios internacionales, sobre la necesidad de recuperar los ecosistemas naturales mientas se avanza en la descarbonizaci\u00f3n de la econom\u00eda, mediante la eliminaci\u00f3n progresiva de petr\u00f3leo, gas y carb\u00f3n. De igual manera, promueve la reindustrializaci\u00f3n con una apuesta por cadenas productivas sostenibles y la democratizaci\u00f3n del acceso a la energ\u00eda.<\/p>\n\n\n\n<p>El objetivo es reducir en un 51% las emisiones de gases de efecto invernadero para 2030 y a su vez establecer mecanismos de financiaci\u00f3n para la conservaci\u00f3n y restauraci\u00f3n de los ecosistemas estrat\u00e9gicos del pa\u00eds, tales como la Amazon\u00eda y los p\u00e1ramos.<\/p>\n\n\n\n<p><\/p>\n","protected":false},"excerpt":{"rendered":"<p>En su visita a Washington la ministra de Ambiente y<\/p>\n","protected":false},"author":2,"featured_media":148,"comment_status":"open","ping_status":"closed","sticky":false,"template":"","format":"standard","meta":{"footnotes":""},"categories":[1],"tags":[15,14,4,3,5],"class_list":["post-147","post","type-post","status-publish","format-standard","has-post-thumbnail","hentry","category-uncategorized","tag-colombia","tag-minambiente","tag-pmv","tag-pnd","tag-publicaciones-pmv"],"_links":{"self":[{"href":"https:\/\/publicaciones-pmv.co\/index.php\/wp-json\/wp\/v2\/posts\/147","targetHints":{"allow":["GET"]}}],"collection":[{"href":"https:\/\/publicaciones-pmv.co\/index.php\/wp-json\/wp\/v2\/posts"}],"about":[{"href":"https:\/\/publicaciones-pmv.co\/index.php\/wp-json\/wp\/v2\/types\/post"}],"author":[{"embeddable":true,"href":"https:\/\/publicaciones-pmv.co\/index.php\/wp-json\/wp\/v2\/users\/2"}],"replies":[{"embeddable":true,"href":"https:\/\/publicaciones-pmv.co\/index.php\/wp-json\/wp\/v2\/comments?post=147"}],"version-history":[{"count":1,"href":"https:\/\/publicaciones-pmv.co\/index.php\/wp-json\/wp\/v2\/posts\/147\/revisions"}],"predecessor-version":[{"id":149,"href":"https:\/\/publicaciones-pmv.co\/index.php\/wp-json\/wp\/v2\/posts\/147\/revisions\/149"}],"wp:featuredmedia":[{"embeddable":true,"href":"https:\/\/publicaciones-pmv.co\/index.php\/wp-json\/wp\/v2\/media\/148"}],"wp:attachment":[{"href":"https:\/\/publicaciones-pmv.co\/index.php\/wp-json\/wp\/v2\/media?parent=147"}],"wp:term":[{"taxonomy":"category","embeddable":true,"href":"https:\/\/publicaciones-pmv.co\/index.php\/wp-json\/wp\/v2\/categories?post=147"},{"taxonomy":"post_tag","embeddable":true,"href":"https:\/\/publicaciones-pmv.co\/index.php\/wp-json\/wp\/v2\/tags?post=147"}],"curies":[{"name":"wp","href":"https:\/\/api.w.org\/{rel}","templated":true}]}}