{"id":144,"date":"2024-12-18T17:27:00","date_gmt":"2024-12-18T22:27:00","guid":{"rendered":"https:\/\/publicaciones-pmv.co\/?p=144"},"modified":"2025-09-24T17:33:03","modified_gmt":"2025-09-24T22:33:03","slug":"petro-y-muhamad-destacan-la-urgencia-de-proteger-ecosistemas-y-financiar-la-accion-climatica","status":"publish","type":"post","link":"https:\/\/publicaciones-pmv.co\/index.php\/2024\/12\/18\/petro-y-muhamad-destacan-la-urgencia-de-proteger-ecosistemas-y-financiar-la-accion-climatica\/","title":{"rendered":"Petro y Muhamad destacan la urgencia de proteger ecosistemas y financiar la acci\u00f3n clim\u00e1tica"},"content":{"rendered":"\n<ul class=\"wp-block-list\">\n<li>Desde el Parque Nacional Natural Chingaza, el presidente Gustavo Petro destac\u00f3 la necesidad de fortalecer el presupuesto de Parques Nacionales y proteger a quienes cuidan los ecosistemas.<\/li>\n\n\n\n<li>La ministra de Ambiente, Susana Muhamad, resalt\u00f3 los logros de Colombia en las COP de biodiversidad y cambio clim\u00e1tico y pidi\u00f3 financiaci\u00f3n clim\u00e1tica para hacer frente a la crisis clim\u00e1tica.<\/li>\n<\/ul>\n\n\n\n<p>Durante la alocuci\u00f3n presidencial liderada por el presidente Gustavo Petro en el Parque Nacional Natural Chingaza, la ministra de Ambiente y Desarrollo Sostenible, Susana Muhamad, destac\u00f3 los avances y retos de Colombia en la agenda ambiental global. La ministra enfatiz\u00f3 en la coherencia de la pol\u00edtica interna y externa del pa\u00eds en defensa de la vida, resaltando el impacto de la reciente COP16 sobre biodiversidad, realizada en Cali, y su conexi\u00f3n con la COP29 de cambio clim\u00e1tico.<\/p>\n\n\n\n<p>\u201cColombia realiz\u00f3 una de las COP m\u00e1s poderosas en estos 30 a\u00f1os, la COP de la Gente, gracias a la incidencia p\u00fablica y pol\u00edtica de la poblaci\u00f3n\u201d, afirm\u00f3 Muhamad, quien tambi\u00e9n subray\u00f3 la importancia de conectar los foros internacionales con las realidades de los colombianos.<\/p>\n\n\n\n<p>La ministra alert\u00f3 sobre las proyecciones actuales que indican un aumento global del 15% en emisiones de gases de efecto invernadero para 2030, contrario al objetivo de reducirlas en un 42%. Este escenario podr\u00eda llevar a un incremento de la temperatura global entre 2.6 y 3.1 grados, con consecuencias impredecibles para la humanidad.<\/p>\n\n\n\n<p>\u201cHoy vivimos los efectos de un aumento de 1.1 grados, como sequ\u00edas, lluvias extremas y huracanes m\u00e1s intensos. Imaginen lo que significar\u00eda superar los 2 grados\u201d, explic\u00f3 Muhamad.<\/p>\n\n\n\n<p>Sin embargo, tambi\u00e9n destac\u00f3 que a\u00fan hay esperanza si se toman medidas decisivas en los pr\u00f3ximos cinco a\u00f1os. Entre las acciones clave mencion\u00f3 la transici\u00f3n hacia energ\u00edas renovables, la restauraci\u00f3n de ecosistemas y el incremento de la financiaci\u00f3n clim\u00e1tica. En este contexto, la COP16 sent\u00f3 un precedente al integrar biodiversidad y cambio clim\u00e1tico como pilares de acci\u00f3n conjunta.<\/p>\n\n\n\n<p><strong>Logros y compromisos de Colombia<\/strong><\/p>\n\n\n\n<p>Muhamad recalc\u00f3 el movimiento \u2018Paz con la Naturaleza\u2019, lanzado en la COP16, como un legado clave que posiciona a Colombia como l\u00edder en la restauraci\u00f3n de ecosistemas. El pa\u00eds se ha comprometido a recuperar cinco millones de hect\u00e1reas degradadas para 2030, promoviendo la integraci\u00f3n de la selva amaz\u00f3nica con los Andes y la protecci\u00f3n de p\u00e1ramos y manglares.<\/p>\n\n\n\n<p>En la COP financiera de Azerbaiy\u00e1n, Colombia logr\u00f3 incluir en el texto final una propuesta para abordar estructuralmente el financiamiento clim\u00e1tico, con miras a la Cumbre del Clima en la Amazon\u00eda, programada para 2025 en Bel\u00e9m do Par\u00e1. \u201cNo somos un pa\u00eds que espera decisiones, buscamos influir en ellas\u201d, afirm\u00f3 la ministra.<\/p>\n\n\n\n<p>En el \u00e1mbito nacional, la ministra mencion\u00f3 la meta de incrementar la inversi\u00f3n en bioeconom\u00eda del 0,8% al 3% del&nbsp;PIB&nbsp;para 2030, generando medio mill\u00f3n de empleos y fomentando una econom\u00eda basada en la biodiversidad. Este esfuerzo, dijo, ser\u00e1 fundamental para consolidar a Colombia como \u201cpotencia de la vida\u201d.<\/p>\n\n\n\n<p>A pesar de los retos presupuestales, Muhamad reafirm\u00f3 el compromiso del Gobierno con la agenda ambiental. \u201cNos toca a todos seguir moviliz\u00e1ndonos. Este Gobierno ha iniciado el camino con decisi\u00f3n, y juntos podemos construir un futuro sostenible para las generaciones venideras\u201d, concluy\u00f3.<\/p>\n\n\n\n<p>Por su parte, el presidente Gustavo Petro resalt\u00f3 la urgencia de garantizar la protecci\u00f3n de los Parques Nacionales Naturales y de quienes los cuidan. Subray\u00f3 que, a pesar de las limitaciones presupuestarias y las decisiones adversas de algunos sectores del Congreso, Colombia debe priorizar la vida por encima de la riqueza, aumentando los recursos destinados a la conservaci\u00f3n.<\/p>\n\n\n\n<p>\u00abAs\u00ed nos toque quitarles el pago a los ricos de las 4G porque no tenemos m\u00e1s plata, primero es la vida\u00bb, afirm\u00f3 el mandatario. Este compromiso se alinea con la visi\u00f3n de fortalecer la financiaci\u00f3n estructural para enfrentar los desaf\u00edos clim\u00e1ticos y de biodiversidad, impulsando iniciativas como el Fondo Cali y un llamado global para multiplicar los recursos destinados a preservar la naturaleza.<\/p>\n\n\n\n<p><\/p>\n","protected":false},"excerpt":{"rendered":"<p>El presidente Gustavo Petro resalt\u00f3 la urgencia de garantizar la protecci\u00f3n de los Parques Nacionales Naturales y de quienes los cuidan.<\/p>\n","protected":false},"author":2,"featured_media":145,"comment_status":"open","ping_status":"closed","sticky":false,"template":"","format":"standard","meta":{"footnotes":""},"categories":[1],"tags":[15,14,4,3,5],"class_list":["post-144","post","type-post","status-publish","format-standard","has-post-thumbnail","hentry","category-uncategorized","tag-colombia","tag-minambiente","tag-pmv","tag-pnd","tag-publicaciones-pmv"],"_links":{"self":[{"href":"https:\/\/publicaciones-pmv.co\/index.php\/wp-json\/wp\/v2\/posts\/144","targetHints":{"allow":["GET"]}}],"collection":[{"href":"https:\/\/publicaciones-pmv.co\/index.php\/wp-json\/wp\/v2\/posts"}],"about":[{"href":"https:\/\/publicaciones-pmv.co\/index.php\/wp-json\/wp\/v2\/types\/post"}],"author":[{"embeddable":true,"href":"https:\/\/publicaciones-pmv.co\/index.php\/wp-json\/wp\/v2\/users\/2"}],"replies":[{"embeddable":true,"href":"https:\/\/publicaciones-pmv.co\/index.php\/wp-json\/wp\/v2\/comments?post=144"}],"version-history":[{"count":1,"href":"https:\/\/publicaciones-pmv.co\/index.php\/wp-json\/wp\/v2\/posts\/144\/revisions"}],"predecessor-version":[{"id":146,"href":"https:\/\/publicaciones-pmv.co\/index.php\/wp-json\/wp\/v2\/posts\/144\/revisions\/146"}],"wp:featuredmedia":[{"embeddable":true,"href":"https:\/\/publicaciones-pmv.co\/index.php\/wp-json\/wp\/v2\/media\/145"}],"wp:attachment":[{"href":"https:\/\/publicaciones-pmv.co\/index.php\/wp-json\/wp\/v2\/media?parent=144"}],"wp:term":[{"taxonomy":"category","embeddable":true,"href":"https:\/\/publicaciones-pmv.co\/index.php\/wp-json\/wp\/v2\/categories?post=144"},{"taxonomy":"post_tag","embeddable":true,"href":"https:\/\/publicaciones-pmv.co\/index.php\/wp-json\/wp\/v2\/tags?post=144"}],"curies":[{"name":"wp","href":"https:\/\/api.w.org\/{rel}","templated":true}]}}