{"id":140,"date":"2024-11-28T17:24:00","date_gmt":"2024-11-28T22:24:00","guid":{"rendered":"https:\/\/publicaciones-pmv.co\/?p=140"},"modified":"2025-09-24T17:27:43","modified_gmt":"2025-09-24T22:27:43","slug":"colombia-hace-llamado-para-lograr-un-acuerdo-ambicioso-contra-la-contaminacion-de-plastico","status":"publish","type":"post","link":"https:\/\/publicaciones-pmv.co\/index.php\/2024\/11\/28\/colombia-hace-llamado-para-lograr-un-acuerdo-ambicioso-contra-la-contaminacion-de-plastico\/","title":{"rendered":"Colombia hace llamado para lograr un acuerdo ambicioso contra la contaminaci\u00f3n de pl\u00e1stico"},"content":{"rendered":"\n<ul class=\"wp-block-list\">\n<li>La delegaci\u00f3n, liderada por el viceministro de Pol\u00edticas y Normalizaci\u00f3n Ambiental Mauricio Cabrera, expres\u00f3 su preocupaci\u00f3n por el limitado progreso en la quinta sesi\u00f3n del Comit\u00e9 Intergubernamental de Negociaci\u00f3n (INC) y pidi\u00f3 avanzar con mayor decisi\u00f3n para abordar la contaminaci\u00f3n por pl\u00e1sticos.<\/li>\n\n\n\n<li>Colombia destac\u00f3 que un peque\u00f1o grupo de delegaciones est\u00e1 prolongando innecesariamente las negociaciones, desvi\u00e1ndolas de un rumbo constructivo y poniendo en riesgo la ambici\u00f3n necesaria para enfrentar esta crisis global.<\/li>\n\n\n\n<li>El pa\u00eds reiter\u00f3 la necesidad de alcanzar soluciones que aborden eficazmente los impactos de la contaminaci\u00f3n por pl\u00e1sticos en el ambiente y la salud, resaltando que es una obligaci\u00f3n hist\u00f3rica con las futuras generaciones.<\/li>\n<\/ul>\n\n\n\n<p><strong>Busan (Corea del Sur), 28 de noviembre de 2024 (@Minambienteco) \u2013&nbsp;<\/strong>En el marco de la quinta y \u00faltima sesi\u00f3n del Comit\u00e9 Intergubernamental de Negociaci\u00f3n (INC), que se lleva a cabo en Busan, Corea del Sur, Colombia manifest\u00f3 su preocupaci\u00f3n ante el limitado progreso alcanzado hasta el momento en las negociaciones, lo que genera una alerta por la falta de decisiones para abordar esta problem\u00e1tica.<\/p>\n\n\n\n<p>El pa\u00eds hizo un llamado en\u00e9rgico a todas las delegaciones para no desperdiciar esta oportunidad cr\u00edtica y avanzar con decisi\u00f3n hacia soluciones que reflejen la responsabilidad colectiva de enfrentar esta crisis global sin m\u00e1s dilaciones.<\/p>\n\n\n\n<p>\u00abEstamos en nuestro tercer d\u00eda de reuniones y los avances han sido m\u00ednimos. M\u00e1s preocupante a\u00fan, en algunas \u00e1reas hemos retrocedido a discusiones similares a las de reuniones previas del INC\u00bb, afirm\u00f3 el viceministro de Pol\u00edticas y Normalizaci\u00f3n Ambiental, Mauricio Cabrera.<\/p>\n\n\n\n<p>Para la delegaci\u00f3n colombiana, genera inquietud la falta de convergencia en temas clave como la gesti\u00f3n de residuos, un \u00e1rea en la que, para Colombia, deber\u00eda ser m\u00e1s sencillo encontrar puntos en com\u00fan. Adicionalmente, se destac\u00f3 con preocupaci\u00f3n que un reducido n\u00famero de delegaciones est\u00e1 prolongando deliberadamente las discusiones, desviando el enfoque y poniendo en riesgo tanto el ritmo del proceso como el nivel de ambici\u00f3n necesario para enfrentar esta crisis global.<\/p>\n\n\n\n<p>Ante esta situaci\u00f3n, el viceministro hizo un llamado a todas las partes a trabajar de buena fe, con una actitud de escucha, flexibilidad y disposici\u00f3n para alcanzar acuerdos. La delegaci\u00f3n enfatiz\u00f3 la necesidad de empoderar a los facilitadores y avanzar sobre el texto con un enfoque constructivo y urgente.<\/p>\n\n\n\n<p>\u201cLa situaci\u00f3n actual exige un cambio urgente en la din\u00e1mica de las negociaciones. Es necesario empoderar a los facilitadores e iniciar el trabajo sobre el texto de buena fe a la mayor brevedad posible. Tenemos una responsabilidad hist\u00f3rica con nuestros pa\u00edses y sobre todo con las futuras generaciones\u201d, destac\u00f3 Cabrera.<\/p>\n\n\n\n<p>Colombia reafirm\u00f3 su compromiso con la construcci\u00f3n de un acuerdo ambicioso que aborde eficazmente la contaminaci\u00f3n por pl\u00e1sticos y sus devastadores impactos en el medio ambiente y la salud humana. \u00abNo es una opci\u00f3n; es una obligaci\u00f3n hist\u00f3rica con nuestras naciones y, sobre todo, con las generaciones futuras\u00bb, se\u00f1al\u00f3.<\/p>\n\n\n\n<p>El viceministro expres\u00f3 su profundo agradecimiento a los facilitadores y a la Presidencia por su arduo trabajo y liderazgo en este proceso. Reconoci\u00f3 los esfuerzos significativos realizados para avanzar en las negociaciones, as\u00ed como el compromiso mostrado por la gran mayor\u00eda de los pa\u00edses participantes.<\/p>\n\n\n\n<p><strong>\u00bfQu\u00e9 es el Comit\u00e9 Intergubernamental de Negociaci\u00f3n (INC)<\/strong><\/p>\n\n\n\n<p>El Comit\u00e9 Intergubernamental de Negociaci\u00f3n (INC), parte del Programa de las Naciones Unidas para el Medio Ambiente (UNEP), trabaja en la redacci\u00f3n de un acuerdo global jur\u00eddicamente vinculante para combatir la contaminaci\u00f3n por pl\u00e1sticos, incluido su impacto en los oc\u00e9anos. Integrado por delegados de los Estados Miembros de la&nbsp;ONU, busca completar el tratado para finales de 2024. Las reuniones tambi\u00e9n cuentan con la participaci\u00f3n de organizaciones intergubernamentales, sociedad civil, sector privado y comunidad cient\u00edfica como observadores.<\/p>\n\n\n\n<div style=\"height:100px\" aria-hidden=\"true\" class=\"wp-block-spacer\"><\/div>\n\n\n\n<p>Fuente: Ministerio de Medio Ambiente <\/p>\n","protected":false},"excerpt":{"rendered":"<p>Colombia reafirm\u00f3 su compromiso con la construcci\u00f3n de un acuerdo ambicioso que aborde eficazmente la contaminaci\u00f3n por pl\u00e1sticos y sus devastadores impactos en el medio ambiente y la salud humana.<\/p>\n","protected":false},"author":2,"featured_media":141,"comment_status":"open","ping_status":"closed","sticky":false,"template":"","format":"standard","meta":{"footnotes":""},"categories":[1],"tags":[15,14,13,4,3,5],"class_list":["post-140","post","type-post","status-publish","format-standard","has-post-thumbnail","hentry","category-uncategorized","tag-colombia","tag-minambiente","tag-ministerio-de-medioambiente","tag-pmv","tag-pnd","tag-publicaciones-pmv"],"_links":{"self":[{"href":"https:\/\/publicaciones-pmv.co\/index.php\/wp-json\/wp\/v2\/posts\/140","targetHints":{"allow":["GET"]}}],"collection":[{"href":"https:\/\/publicaciones-pmv.co\/index.php\/wp-json\/wp\/v2\/posts"}],"about":[{"href":"https:\/\/publicaciones-pmv.co\/index.php\/wp-json\/wp\/v2\/types\/post"}],"author":[{"embeddable":true,"href":"https:\/\/publicaciones-pmv.co\/index.php\/wp-json\/wp\/v2\/users\/2"}],"replies":[{"embeddable":true,"href":"https:\/\/publicaciones-pmv.co\/index.php\/wp-json\/wp\/v2\/comments?post=140"}],"version-history":[{"count":2,"href":"https:\/\/publicaciones-pmv.co\/index.php\/wp-json\/wp\/v2\/posts\/140\/revisions"}],"predecessor-version":[{"id":143,"href":"https:\/\/publicaciones-pmv.co\/index.php\/wp-json\/wp\/v2\/posts\/140\/revisions\/143"}],"wp:featuredmedia":[{"embeddable":true,"href":"https:\/\/publicaciones-pmv.co\/index.php\/wp-json\/wp\/v2\/media\/141"}],"wp:attachment":[{"href":"https:\/\/publicaciones-pmv.co\/index.php\/wp-json\/wp\/v2\/media?parent=140"}],"wp:term":[{"taxonomy":"category","embeddable":true,"href":"https:\/\/publicaciones-pmv.co\/index.php\/wp-json\/wp\/v2\/categories?post=140"},{"taxonomy":"post_tag","embeddable":true,"href":"https:\/\/publicaciones-pmv.co\/index.php\/wp-json\/wp\/v2\/tags?post=140"}],"curies":[{"name":"wp","href":"https:\/\/api.w.org\/{rel}","templated":true}]}}