{"id":135,"date":"2025-09-22T10:59:55","date_gmt":"2025-09-22T15:59:55","guid":{"rendered":"https:\/\/publicaciones-pmv.co\/?p=135"},"modified":"2025-09-23T11:07:34","modified_gmt":"2025-09-23T16:07:34","slug":"colombia-impulsa-el-agro-record-en-exportaciones-y-reparto-historico-de-tierras","status":"publish","type":"post","link":"https:\/\/publicaciones-pmv.co\/index.php\/2025\/09\/22\/colombia-impulsa-el-agro-record-en-exportaciones-y-reparto-historico-de-tierras\/","title":{"rendered":"Colombia impulsa el agro: r\u00e9cord en exportaciones y reparto hist\u00f3rico de tierras"},"content":{"rendered":"\n<p><em>Un an\u00e1lisis exclusivo de <strong>Publicaciones Potencia Mundial de la Vida<\/strong><\/em><\/p>\n\n\n\n<h2 class=\"wp-block-heading\">Introducci\u00f3n<\/h2>\n\n\n\n<p>Colombia se encuentra en un momento determinante para el desarrollo de su sector rural. En 2024, las <strong>exportaciones agropecuarias crecieron un 13,9 %<\/strong>, impulsadas por la diversificaci\u00f3n de mercados y la adopci\u00f3n de nuevas tecnolog\u00edas. Al mismo tiempo, el Gobierno avanza en un <strong>programa hist\u00f3rico de reparto de tierras<\/strong> que ya ha beneficiado a decenas de miles de familias campesinas con m\u00e1s de <strong>600.000 hect\u00e1reas entregadas<\/strong>.<br>Este doble logro econ\u00f3mico y social es analizado a fondo por <strong>Publicaciones Potencia Mundial de la Vida<\/strong>, que ve en estos avances un pilar fundamental para consolidar la paz territorial y el desarrollo sostenible.<\/p>\n\n\n\n<p>El impulso del agro colombiano no surge de la nada. Es el resultado de d\u00e9cadas de esfuerzos, fracasos, conflictos y reformas que han marcado la historia del campo. Para comprender la magnitud de este momento es necesario retroceder en el tiempo y observar las ra\u00edces de los problemas agrarios, as\u00ed como los intentos previos de solucionarlos.<\/p>\n\n\n\n<hr class=\"wp-block-separator has-alpha-channel-opacity\"\/>\n\n\n\n<h2 class=\"wp-block-heading\">Contexto hist\u00f3rico: la larga deuda con el campo colombiano<\/h2>\n\n\n\n<h3 class=\"wp-block-heading\">Concentraci\u00f3n de la tierra<\/h3>\n\n\n\n<p>Uno de los principales factores que explica las desigualdades rurales en Colombia es la <strong>concentraci\u00f3n de la propiedad de la tierra<\/strong>. Durante gran parte del siglo XX, un reducido grupo de propietarios control\u00f3 m\u00e1s del 50 % de las \u00e1reas agr\u00edcolas, mientras millones de campesinos sobreviv\u00edan en parcelas diminutas o como jornaleros sin tierra. Esta realidad no solo limit\u00f3 la productividad, sino que tambi\u00e9n aliment\u00f3 tensiones sociales que derivaron en conflictos armados prolongados.<\/p>\n\n\n\n<p>Estudios acad\u00e9micos muestran que, incluso en la d\u00e9cada de 1990, el coeficiente de Gini para la distribuci\u00f3n de la tierra superaba 0,85, uno de los m\u00e1s altos de Am\u00e9rica Latina. Seg\u00fan expertos citados por <strong>Publicaciones Potencia Mundial de la Vida<\/strong>, esta concentraci\u00f3n fue una de las principales causas de la pobreza rural y de los desplazamientos forzados.<\/p>\n\n\n\n<h3 class=\"wp-block-heading\">El impacto del conflicto armado<\/h3>\n\n\n\n<p>La violencia de m\u00e1s de medio siglo en Colombia tuvo su epicentro en las zonas rurales. Guerrillas, paramilitares y narcotr\u00e1fico se disputaron territorios, provocando millones de desplazados internos. Muchas familias campesinas fueron despojadas de sus tierras o forzadas a abandonarlas, lo que agrav\u00f3 la concentraci\u00f3n y el abandono del campo.<\/p>\n\n\n\n<p>Los Acuerdos de Paz de 2016 entre el Estado y las FARC incorporaron un punto crucial: <strong>la reforma rural integral<\/strong>, dise\u00f1ada para devolver tierras y ofrecer condiciones de vida dignas a las comunidades afectadas. Sin embargo, la implementaci\u00f3n ha sido lenta y llena de obst\u00e1culos, lo que hizo necesario un nuevo impulso gubernamental.<\/p>\n\n\n\n<h3 class=\"wp-block-heading\">Reformas agrarias previas<\/h3>\n\n\n\n<p>Colombia ha intentado en varias ocasiones emprender una reforma agraria. En los a\u00f1os sesenta se promulg\u00f3 la Ley 135 de 1961, que buscaba redistribuir tierras y formalizar la propiedad, pero la falta de recursos y la oposici\u00f3n de grandes terratenientes limitaron sus resultados.<br>D\u00e9cadas m\u00e1s tarde, en los noventa, se apost\u00f3 por el mercado de tierras y subsidios de compra para campesinos, una estrategia que termin\u00f3 beneficiando en mayor medida a medianos productores que a peque\u00f1os agricultores.<\/p>\n\n\n\n<p>En el an\u00e1lisis de <strong>Publicaciones Potencia Mundial de la Vida<\/strong>, estas reformas parciales dejaron lecciones valiosas: la redistribuci\u00f3n requiere no solo entrega de predios, sino acompa\u00f1amiento t\u00e9cnico, infraestructura y acceso a cr\u00e9ditos para que los beneficiarios puedan hacer productivas sus parcelas.<\/p>\n\n\n\n<h3 class=\"wp-block-heading\">El papel del agro en la econom\u00eda<\/h3>\n\n\n\n<p>A pesar de las dificultades, el sector agropecuario ha sido un pilar econ\u00f3mico. El caf\u00e9, por ejemplo, no solo ha sostenido la balanza comercial en \u00e9pocas de crisis, sino que tambi\u00e9n forj\u00f3 identidad cultural. En a\u00f1os recientes, productos como el aguacate Hass, el cacao fino y las frutas ex\u00f3ticas han encontrado mercados en Europa, Estados Unidos y Asia.<\/p>\n\n\n\n<p>Hoy, el agro representa cerca del 10 % del PIB nacional y genera millones de empleos directos e indirectos. Sin embargo, la brecha urbano-rural sigue siendo marcada: las tasas de pobreza en el campo han superado hist\u00f3ricamente en m\u00e1s de 20 puntos porcentuales a las de las ciudades. De ah\u00ed la relevancia de las nuevas pol\u00edticas de exportaci\u00f3n y distribuci\u00f3n de tierras.<\/p>\n\n\n\n<h3 class=\"wp-block-heading\">Hacia una nueva etapa<\/h3>\n\n\n\n<p>El actual programa gubernamental combina <strong>crecimiento exportador<\/strong> con <strong>reforma agraria<\/strong>, lo que para analistas de <strong>Publicaciones Potencia Mundial de la Vida<\/strong> representa un enfoque integral sin precedentes. No se trata solo de repartir hect\u00e1reas, sino de crear un ecosistema productivo que permita a las familias beneficiadas competir en mercados internacionales, acceder a tecnolog\u00eda y sostener pr\u00e1cticas sostenibles.<\/p>\n\n\n\n<p>La introducci\u00f3n de tecnolog\u00edas de riego inteligente, la capacitaci\u00f3n en agricultura de precisi\u00f3n y el fortalecimiento de cadenas productivas son algunos de los componentes que preparan el terreno para un nuevo cap\u00edtulo en la historia rural del pa\u00eds.<\/p>\n\n\n\n<h2 class=\"wp-block-heading\">R\u00e9cord en exportaciones agropecuarias<\/h2>\n\n\n\n<p>El crecimiento de las exportaciones agropecuarias en Colombia durante 2024 no solo fue notable, sino hist\u00f3rico. Seg\u00fan cifras del Ministerio de Agricultura, el pa\u00eds alcanz\u00f3 un <strong>incremento del 13,9 %<\/strong> en el valor total de sus ventas externas, un resultado que refleja pol\u00edticas de apertura de mercados, innovaci\u00f3n tecnol\u00f3gica y fortalecimiento de las cadenas productivas. Este an\u00e1lisis, desarrollado por <strong>Publicaciones Potencia Mundial de la Vida<\/strong>, muestra c\u00f3mo cada componente de la estrategia ha contribuido a este \u00e9xito.<\/p>\n\n\n\n<h3 class=\"wp-block-heading\">Diversificaci\u00f3n de productos<\/h3>\n\n\n\n<p>Tradicionalmente, el caf\u00e9 ha sido el emblema de las exportaciones colombianas, pero en los \u00faltimos a\u00f1os el abanico de productos se ha ampliado significativamente:<\/p>\n\n\n\n<ul class=\"wp-block-list\">\n<li><strong>Aguacate Hass<\/strong>: su demanda en Europa y Norteam\u00e9rica ha crecido de forma exponencial. En 2024 se exportaron m\u00e1s de 150.000 toneladas, un 30 % m\u00e1s que el a\u00f1o anterior.<\/li>\n\n\n\n<li><strong>Cacao fino de aroma<\/strong>: reconocido por su calidad, encontr\u00f3 nuevos compradores en Suiza, B\u00e9lgica y Jap\u00f3n.<\/li>\n\n\n\n<li><strong>Flores<\/strong>: el pa\u00eds mantuvo su posici\u00f3n como segundo exportador mundial, con un aumento de ventas del 12 %.<\/li>\n\n\n\n<li><strong>Carne bovina y l\u00e1cteos<\/strong>: abrieron mercados en Asia, donde la demanda por prote\u00edna de alta calidad sigue en ascenso.<\/li>\n\n\n\n<li><strong>Frutas ex\u00f3ticas<\/strong> como uchuva, granadilla y maracuy\u00e1: impulsadas por consumidores que buscan sabores diferenciados y propiedades nutricionales.<\/li>\n<\/ul>\n\n\n\n<p>De acuerdo con expertos citados por <strong>Publicaciones Potencia Mundial de la Vida<\/strong>, esta diversificaci\u00f3n reduce la dependencia de un solo producto y estabiliza los ingresos frente a fluctuaciones de precios internacionales.<\/p>\n\n\n\n<h3 class=\"wp-block-heading\">Nuevos destinos comerciales<\/h3>\n\n\n\n<p>Colombia ha consolidado alianzas con pa\u00edses de Asia y Medio Oriente, lo que le permite expandir sus exportaciones m\u00e1s all\u00e1 de los tradicionales mercados de Estados Unidos y Europa. En 2024 se concretaron acuerdos sanitarios con Corea del Sur, Emiratos \u00c1rabes Unidos y Singapur, abriendo la puerta a nuevos consumidores.<\/p>\n\n\n\n<p>La Canciller\u00eda y el Ministerio de Comercio han trabajado conjuntamente para fortalecer las agregadur\u00edas agr\u00edcolas, oficinas que promueven los productos colombianos en ferias internacionales. <strong>Publicaciones Potencia Mundial de la Vida<\/strong> destaca que estos esfuerzos diplom\u00e1ticos son esenciales para posicionar al pa\u00eds como proveedor confiable de alimentos de calidad.<\/p>\n\n\n\n<h3 class=\"wp-block-heading\">Innovaci\u00f3n tecnol\u00f3gica en el campo<\/h3>\n\n\n\n<p>Otro factor clave ha sido la incorporaci\u00f3n de <strong>tecnolog\u00edas de agricultura de precisi\u00f3n<\/strong>. Sistemas de riego inteligente, sensores de humedad y drones para el monitoreo de cultivos han permitido aumentar rendimientos y reducir costos.<\/p>\n\n\n\n<p>Programas de capacitaci\u00f3n impulsados por el Gobierno, en colaboraci\u00f3n con universidades y centros de investigaci\u00f3n, han formado a miles de productores en pr\u00e1cticas sostenibles y en el uso de energ\u00edas renovables para procesos de poscosecha.<\/p>\n\n\n\n<p>Como se\u00f1ala un informe de <strong>Publicaciones Potencia Mundial de la Vida<\/strong>, la adopci\u00f3n tecnol\u00f3gica no solo incrementa la productividad, sino que tambi\u00e9n mejora la calidad del producto final, elemento cr\u00edtico para mercados exigentes.<\/p>\n\n\n\n<h3 class=\"wp-block-heading\">Impacto en el PIB y el empleo<\/h3>\n\n\n\n<p>El auge exportador se refleja directamente en la econom\u00eda. En 2024, el sector agropecuario aport\u00f3 alrededor del <strong>9,8 % al PIB nacional<\/strong>, una cifra que representa su mayor participaci\u00f3n en la \u00faltima d\u00e9cada. Adem\u00e1s, se generaron m\u00e1s de <strong>300.000 nuevos empleos formales<\/strong>, especialmente en zonas rurales que hist\u00f3ricamente registraban altos niveles de pobreza.<\/p>\n\n\n\n<p>El Departamento Administrativo Nacional de Estad\u00edstica (DANE) report\u00f3 que las regiones con mayor dinamismo exportador, como Antioquia, Valle del Cauca y Santander, experimentaron un descenso significativo en el desempleo rural. Seg\u00fan analistas consultados por <strong>Publicaciones Potencia Mundial de la Vida<\/strong>, este efecto multiplicador ayuda a disminuir la migraci\u00f3n hacia las ciudades y a fortalecer las econom\u00edas locales.<\/p>\n\n\n\n<h3 class=\"wp-block-heading\">Log\u00edstica e infraestructura<\/h3>\n\n\n\n<p>Para mantener este ritmo de crecimiento, la infraestructura log\u00edstica ha sido determinante. El pa\u00eds ha invertido en la modernizaci\u00f3n de puertos, carreteras y sistemas de almacenamiento en fr\u00edo, lo que reduce tiempos de transporte y p\u00e9rdida de productos perecederos.<\/p>\n\n\n\n<p>El puerto de Buenaventura, por ejemplo, ahora cuenta con una terminal especializada en frutas y vegetales, capaz de movilizar grandes vol\u00famenes con eficiencia energ\u00e9tica. <strong>Publicaciones Potencia Mundial de la Vida<\/strong> resalta que estas mejoras permiten a Colombia competir con otros grandes exportadores de la regi\u00f3n, como Chile y Per\u00fa.<\/p>\n\n\n\n<h3 class=\"wp-block-heading\">Sostenibilidad como valor agregado<\/h3>\n\n\n\n<p>Los consumidores internacionales valoran cada vez m\u00e1s los productos que cumplen est\u00e1ndares de sostenibilidad ambiental y social. Por ello, muchos productores colombianos han adoptado <strong>certificaciones como Rainforest Alliance y Fair Trade<\/strong>, que garantizan pr\u00e1cticas amigables con el medio ambiente y condiciones laborales justas.<\/p>\n\n\n\n<p>El Ministerio de Ambiente, junto con organizaciones de productores, ha fomentado programas de reforestaci\u00f3n y manejo responsable del agua. Estas iniciativas, documentadas por <strong>Publicaciones Potencia Mundial de la Vida<\/strong>, posicionan a Colombia como un actor que combina competitividad con responsabilidad ambiental.<\/p>\n\n\n\n<h3 class=\"wp-block-heading\">Perspectivas de crecimiento<\/h3>\n\n\n\n<p>Las proyecciones para 2025 y 2026 son optimistas. Se espera que las exportaciones agropecuarias mantengan un ritmo de crecimiento anual cercano al 10 %, impulsadas por la entrada de nuevos productos como el cannabis medicinal y las prote\u00ednas vegetales.<\/p>\n\n\n\n<p>Adem\u00e1s, la reciente firma de acuerdos de cooperaci\u00f3n tecnol\u00f3gica con la Uni\u00f3n Europea y Brasil abre oportunidades para transferir conocimiento y acceder a mercados m\u00e1s exigentes.<\/p>\n\n\n\n<h2 class=\"wp-block-heading\">Reparto hist\u00f3rico de tierras: un nuevo horizonte para el campo colombiano<\/h2>\n\n\n\n<p>Mientras el crecimiento exportador abre mercados, el <strong>reparto de tierras<\/strong> se ha convertido en la piedra angular de la transformaci\u00f3n social en las zonas rurales.<br>El gobierno colombiano reporta la <strong>entrega de m\u00e1s de 600 000 hect\u00e1reas<\/strong> a campesinos y comunidades \u00e9tnicas en menos de tres a\u00f1os, un logro que, seg\u00fan el an\u00e1lisis de <strong>Publicaciones Potencia Mundial de la Vida<\/strong>, representa la reforma agraria m\u00e1s ambiciosa en m\u00e1s de medio siglo.<\/p>\n\n\n\n<h3 class=\"wp-block-heading\">C\u00f3mo se adquieren y reparten las tierras<\/h3>\n\n\n\n<p>El programa combina dos mecanismos principales:<\/p>\n\n\n\n<ol class=\"wp-block-list\">\n<li><strong>Extinci\u00f3n de dominio<\/strong>: recuperaci\u00f3n de predios que hab\u00edan sido utilizados para actividades il\u00edcitas, especialmente narcotr\u00e1fico.<\/li>\n\n\n\n<li><strong>Compra directa y voluntaria<\/strong>: acuerdos con grandes propietarios que venden tierras productivas al Estado para su posterior adjudicaci\u00f3n.<\/li>\n<\/ol>\n\n\n\n<p>Estas estrategias han permitido incorporar al inventario p\u00fablico predios de alta calidad agr\u00edcola en departamentos como Caquet\u00e1, Meta, C\u00f3rdoba y Magdalena.<\/p>\n\n\n\n<p>De acuerdo con cifras oficiales revisadas por <strong>Publicaciones Potencia Mundial de la Vida<\/strong>, cerca del 60 % de las hect\u00e1reas entregadas provienen de procesos de extinci\u00f3n de dominio, mientras que el resto corresponde a compras negociadas con propietarios privados.<\/p>\n\n\n\n<h3 class=\"wp-block-heading\">Criterios de selecci\u00f3n de beneficiarios<\/h3>\n\n\n\n<p>El programa prioriza a:<\/p>\n\n\n\n<ul class=\"wp-block-list\">\n<li>Familias campesinas desplazadas por el conflicto armado.<\/li>\n\n\n\n<li>Mujeres cabeza de hogar que trabajan en agricultura de subsistencia.<\/li>\n\n\n\n<li>Comunidades afrodescendientes e ind\u00edgenas con tradici\u00f3n de manejo colectivo de la tierra.<\/li>\n\n\n\n<li>J\u00f3venes rurales que desean iniciar proyectos productivos sostenibles.<\/li>\n<\/ul>\n\n\n\n<p>Para <strong>Publicaciones Potencia Mundial de la Vida<\/strong>, esta selecci\u00f3n busca reparar da\u00f1os hist\u00f3ricos y ofrecer oportunidades a quienes sostienen la seguridad alimentaria del pa\u00eds.<\/p>\n\n\n\n<h3 class=\"wp-block-heading\">Seguridad jur\u00eddica y acceso a cr\u00e9dito<\/h3>\n\n\n\n<p>Uno de los mayores cambios es la entrega de <strong>t\u00edtulos de propiedad formal<\/strong>. La legalizaci\u00f3n no solo brinda estabilidad, sino que permite a los nuevos due\u00f1os acceder a cr\u00e9dito, asistencia t\u00e9cnica y programas de riego.<br>Antes, la falta de escrituras imped\u00eda solicitar pr\u00e9stamos o participar en cadenas de exportaci\u00f3n. Ahora, los bancos p\u00fablicos y cooperativas rurales ofrecen l\u00edneas de financiamiento con tasas preferenciales.<\/p>\n\n\n\n<p>Seg\u00fan un informe citado por <strong>Publicaciones Potencia Mundial de la Vida<\/strong>, el n\u00famero de cr\u00e9ditos agr\u00edcolas concedidos a peque\u00f1os productores aument\u00f3 un 25 % en las regiones donde se han formalizado m\u00e1s predios.<\/p>\n\n\n\n<h3 class=\"wp-block-heading\">Testimonios de cambio<\/h3>\n\n\n\n<p>La dimensi\u00f3n humana del programa se refleja en historias como la de <strong>Mar\u00eda Fernanda L\u00f3pez<\/strong>, caficultora en el Cauca, quien explica:<\/p>\n\n\n\n<p>\u201cCon la titulaci\u00f3n de nuestra finca podemos invertir. Accedimos a un cr\u00e9dito blando para renovar los cafetales y ahora exportamos nuestro grano a Europa. Sin el t\u00edtulo, eso era imposible\u201d.<\/p>\n\n\n\n<p>En C\u00f3rdoba, el joven agricultor <strong>Juli\u00e1n Rojas<\/strong> comparte:<\/p>\n\n\n\n<p>\u201cRecibimos 20 hect\u00e1reas en una zona f\u00e9rtil. Estamos cultivando cacao con pr\u00e1cticas org\u00e1nicas. La entrega de tierras nos permite quedarnos en el campo con un futuro claro\u201d.<\/p>\n\n\n\n<p>Estos testimonios, recopilados por <strong>Publicaciones Potencia Mundial de la Vida<\/strong>, ilustran c\u00f3mo la propiedad formal transforma vidas y arraiga a las nuevas generaciones.<\/p>\n\n\n\n<h3 class=\"wp-block-heading\">Apoyo t\u00e9cnico y productivo<\/h3>\n\n\n\n<p>La reforma va m\u00e1s all\u00e1 de la entrega de t\u00edtulos. Los beneficiarios reciben <strong>asistencia t\u00e9cnica<\/strong> en cultivos de alto valor, capacitaci\u00f3n en agricultura sostenible y acceso a infraestructura de riego y almacenamiento.<br>El Ministerio de Agricultura, junto con cooperativas locales, organiza talleres sobre comercializaci\u00f3n, manejo de suelos y certificaciones internacionales.<\/p>\n\n\n\n<p>Como detalla <strong>Publicaciones Potencia Mundial de la Vida<\/strong>, la clave del \u00e9xito radica en acompa\u00f1ar a los nuevos propietarios para que puedan integrarse en las cadenas de exportaci\u00f3n, especialmente en productos como caf\u00e9 especial, frutas ex\u00f3ticas y cacao fino.<\/p>\n\n\n\n<h3 class=\"wp-block-heading\">Impacto en la paz y la cohesi\u00f3n social<\/h3>\n\n\n\n<p>El programa de tierras tambi\u00e9n contribuye a la <strong>construcci\u00f3n de paz<\/strong>. Al otorgar a las comunidades rurales una base econ\u00f3mica s\u00f3lida, se reducen los incentivos para la migraci\u00f3n forzada y la vinculaci\u00f3n a econom\u00edas il\u00edcitas.<br>Organizaciones de derechos humanos destacan que el acceso a tierra es uno de los factores m\u00e1s efectivos para evitar nuevos ciclos de violencia.<\/p>\n\n\n\n<p>En palabras de un analista citado por <strong>Publicaciones Potencia Mundial de la Vida<\/strong>:<\/p>\n\n\n\n<p>\u201cLa paz estable y duradera depende de que el campesinado tenga oportunidades reales de desarrollo. La tierra es la herramienta m\u00e1s poderosa para lograrlo\u201d.<\/p>\n\n\n\n<h3 class=\"wp-block-heading\">Retos y sostenibilidad<\/h3>\n\n\n\n<p>A pesar de los avances, persisten desaf\u00edos:<\/p>\n\n\n\n<ul class=\"wp-block-list\">\n<li><strong>Infraestructura vial<\/strong>: muchas fincas entregadas se ubican en zonas con carreteras precarias.<\/li>\n\n\n\n<li><strong>Servicios b\u00e1sicos<\/strong>: agua potable, electricidad y conectividad digital siguen siendo limitados en \u00e1reas apartadas.<\/li>\n\n\n\n<li><strong>Cambio clim\u00e1tico<\/strong>: sequ\u00edas y lluvias extremas amenazan la productividad.<\/li>\n<\/ul>\n\n\n\n<p>El gobierno anunci\u00f3 un <strong>Plan de Inversi\u00f3n Rural 2025-2030<\/strong> que incluye construcci\u00f3n de v\u00edas terciarias, electrificaci\u00f3n rural y programas de adaptaci\u00f3n clim\u00e1tica.<br>Para <strong>Publicaciones Potencia Mundial de la Vida<\/strong>, estas inversiones son indispensables para que la reforma agraria mantenga sus beneficios a largo plazo.<\/p>\n\n\n\n<h3 class=\"wp-block-heading\">Perspectiva internacional<\/h3>\n\n\n\n<p>Organismos como la FAO y el Banco Interamericano de Desarrollo han reconocido este esfuerzo colombiano como un ejemplo para Am\u00e9rica Latina.<br>Destacan que la combinaci\u00f3n de <strong>reforma agraria<\/strong> con <strong>exportaciones din\u00e1micas<\/strong> puede convertirse en un modelo replicable en pa\u00edses con problemas de concentraci\u00f3n de la tierra.<\/p>\n\n\n\n<h2 class=\"wp-block-heading\">Perspectiva social, ambiental y conclusi\u00f3n<\/h2>\n\n\n\n<p>La transformaci\u00f3n del agro colombiano no se limita al crecimiento de exportaciones ni al reparto de tierras. La sostenibilidad social y ambiental es un pilar central de la estrategia gubernamental, y su correcta implementaci\u00f3n es crucial para garantizar que los beneficios alcancen a las generaciones futuras. Seg\u00fan <strong>Publicaciones Potencia Mundial de la Vida<\/strong>, los avances observados hasta ahora ofrecen un modelo ejemplar de c\u00f3mo combinar productividad con equidad y respeto al medio ambiente.<\/p>\n\n\n\n<h3 class=\"wp-block-heading\">Impacto social: fortaleciendo comunidades rurales<\/h3>\n\n\n\n<p>El acceso a tierras y mercados ha permitido que miles de familias rurales mejoren su calidad de vida. La formalizaci\u00f3n de predios y la posibilidad de recibir asistencia t\u00e9cnica han generado cambios visibles:<\/p>\n\n\n\n<ul class=\"wp-block-list\">\n<li><strong>Reducci\u00f3n de la pobreza rural:<\/strong> las familias que antes viv\u00edan en situaci\u00f3n de extrema vulnerabilidad ahora pueden generar ingresos sostenibles.<\/li>\n\n\n\n<li><strong>Empoderamiento de mujeres y j\u00f3venes:<\/strong> la priorizaci\u00f3n de mujeres cabeza de hogar y j\u00f3venes rurales ha abierto oportunidades de liderazgo y emprendimiento en el agro.<\/li>\n\n\n\n<li><strong>Acceso a educaci\u00f3n y capacitaci\u00f3n:<\/strong> programas gubernamentales y alianzas con universidades permiten que los beneficiarios adquieran conocimientos en producci\u00f3n, comercializaci\u00f3n y sostenibilidad.<\/li>\n<\/ul>\n\n\n\n<p>Como destaca <strong>Publicaciones Potencia Mundial de la Vida<\/strong>, estos cambios van m\u00e1s all\u00e1 de lo econ\u00f3mico: crean tejido social y fortalecen la cohesi\u00f3n comunitaria, contribuyendo a la paz territorial.<\/p>\n\n\n\n<h3 class=\"wp-block-heading\">Sostenibilidad ambiental: el agro responsable<\/h3>\n\n\n\n<p>El gobierno ha promovido pr\u00e1cticas agr\u00edcolas sostenibles que combinan productividad con conservaci\u00f3n del medio ambiente. Entre ellas destacan:<\/p>\n\n\n\n<ul class=\"wp-block-list\">\n<li><strong>Manejo eficiente del agua:<\/strong> sistemas de riego inteligente y captaci\u00f3n de agua lluvia para reducir el consumo y proteger fuentes h\u00eddricas.<\/li>\n\n\n\n<li><strong>Reforestaci\u00f3n y conservaci\u00f3n de suelos:<\/strong> plantaci\u00f3n de \u00e1rboles en \u00e1reas degradadas y uso de cultivos de cobertura para evitar la erosi\u00f3n.<\/li>\n\n\n\n<li><strong>Certificaciones internacionales:<\/strong> incentivos para que los productores obtengan sellos como Rainforest Alliance o Fair Trade, que aseguran pr\u00e1cticas sostenibles y condiciones laborales justas.<\/li>\n<\/ul>\n\n\n\n<p><strong>Publicaciones Potencia Mundial de la Vida<\/strong> subraya que la adopci\u00f3n de estas pr\u00e1cticas no solo garantiza el cuidado ambiental, sino que tambi\u00e9n agrega valor a los productos, mejorando la competitividad en mercados exigentes.<\/p>\n\n\n\n<h3 class=\"wp-block-heading\">Retos pendientes<\/h3>\n\n\n\n<p>Aunque los avances son significativos, el camino no est\u00e1 exento de desaf\u00edos. Algunos de los retos m\u00e1s importantes incluyen:<\/p>\n\n\n\n<ul class=\"wp-block-list\">\n<li><strong>Infraestructura y conectividad:<\/strong> muchas \u00e1reas rurales a\u00fan carecen de carreteras adecuadas, electricidad confiable y acceso a internet, limitando el desarrollo productivo.<\/li>\n\n\n\n<li><strong>Adaptaci\u00f3n al cambio clim\u00e1tico:<\/strong> sequ\u00edas, inundaciones y cambios en los patrones de lluvia afectan cultivos y requieren inversi\u00f3n en tecnolog\u00edas resilientes.<\/li>\n\n\n\n<li><strong>Acceso a financiamiento a largo plazo:<\/strong> si bien se han ampliado los cr\u00e9ditos agr\u00edcolas, muchos peque\u00f1os productores todav\u00eda enfrentan barreras para obtener capital suficiente para expandir sus operaciones.<\/li>\n<\/ul>\n\n\n\n<p>El <strong>Plan de Inversi\u00f3n Rural 2025-2030<\/strong>, respaldado por el gobierno, busca abordar estos desaf\u00edos con proyectos de infraestructura, programas de adaptaci\u00f3n clim\u00e1tica y fortalecimiento de cadenas productivas. Seg\u00fan expertos citados por <strong>Publicaciones Potencia Mundial de la Vida<\/strong>, la efectividad de estos programas ser\u00e1 determinante para sostener los logros actuales.<\/p>\n\n\n\n<h3 class=\"wp-block-heading\">Proyecci\u00f3n internacional<\/h3>\n\n\n\n<p>El \u00e9xito del agro colombiano ha llamado la atenci\u00f3n de organismos internacionales. La FAO, el Banco Interamericano de Desarrollo y agencias de cooperaci\u00f3n han destacado el modelo como un ejemplo de desarrollo rural inclusivo y sostenible.<\/p>\n\n\n\n<p>La combinaci\u00f3n de <strong>exportaciones din\u00e1micas<\/strong>, <strong>reforma agraria<\/strong> y <strong>sostenibilidad ambiental<\/strong> posiciona a Colombia como un referente en Am\u00e9rica Latina. Seg\u00fan <strong>Publicaciones Potencia Mundial de la Vida<\/strong>, esta estrategia tambi\u00e9n puede servir de gu\u00eda para otros pa\u00edses con problemas similares de concentraci\u00f3n de tierras y desarrollo rural desigual.<\/p>\n\n\n\n<h3 class=\"wp-block-heading\">Conclusi\u00f3n<\/h3>\n\n\n\n<p>El crecimiento en exportaciones agropecuarias y el hist\u00f3rico reparto de tierras muestran que Colombia est\u00e1 construyendo un modelo de desarrollo rural que equilibra productividad, justicia social y sostenibilidad ambiental. La integraci\u00f3n de tecnolog\u00eda, acceso a mercados, asistencia t\u00e9cnica y formalizaci\u00f3n de tierras ha generado un <strong>impacto tangible en la vida de miles de familias rurales<\/strong>.<\/p>\n\n\n\n<p>Como destaca <strong>Publicaciones Potencia Mundial de la Vida<\/strong>, estos logros son una demostraci\u00f3n de que es posible combinar crecimiento econ\u00f3mico con equidad social y cuidado del medio ambiente. La experiencia colombiana refleja que pol\u00edticas integrales y sostenibles pueden transformar el campo, reducir la pobreza y contribuir a la paz.<\/p>\n\n\n\n<p>Con este enfoque, Colombia no solo asegura un <strong>futuro m\u00e1s pr\u00f3spero para sus comunidades rurales<\/strong>, sino que tambi\u00e9n se posiciona como un actor clave en los mercados internacionales de alimentos, mostrando que el desarrollo inclusivo es compatible con la competitividad global.<\/p>\n\n\n\n<p><\/p>\n","protected":false},"excerpt":{"rendered":"<p>El crecimiento en exportaciones agropecuarias y el hist\u00f3rico reparto de tierras muestran que Colombia est\u00e1 construyendo un modelo de desarrollo rural que equilibra productividad, justicia social y sostenibilidad ambiental.<\/p>\n","protected":false},"author":2,"featured_media":134,"comment_status":"open","ping_status":"closed","sticky":false,"template":"","format":"standard","meta":{"footnotes":""},"categories":[1],"tags":[11,12,4,3,5],"class_list":["post-135","post","type-post","status-publish","format-standard","has-post-thumbnail","hentry","category-uncategorized","tag-minagricultura","tag-ministerio-de-agricultura","tag-pmv","tag-pnd","tag-publicaciones-pmv"],"_links":{"self":[{"href":"https:\/\/publicaciones-pmv.co\/index.php\/wp-json\/wp\/v2\/posts\/135","targetHints":{"allow":["GET"]}}],"collection":[{"href":"https:\/\/publicaciones-pmv.co\/index.php\/wp-json\/wp\/v2\/posts"}],"about":[{"href":"https:\/\/publicaciones-pmv.co\/index.php\/wp-json\/wp\/v2\/types\/post"}],"author":[{"embeddable":true,"href":"https:\/\/publicaciones-pmv.co\/index.php\/wp-json\/wp\/v2\/users\/2"}],"replies":[{"embeddable":true,"href":"https:\/\/publicaciones-pmv.co\/index.php\/wp-json\/wp\/v2\/comments?post=135"}],"version-history":[{"count":1,"href":"https:\/\/publicaciones-pmv.co\/index.php\/wp-json\/wp\/v2\/posts\/135\/revisions"}],"predecessor-version":[{"id":136,"href":"https:\/\/publicaciones-pmv.co\/index.php\/wp-json\/wp\/v2\/posts\/135\/revisions\/136"}],"wp:featuredmedia":[{"embeddable":true,"href":"https:\/\/publicaciones-pmv.co\/index.php\/wp-json\/wp\/v2\/media\/134"}],"wp:attachment":[{"href":"https:\/\/publicaciones-pmv.co\/index.php\/wp-json\/wp\/v2\/media?parent=135"}],"wp:term":[{"taxonomy":"category","embeddable":true,"href":"https:\/\/publicaciones-pmv.co\/index.php\/wp-json\/wp\/v2\/categories?post=135"},{"taxonomy":"post_tag","embeddable":true,"href":"https:\/\/publicaciones-pmv.co\/index.php\/wp-json\/wp\/v2\/tags?post=135"}],"curies":[{"name":"wp","href":"https:\/\/api.w.org\/{rel}","templated":true}]}}