{"id":128,"date":"2025-09-19T15:00:41","date_gmt":"2025-09-19T20:00:41","guid":{"rendered":"https:\/\/publicaciones-pmv.co\/?p=128"},"modified":"2025-09-19T15:00:42","modified_gmt":"2025-09-19T20:00:42","slug":"mas-de-4-000-familias-campesinas-avanzan-en-la-restauracion-de-12-000-hectareas-de-bosques-en-caqueta","status":"publish","type":"post","link":"https:\/\/publicaciones-pmv.co\/index.php\/2025\/09\/19\/mas-de-4-000-familias-campesinas-avanzan-en-la-restauracion-de-12-000-hectareas-de-bosques-en-caqueta\/","title":{"rendered":"M\u00e1s de 4.000 familias campesinas avanzan en la restauraci\u00f3n de 12.000 hect\u00e1reas de bosques en Caquet\u00e1"},"content":{"rendered":"\n<p>En Caquet\u00e1 avanza una de las apuestas m\u00e1s ambiciosas del Gobierno del Cambio en materia de restauraci\u00f3n, a trav\u00e9s del proyecto \u2018Restauraci\u00f3n Comunitaria de la Conectividad Andino-Amaz\u00f3nica\u2019 que busca recuperar 12.000 hect\u00e1reas de bosques, transformar las econom\u00edas locales y mejorar la calidad de vida de m\u00e1s de 4.000 familias campesinas, que hoy son protagonistas de la conservaci\u00f3n y el manejo sostenible de sus territorios.<\/p>\n\n\n\n<p>En Florencia, las 40 organizaciones comunitarias vinculadas al proyecto se reunieron para presentar avances y ratificar su compromiso con la protecci\u00f3n de las cuencas de los r\u00edos Orteguaza y Cagu\u00e1n. Durante el encuentro, l\u00edderes locales destacaron c\u00f3mo la restauraci\u00f3n no solo fortalece la biodiversidad, sino que tambi\u00e9n impulsa econom\u00edas solidarias que benefician directamente a las comunidades.<\/p>\n\n\n\n<blockquote class=\"wp-block-quote is-layout-flow wp-block-quote-is-layout-flow\">\n<p>\u201c<em>Recuperar la conectividad Andino-Amaz\u00f3nica y apostarle a la restauraci\u00f3n de nuestros ecosistemas es un esfuerzo conjunto con alcaldes y comunidades que contribuye a disminuir la deforestaci\u00f3n y a mejorar la calidad de vida en el territorio\u201d,&nbsp;<\/em>asegur\u00f3 la viceministra de Ordenamiento Ambiental del Territorio, Tatiana Roa Avenda\u00f1o.<\/p>\n<\/blockquote>\n\n\n\n<p>La iniciativa incluye la implementaci\u00f3n de 40 planes veredales de conservaci\u00f3n, restauraci\u00f3n y transformaci\u00f3n productiva; la certificaci\u00f3n de 200 extensionistas rurales; y el fortalecimiento de empresas comunitarias que impulsan la econom\u00eda de la biodiversidad. Los recursos, provenientes del Fondo para la Vida y la Biodiversidad, garantizan adem\u00e1s el reconocimiento econ\u00f3mico a las familias que, con sus conocimientos y pr\u00e1cticas tradicionales, cuidan, recuperan y gestionan su territorio.<\/p>\n\n\n\n<p>De manera paralela, 200 l\u00edderes sociales y ambientales de 11 municipios culminaron la segunda fase de formaci\u00f3n como promotores locales y extensionistas en restauraci\u00f3n, proceso liderado por el Instituto Sinchi con el apoyo de la Red Colombiana de Restauraci\u00f3n Ecol\u00f3gica, la Escuela de Cient\u00edficos Locales de Caquet\u00e1 y el&nbsp;Sena.<\/p>\n\n\n\n<p>Por su parte, la directora Instituto Amaz\u00f3nico de Investigaciones Cient\u00edficas Sinchi, Luz Marina Mantilla, destac\u00f3 que \u201c<em>la conectividad Andino-Amaz\u00f3nica es la del agua y los hotspots de biodiversidad. Es la que permite articular la pol\u00edtica ambiental con las acciones de las comunidades y sus alcald\u00edas<\/em>\u201d.<\/p>\n\n\n\n<p><em>&nbsp;<\/em>El proyecto, que materializa la Estrategia Nacional de Restauraci\u00f3n Ecol\u00f3gica 2023-2026 y el Plan Nacional de Desarrollo del Gobierno del Cambio, convierte al Caquet\u00e1 en ejemplo nacional de c\u00f3mo la articulaci\u00f3n entre comunidades y Estado fortalece la adaptaci\u00f3n al cambio clim\u00e1tico y la revitalizaci\u00f3n territorial.<\/p>\n\n\n\n<p>Esta apuesta, que es parte de la Estrategia Nacional de Restauraci\u00f3n 2023-2026 y contribuye al cumplimiento del Plan Nacional de Desarrollo del Gobierno del Cambio, convierte a Caquet\u00e1 en ejemplo nacional de c\u00f3mo las personas y las comunidades son el centro de la restauraci\u00f3n y del cuidado de la naturaleza, logrando a la vez adaptaci\u00f3n al cambio clim\u00e1tico y revitalizaci\u00f3n territorial.<\/p>\n\n\n\n<p><\/p>\n","protected":false},"excerpt":{"rendered":"<p>Con una inversi\u00f3n hist\u00f3rica de 100.000 millones de pesos, el Ministerio de Ambiente y Desarrollo Sostenible, el Instituto\u00a0Sinchi\u00a0y 40 organizaciones comunitarias impulsan la mayor iniciativa de restauraci\u00f3n comunitaria del pa\u00eds, que pone a las comunidades en el centro del cuidado de la naturaleza y de la recuperaci\u00f3n de la conexi\u00f3n Andino-Amaz\u00f3nica.<\/p>\n","protected":false},"author":2,"featured_media":129,"comment_status":"open","ping_status":"closed","sticky":false,"template":"","format":"standard","meta":{"footnotes":""},"categories":[1],"tags":[4,3,5,8],"class_list":["post-128","post","type-post","status-publish","format-standard","has-post-thumbnail","hentry","category-uncategorized","tag-pmv","tag-pnd","tag-publicaciones-pmv","tag-rcca"],"_links":{"self":[{"href":"https:\/\/publicaciones-pmv.co\/index.php\/wp-json\/wp\/v2\/posts\/128","targetHints":{"allow":["GET"]}}],"collection":[{"href":"https:\/\/publicaciones-pmv.co\/index.php\/wp-json\/wp\/v2\/posts"}],"about":[{"href":"https:\/\/publicaciones-pmv.co\/index.php\/wp-json\/wp\/v2\/types\/post"}],"author":[{"embeddable":true,"href":"https:\/\/publicaciones-pmv.co\/index.php\/wp-json\/wp\/v2\/users\/2"}],"replies":[{"embeddable":true,"href":"https:\/\/publicaciones-pmv.co\/index.php\/wp-json\/wp\/v2\/comments?post=128"}],"version-history":[{"count":1,"href":"https:\/\/publicaciones-pmv.co\/index.php\/wp-json\/wp\/v2\/posts\/128\/revisions"}],"predecessor-version":[{"id":130,"href":"https:\/\/publicaciones-pmv.co\/index.php\/wp-json\/wp\/v2\/posts\/128\/revisions\/130"}],"wp:featuredmedia":[{"embeddable":true,"href":"https:\/\/publicaciones-pmv.co\/index.php\/wp-json\/wp\/v2\/media\/129"}],"wp:attachment":[{"href":"https:\/\/publicaciones-pmv.co\/index.php\/wp-json\/wp\/v2\/media?parent=128"}],"wp:term":[{"taxonomy":"category","embeddable":true,"href":"https:\/\/publicaciones-pmv.co\/index.php\/wp-json\/wp\/v2\/categories?post=128"},{"taxonomy":"post_tag","embeddable":true,"href":"https:\/\/publicaciones-pmv.co\/index.php\/wp-json\/wp\/v2\/tags?post=128"}],"curies":[{"name":"wp","href":"https:\/\/api.w.org\/{rel}","templated":true}]}}