{"id":120,"date":"2023-04-24T14:42:00","date_gmt":"2023-04-24T19:42:00","guid":{"rendered":"https:\/\/publicaciones-pmv.co\/?p=120"},"modified":"2025-09-19T14:49:08","modified_gmt":"2025-09-19T19:49:08","slug":"aportes-del-plan-nacional-de-desarrollo-pnd-2022-2026-colombia-potencia-mundial-de-la-vida-de-la-vicepresidencia-de-la-republica","status":"publish","type":"post","link":"https:\/\/publicaciones-pmv.co\/index.php\/2023\/04\/24\/aportes-del-plan-nacional-de-desarrollo-pnd-2022-2026-colombia-potencia-mundial-de-la-vida-de-la-vicepresidencia-de-la-republica\/","title":{"rendered":"Aportes del Plan Nacional de Desarrollo &#8211; PND 2022-2026 \u201cColombia, potencia mundial de la vida\u201d de la Vicepresidencia de la Rep\u00fablica"},"content":{"rendered":"\n<h2 class=\"wp-block-heading\">\u201cColombia, potencia mundial de la vida\u201d<\/h2>\n\n\n\n<figure class=\"wp-block-image\"><img decoding=\"async\" src=\"https:\/\/www.vicepresidencia.gov.co\/prensa\/galFotosNotas\/20042023-web-fmm-plan-de-la-gente.jpg\" alt=\"\"\/><\/figure>\n\n\n\n<p>\u200b\u200b\u200b<br><a href=\"https:\/\/drive.google.com\/file\/d\/1_Pfhpe1iT46oSGHJuXot94hnpuHkVQQa\/preview\"><\/a><\/p>\n\n\n\n<p><strong><\/strong><strong>ARTICULOS APROBADOS EN EL PLAN NACIONAL DE DESARROLL<\/strong><strong>O<\/strong>&nbsp;&nbsp;<\/p>\n\n\n\n<ul class=\"wp-block-list\">\n<li><strong>FONDO PARA LA SUPERACI\u00d3N DE BRECHAS DE DESIGUALDAD POBLACIONAL E INEQUIDAD TERR\u200bITORIAL<\/strong>: Cr\u00e9ase el Fondo para la superaci\u00f3n de Brechas de Desigualdad Poblacional e Inequidad territorial como un patrimonio aut\u00f3nomo. El objeto del fondo ser\u00e1\u0301 administrar y ejecutar los recursos que se le asignen para la puesta en marcha de los programas y proyectos que determine dicho Ministerio, y que contribuyan a eliminar las desigualdades econ\u00f3micas, pol\u00edticas, territoriales y sociales y la defensa de los sujetos de especial protecci\u00f3n constitucional, de poblaci\u00f3n vulnerable y de grupos hist\u00f3ricamente discriminados o marginados.<\/li>\n<\/ul>\n\n\n\n<ol class=\"wp-block-list\">\n<li><strong><em>SISTEMA NACIONAL DE IGUALDAD Y EQUIDAD: (ART\u00cdCULO 64)<\/em><\/strong>\u00a0Crea el Sistema Nacional de la Igualdad y Equidad, de car\u00e1cter permanente en su funcionamiento, con el objetivo de coordinar las actividades estatales, de las organizaciones sociales y de los particulares. Se incluy\u00f3 como prioridad la desigualdad territorial y se solicit\u00f3 cambiar su ubicaci\u00f3n en la estructura del proyecto de ley, con el prop\u00f3sito de dejarlo en la Parte General como mecanismo de ejecuci\u00f3n del PND.<br><\/li>\n\n\n\n<li><em><strong>FONDO MUJER EMPRENDE: (ART\u00cdCULO 65)<\/strong><\/em>\u00a0Promoci\u00f3n de la autonom\u00eda y el emprendimiento de la Mujer. Se transforma el Fondo y su denominaci\u00f3n Mujer Libre y Productiva, tendr\u00e1 vocaci\u00f3n de permanencia y la naturaleza jur\u00eddica de un patrimonio aut\u00f3nomo constituido mediante la celebraci\u00f3n de un contrato de fiducia mercantil por parte del Departamento Administrativo de la Presidencia de la Rep\u00fablica.<\/li>\n\n\n\n<li><strong><em>FOMENTO A LA INCLUSI\u00d3N LABORAL DE PERSONAS CON\u00a0DISCAPACIDAD. (ART\u00cdCULO 68<\/em><\/strong>) Dise\u00f1o de una hoja de ruta para la formulaci\u00f3n de un esquema de ajustes razonables para el fomento del empleo laboral de personas con discapacidad en el sector p\u00fablico y privado, estar\u00e1 a cargo de Minigualdad<\/li>\n\n\n\n<li><em><strong>PLAN NACIONAL DE ACCESIBILIDAD PARA PERSONAS CON\u00a0DISCAPACIDAD (ART\u00cdCULO 69)<\/strong><\/em>\u00a0 El Ministerio de Igualdad y Equidad con el apoyo de todos los sectores del Gobierno nacional, la academia, gremios empresariales, representantes de organizaciones sociales, Ministerio P\u00fablico, formular\u00e1n e implementar\u00e1n el plan nacional de accesibilidad de personas con discapacidad.\u00a0<\/li>\n\n\n\n<li><em><strong>SISTEMA NACIONAL DE CUIDADO. (ART\u00cdCULO 95)\u00a0<\/strong><\/em>\u00a0Creaci\u00f3n, fortalecimiento e integraci\u00f3n de la oferta de servicios del Sistema Nacional de Cuidado basado en el reconocimiento del cuidado como un derecho de las personas a cuidar, a ser cuidadas y a ejercer el autocuidado sobre la base de los principios de universalidad, corresponsabilidad social y de g\u00e9nero, promoci\u00f3n de la autonom\u00eda, participaci\u00f3n y solidaridad en el financiamiento. Se definen una estrategia de transformaci\u00f3n cultural y acciones espec\u00edficas para reducir, reconocer, recompensar, redistribuir, representar las labores del cuidado entre hombres y mujeres.<\/li>\n\n\n\n<li><em><strong>PROGRAMA AGUA ES VIDA. (ART\u00cdCULO 245)<\/strong><\/em>\u00a0El Ministerio de Igualdad y Equidad y el Ministerio de Vivienda, ciudad y Territorio formular\u00e1n e implementar\u00e1n, dentro de los seis (6) meses siguientes a la entrada en vigencia de la presente ley, el Programa Agua es Vida en los territorios.\u00a0<\/li>\n\n\n\n<li>En los art\u00edculos 4, 31, 55, 128 se incluyeron los enfoques territorial, de derechos, de g\u00e9nero, \u00e9tnico racial y diferencial, con el prop\u00f3sito de avanzar en una sociedad inclusiva LGBTIQ+, libre de estereotipos para supera las discriminaciones de tipo econ\u00f3mico, territorial, social, cultural y pol\u00edtico, as\u00ed como las basadas en g\u00e9nero, \u00e9tnico-racial, generacionales, capacidades f\u00edsicas, de identidad y orientaci\u00f3n sexual, donde la diversidad ser\u00e1 fuente de desarrollo sostenible y no de exclusi\u00f3n.<\/li>\n\n\n\n<li><strong><em>PLAN NACIONAL DE ACCESIBILIDAD PARAPERSONAS CON DISCAPACIDAD. (ART\u00cdCULO 61)<\/em><\/strong>\u00a0Formulaci\u00f3n e implementaci\u00f3n del Plan Nacional de Accesibilidad de Personas con Discapacidad.<\/li>\n\n\n\n<li><em><strong>FOMENTO DE LA INCLUSI\u00d3N EN LA EDUCACI\u00d3N SUPERIOR DE PERSONAS CON DISCAPACIDAD. (ART\u00cdCULO 114)<\/strong><\/em>\u00a0Se crear\u00e1 el programa nacional para igualdad de oportunidades educativas de personas con discapacidad en la educaci\u00f3n superior, que incluya la asignaci\u00f3n de cr\u00e9ditos educativos y programas de becas para personas con discapacidad.<\/li>\n\n\n\n<li><em><strong>ACCESO A TIERRAS A MUJERES. (ART\u00cdCULO 275)\u00a0<\/strong><\/em>Adici\u00f3nese un literal al art\u00edculo 31 de la Ley 160 de 1994, el cual quedar\u00e1 as\u00ed: (&#8230;) Art\u00edculo que garantiza el acceso a tierras para las mujeres rurales y campesinas de conformidad con el diagn\u00f3stico y priorizaci\u00f3n que realice el Ministerio de Agricultura y Desarrollo Rural y el Ministerio de Igualdad y Equidad. El Programa de adjudicaci\u00f3n para mujeres rurales ac\u00e1 dispuesto deber\u00e1 ser objeto de evaluaci\u00f3n permanente para determinar la asignaci\u00f3n de recursos necesarios para su ejecuci\u00f3n, de modo que se mantenga hasta corregir la inequitativa distribuci\u00f3n de derechos de propiedad que obra en perjuicio de las mujeres.<\/li>\n\n\n\n<li><strong><em>POL\u00cdTICA PARA EL DESARROLLO INTEGRAL DEL PAC\u00cdFICO.\u00a0(ART\u00cdCULO 259)<\/em><\/strong>\u00a0En el marco del cierre de brechas territoriales de desarrollo econ\u00f3mico y social y con el fin de dar prioridad al avance en el cumplimiento de los 176 acuerdos priorizados del Paro C\u00edvico de Buenaventura, el Plan Integral Especial de Desarrollo de Buenaventura seg\u00fan los t\u00e9rminos del art\u00edculo 5, par\u00e1grafos 4 y 5 y del art\u00edculo 10 de la Ley 1872 de 2017; los acuerdos del Paro C\u00edvico del Choc\u00f3 y de las comunidades del Norte del Cauca y de la costa pac\u00edfica Nari\u00f1ense; los Planes de Acci\u00f3n Territorial \u2013 PATR para la subregi\u00f3n del Pac\u00edfico Medio, del Pac\u00edfico y frontera Nari\u00f1ense, Alto Pat\u00eda y Norte del Cauca, Choc\u00f3, el Gobierno nacional bajo la coordinaci\u00f3n de la Vicepresidencia de la Rep\u00fablica y con el apoyo t\u00e9cnico del Departamento Nacional de Planeaci\u00f3n y el Ministerio de Hacienda y Cr\u00e9dito P\u00fablico, dise\u00f1ar\u00e1 e implementar\u00e1 una pol\u00edtica p\u00fablica integral que contenga una hoja de ruta que priorice proyectos estrat\u00e9gicos y las asignaciones presupuestales.<\/li>\n\n\n\n<li><strong><em>FONDO PARA EL DESARROLLO DEL PLAN TODOS SOMOS\u00a0<\/em><\/strong><strong><em>P<\/em><\/strong><strong><em>AZC\u00cdFICO: (ART\u00cdCULO 235)<\/em><\/strong>\u00a0Se fortalecen los componentes del Fondo y se ampl\u00eda su cobertura a los municipios de los departamentos del Pac\u00edfico: Choc\u00f3, Valle del Cauca, Cauca y Nari\u00f1o.\u00a0<\/li>\n\n\n\n<li><em><strong>SISTEMA NACIONAL DEL MONITOREO DE LAS VIOLENCIAS BASADAS EN G\u00c9NERO. (ART\u00cdCULO 276)<\/strong><\/em>\u00a0 Se crea el sistema como mecanismo de monitoreo que permita centralizar la informaci\u00f3n de los casos individuales para evitar la revictimizaci\u00f3n y hacer un seguimiento que permita tomar acciones frente a las barreras de acceso a la justicia.<\/li>\n\n\n\n<li><em><strong>MECANISMOS DE PREVENCI\u00d3N Y ATENCI\u00d3N INTEGRAL DE\u00a0VIOLENCIAS DE LA POBLACI\u00d3N LGBTIQ+. (ART\u00cdCULO 105)<\/strong><\/em>\u00a0Conformaci\u00f3n de una instancia de coordinaci\u00f3n interinstitucional para la formulaci\u00f3n, definici\u00f3n y monitorio de rutas, procesos y procedimientos de prevenci\u00f3n, atenci\u00f3n e investigaci\u00f3n oportuna a casos de violencias contra personas con orientaciones sexuales e identidades de g\u00e9nero diversas, en conexidad con el Sistema Nacional LGBTIQ+ o quien haga sus veces.<\/li>\n\n\n\n<li><em><strong>REGLAMENTACI\u00d3N DE LA LEY 70. (ART\u00cdCULO286)\u00a0<\/strong><\/em>Plan Integral de Reglamentaci\u00f3n e Implementaci\u00f3n de la Ley 70 de 1993.\u00a0<\/li>\n\n\n\n<li><strong><em>POL\u00cdTICA PARA LA ERRADICACI\u00d3N DEL RACISMO Y LA\u00a0DISCRIMINACI\u00d3N RACIAL.\u00a0(ART\u00cdCULO 285)<\/em><\/strong>\u00a0Formulaci\u00f3n y adopci\u00f3n de una pol\u00edtica p\u00fablica para la erradicaci\u00f3n del racismo y la discriminaci\u00f3n racial de los pueblos y comunidades negras, afrocolombianas, raizales, palenqueras, ind\u00edgenas y Rrom.<\/li>\n\n\n\n<li><strong><em>AUTORIZACI\u00d3N A LA SAE PARA LA DONACI\u00d3N O DESTINACI\u00d3N DEFINITIVA DE BIENES BAJO SU ADMINISTRACI\u00d3N PARA LAS\u00a0SEDES DEL MINISTERIO DE IGUALDAD Y EQUIDAD. (ART\u00cdCULO\u00a091)<\/em><\/strong>\u00a0Autoriza disponer del 50% al gobierno nacional.<\/li>\n\n\n\n<li><em><strong>PROGRAMA NACIONAL CASAS PARA LA AUTONOM\u00cdA DE LAS MUJERES: (ART\u00cdCULO 301) \u200b<\/strong><\/em>Mecanismo de coordinaci\u00f3n de la oferta integral interinstitucional municipal y departamental, que garantice a las mujeres en toda su diversidad el acceso a programas, proyectos, servicios, acciones y medidas de la pol\u00edtica p\u00fablica dirigidas a alcanzar la equidad de g\u00e9nero y la autonom\u00eda de las mujeres con un enfoque de interseccional, \u00e9tnico- territorial y de curso de vida.<\/li>\n\n\n\n<li><strong><em>CREACI\u00d3N DEL PROGRAMA NACIONAL J\u00d3VENES EN PAZ.\u00a0(ART\u00cdCULO 281)\u00a0<\/em><\/strong>Cr\u00e9ase el Programa Nacional de J\u00f3venes en Paz, cuyo objeto es la implementaci\u00f3n de una ruta de atenci\u00f3n integral a la juventud entre los 14 y 28 a\u00f1os de edad que sean focalizados aplicando criterios de situaci\u00f3n de extrema pobreza, explotaci\u00f3n sexual, condiciones de vulnerabilidad en territorios marcados por la violencia y el conflicto armado que han sido hist\u00f3ricamente marginados y excluidos. El Programa ser\u00e1\u0301 implementado en todo el territorio nacional mediante acciones en los \u00e1mbitos de la salud emocional, mental y f\u00edsica, educaci\u00f3n, familiar, comunitario, deporte, empleo, emprendimiento, arte, cultura y formaci\u00f3n de la ciudadan\u00eda.<\/li>\n<\/ol>\n\n\n\n<p>M\u00e1s los art\u00edculos que trabajamos con la Comisi\u00f3n legal afro, las mujeres\u00a0que reconocen sus derechos<\/p>\n\n\n\n<div style=\"height:100px\" aria-hidden=\"true\" class=\"wp-block-spacer\"><\/div>\n\n\n\n<p>Fuente: Vicepresidencia de Colombia<\/p>\n","protected":false},"excerpt":{"rendered":"<p>\u201cColombia, potencia mundial de la vida\u201d \u200b\u200b\u200b ARTICULOS APROBADOS EN<\/p>\n","protected":false},"author":2,"featured_media":123,"comment_status":"open","ping_status":"closed","sticky":false,"template":"","format":"standard","meta":{"footnotes":""},"categories":[1],"tags":[4,3,5],"class_list":["post-120","post","type-post","status-publish","format-standard","has-post-thumbnail","hentry","category-uncategorized","tag-pmv","tag-pnd","tag-publicaciones-pmv"],"_links":{"self":[{"href":"https:\/\/publicaciones-pmv.co\/index.php\/wp-json\/wp\/v2\/posts\/120","targetHints":{"allow":["GET"]}}],"collection":[{"href":"https:\/\/publicaciones-pmv.co\/index.php\/wp-json\/wp\/v2\/posts"}],"about":[{"href":"https:\/\/publicaciones-pmv.co\/index.php\/wp-json\/wp\/v2\/types\/post"}],"author":[{"embeddable":true,"href":"https:\/\/publicaciones-pmv.co\/index.php\/wp-json\/wp\/v2\/users\/2"}],"replies":[{"embeddable":true,"href":"https:\/\/publicaciones-pmv.co\/index.php\/wp-json\/wp\/v2\/comments?post=120"}],"version-history":[{"count":1,"href":"https:\/\/publicaciones-pmv.co\/index.php\/wp-json\/wp\/v2\/posts\/120\/revisions"}],"predecessor-version":[{"id":124,"href":"https:\/\/publicaciones-pmv.co\/index.php\/wp-json\/wp\/v2\/posts\/120\/revisions\/124"}],"wp:featuredmedia":[{"embeddable":true,"href":"https:\/\/publicaciones-pmv.co\/index.php\/wp-json\/wp\/v2\/media\/123"}],"wp:attachment":[{"href":"https:\/\/publicaciones-pmv.co\/index.php\/wp-json\/wp\/v2\/media?parent=120"}],"wp:term":[{"taxonomy":"category","embeddable":true,"href":"https:\/\/publicaciones-pmv.co\/index.php\/wp-json\/wp\/v2\/categories?post=120"},{"taxonomy":"post_tag","embeddable":true,"href":"https:\/\/publicaciones-pmv.co\/index.php\/wp-json\/wp\/v2\/tags?post=120"}],"curies":[{"name":"wp","href":"https:\/\/api.w.org\/{rel}","templated":true}]}}